{"id":42956,"date":"2026-01-23T06:11:29","date_gmt":"2026-01-23T10:11:29","guid":{"rendered":"https:\/\/expressaoms.com.br\/?p=42956"},"modified":"2026-01-23T06:11:29","modified_gmt":"2026-01-23T10:11:29","slug":"homem-e-baleado-na-cabeca-dentro-de-apartamento-em-tres-lagoas-e-socorrido-em-estado-grave","status":"publish","type":"post","link":"https:\/\/expressaoms.com.br\/index.php\/2026\/01\/23\/homem-e-baleado-na-cabeca-dentro-de-apartamento-em-tres-lagoas-e-socorrido-em-estado-grave\/","title":{"rendered":"Homem \u00e9 baleado na cabe\u00e7a dentro de apartamento em Tr\u00eas Lagoas e socorrido em estado grave"},"content":{"rendered":"<p class=\"ds-markdown-paragraph\">Um homem de 27 anos foi socorrido em estado grav\u00edssimo na tarde desta quinta-feira (22) ap\u00f3s ser atingido por um disparo de arma de fogo na cabe\u00e7a, dentro de um apartamento no Residencial Rubens Cunha, no Conjunto Habitacional Orestinho, em Tr\u00eas Lagoas. As circunst\u00e2ncias do ocorrido s\u00e3o nebulosas e, enquanto a pol\u00edcia ouve testemunhas, uma das linhas investigadas \u00e9 a possibilidade de tentativa de autoexterm\u00ednio.<\/p>\n<p class=\"ds-markdown-paragraph\">A v\u00edtima foi identificada como Ca\u00edque de Oliveira da Silva. De acordo com relatos colhidos pela Pol\u00edcia Militar no local, ele estava no apartamento acompanhado de um amigo. Por volta das 15h, o amigo teria sa\u00eddo para comprar bebidas. Ao se afastar alguns metros do pr\u00e9dio, ouviu um \u00fanico estampido. Preocupado, retornou imediatamente e encontrou Ca\u00edque ca\u00eddo e desacordado no ch\u00e3o da cozinha, com um ferimento de bala na cabe\u00e7a.<\/p>\n<p class=\"ds-markdown-paragraph\">O Servi\u00e7o de Atendimento M\u00f3vel de Urg\u00eancia (Samu) foi acionado rapidamente. Ao chegar, as equipes m\u00e9dicas constataram que a v\u00edtima estava em parada cardiorrespirat\u00f3ria. Ap\u00f3s intensas manobras de reanima\u00e7\u00e3o, que duraram v\u00e1rios minutos, Ca\u00edque respondeu aos est\u00edmulos e recuperou os sinais vitais. Ele foi estabilizado no local e, em seguida, transportado em estado cr\u00edtico para o Hospital Auxiliadora, onde permanece internado.<\/p>\n<p class=\"ds-markdown-paragraph\">Durante os primeiros socorros e o contato com populares, amigos de Ca\u00edque relataram aos policiais que ele era natural de Ribas do Rio Pardo, havia se separado recentemente e estava em Tr\u00eas Lagoas para participar de uma audi\u00eancia no F\u00f3rum da comarca. Segundo eles, a v\u00edtima n\u00e3o demonstrava sinais aparentes de sofrimento emocional.<\/p>\n<p class=\"ds-markdown-paragraph\">No entanto, uma linha de apura\u00e7\u00e3o surgiu a partir de coment\u00e1rios de conhecidos no local. Eles levantaram a possibilidade de Ca\u00edque ter gravado e publicado um v\u00eddeo em uma rede social momentos antes do ocorrido, sugerindo uma tentativa de autoexterm\u00ednio. At\u00e9 o momento, essa grava\u00e7\u00e3o n\u00e3o foi localizada ou apresentada \u00e0s autoridades. Tamb\u00e9m n\u00e3o foi encontrada nenhuma arma de fogo dentro do apartamento.<\/p>\n<p class=\"ds-markdown-paragraph\">O amigo que estava com a v\u00edtima, uma mulher que tamb\u00e9m se encontrava no im\u00f3vel e uma terceira pessoa que teria auxiliado no primeiro momento foram conduzidos \u00e0 3\u00aa Delegacia de Pol\u00edcia Civil para prestar esclarecimentos.<\/p>\n<p class=\"ds-markdown-paragraph\">Um fator que pode dificultar significativamente o trabalho das autoridades, caso seja necess\u00e1rio, \u00e9 a falta de preserva\u00e7\u00e3o do local do crime. A per\u00edcia t\u00e9cnica n\u00e3o foi acionada e a \u00e1rea n\u00e3o foi isolada, pois o foco inicial das equipes foi exclusivamente o salvamento da v\u00edtima. Qualquer evid\u00eancia material pode ter sido comprometida, o que inviabiliza uma an\u00e1lise t\u00e9cnica conclusiva sobre a din\u00e2mica do disparo.<\/p>\n<p class=\"ds-markdown-paragraph\">O caso, por ora, \u00e9 tratado como um &#8220;ocorr\u00eancia de les\u00e3o corporal&#8221; at\u00e9 que novos elementos \u2013 como o poss\u00edvel v\u00eddeo, o depoimento formal das testemunhas ou o surgimento de outras provas \u2013 possam definir com clareza se o disparo foi acidental, uma tentativa contra a pr\u00f3pria vida ou resultante de interven\u00e7\u00e3o de terceiros. O estado de sa\u00fade de Ca\u00edque \u00e9 determinante para que ele pr\u00f3prio possa relatar o que aconteceu.<\/p>\n","protected":false},"excerpt":{"rendered":"<p>Um homem de 27 anos foi socorrido em estado grav\u00edssimo na tarde desta quinta-feira (22) ap\u00f3s ser atingido por um disparo de arma de fogo na cabe\u00e7a, dentro de um apartamento no Residencial Rubens Cunha, no Conjunto Habitacional Orestinho, em Tr\u00eas Lagoas. As circunst\u00e2ncias do ocorrido s\u00e3o nebulosas e, enquanto a pol\u00edcia ouve testemunhas, uma [&hellip;]<\/p>\n","protected":false},"author":5,"featured_media":42957,"comment_status":"open","ping_status":"open","sticky":false,"template":"","format":"standard","meta":{"om_disable_all_campaigns":false,"_monsterinsights_skip_tracking":false,"_monsterinsights_sitenote_active":false,"_monsterinsights_sitenote_note":"","_monsterinsights_sitenote_category":0,"footnotes":""},"categories":[30,266,193,48],"tags":[],"aioseo_notices":[],"_links":{"self":[{"href":"https:\/\/expressaoms.com.br\/index.php\/wp-json\/wp\/v2\/posts\/42956"}],"collection":[{"href":"https:\/\/expressaoms.com.br\/index.php\/wp-json\/wp\/v2\/posts"}],"about":[{"href":"https:\/\/expressaoms.com.br\/index.php\/wp-json\/wp\/v2\/types\/post"}],"author":[{"embeddable":true,"href":"https:\/\/expressaoms.com.br\/index.php\/wp-json\/wp\/v2\/users\/5"}],"replies":[{"embeddable":true,"href":"https:\/\/expressaoms.com.br\/index.php\/wp-json\/wp\/v2\/comments?post=42956"}],"version-history":[{"count":1,"href":"https:\/\/expressaoms.com.br\/index.php\/wp-json\/wp\/v2\/posts\/42956\/revisions"}],"predecessor-version":[{"id":42958,"href":"https:\/\/expressaoms.com.br\/index.php\/wp-json\/wp\/v2\/posts\/42956\/revisions\/42958"}],"wp:featuredmedia":[{"embeddable":true,"href":"https:\/\/expressaoms.com.br\/index.php\/wp-json\/wp\/v2\/media\/42957"}],"wp:attachment":[{"href":"https:\/\/expressaoms.com.br\/index.php\/wp-json\/wp\/v2\/media?parent=42956"}],"wp:term":[{"taxonomy":"category","embeddable":true,"href":"https:\/\/expressaoms.com.br\/index.php\/wp-json\/wp\/v2\/categories?post=42956"},{"taxonomy":"post_tag","embeddable":true,"href":"https:\/\/expressaoms.com.br\/index.php\/wp-json\/wp\/v2\/tags?post=42956"}],"curies":[{"name":"wp","href":"https:\/\/api.w.org\/{rel}","templated":true}]}}