{"id":42959,"date":"2026-01-23T06:19:32","date_gmt":"2026-01-23T10:19:32","guid":{"rendered":"https:\/\/expressaoms.com.br\/?p=42959"},"modified":"2026-01-23T06:19:32","modified_gmt":"2026-01-23T10:19:32","slug":"justica-nao-localiza-ex-servidor-do-detran-ms-acusado-de-fraudes-processo-fica-parado-pela-segunda-vez","status":"publish","type":"post","link":"https:\/\/expressaoms.com.br\/index.php\/2026\/01\/23\/justica-nao-localiza-ex-servidor-do-detran-ms-acusado-de-fraudes-processo-fica-parado-pela-segunda-vez\/","title":{"rendered":"Justi\u00e7a n\u00e3o localiza ex-servidor do Detran-MS acusado de fraudes; processo fica parado pela segunda vez"},"content":{"rendered":"<p class=\"ds-markdown-paragraph\">A a\u00e7\u00e3o penal contra o ex-servidor comissionado do Departamento Estadual de Tr\u00e2nsito de Mato Grosso do Sul (Detran-MS) Ricardo Vinicius Nascimento Valente, acusado de operar fraudes no sistema do \u00f3rg\u00e3o, permanece parada pela segunda vez consecutiva. A Justi\u00e7a n\u00e3o conseguiu localiz\u00e1-lo para efetuar a cita\u00e7\u00e3o, etapa essencial para que o processo siga seu curso normal.<\/p>\n<p class=\"ds-markdown-paragraph\">De acordo com certid\u00e3o do oficial de Justi\u00e7a, na semana passada foi realizada dilig\u00eancia ao endere\u00e7o fornecido pelo Minist\u00e9rio P\u00fablico Estadual (MP-MS). No local, no entanto, constatou-se que o im\u00f3vel est\u00e1 desocupado e com placa de &#8220;aluga-se&#8221;. Esta j\u00e1 \u00e9 a segunda tentativa frustrada de intimar Valente. A primeira ocorreu em outubro de 2023, quando um funcion\u00e1rio do edif\u00edcio informou que o ex-servidor teria se mudado h\u00e1 cerca de tr\u00eas anos.<\/p>\n<p class=\"ds-markdown-paragraph\">Enquanto o r\u00e9u n\u00e3o \u00e9 formalmente citado, o processo n\u00e3o avan\u00e7a. Cabe agora ao MP indicar novos meios para tentar localiz\u00e1-lo. A \u00faltima alternativa prevista em lei \u00e9 a cita\u00e7\u00e3o por edital, publicada no Di\u00e1rio Oficial da Justi\u00e7a. Se isso ocorrer, Valente ser\u00e1 considerado intimado e a a\u00e7\u00e3o penal poder\u00e1 seguir seu tr\u00e2mite.<\/p>\n<p class=\"ds-markdown-paragraph\">As den\u00fancias contra Valente referem-se a supostos crimes cometidos em 2021, mas que s\u00f3 tiveram o inqu\u00e9rito encaminhado \u00e0 Justi\u00e7a em maio de 2024. At\u00e9 a den\u00fancia ser oferecida, em setembro do ano passado, a Pol\u00edcia Civil solicitou e obteve do MP 11 dilata\u00e7\u00f5es de prazo para as investiga\u00e7\u00f5es.<\/p>\n<p class=\"ds-markdown-paragraph\">Em uma das acusa\u00e7\u00f5es, o MP afirma que o ex-servidor alterou ilegalmente no sistema SGI\/RENAVAN o n\u00famero de eixos de um caminh\u00e3o, de tr\u00eas para quatro, mediante o recebimento de propina. &#8220;Salienta-se que n\u00e3o foi obedecido o procedimento legal para a modifica\u00e7\u00e3o veicular, de modo que o Denunciado alterou as informa\u00e7\u00f5es verdadeiras, inserindo informa\u00e7\u00f5es falsas&#8221;, diz a den\u00fancia.<\/p>\n<p class=\"ds-markdown-paragraph\">No outro caso, Valente teria feito altera\u00e7\u00f5es em processo que estava na ag\u00eancia do Detran de Miranda, local onde nem era lotado. Durante interrogat\u00f3rio policial, ele disse ser &#8220;humanamente imposs\u00edvel&#8221; se lembrar da altera\u00e7\u00e3o, alegando que, na \u00e9poca, atendia cerca de 100 pessoas por dia.<\/p>\n<p class=\"ds-markdown-paragraph\">Ricardo Valente foi nomeado para o cargo em comiss\u00e3o de dire\u00e7\u00e3o executiva do Detran-MS em maio de 2016, com sal\u00e1rio inicial de R$ 4.175,63. Foi exonerado em setembro de 2023 \u2013 j\u00e1 recebendo R$ 10.010,00 \u2013 na mesma publica\u00e7\u00e3o que demitiu Joaci Nonato Rezende, ex-gerente da ag\u00eancia de Rio Negro, tamb\u00e9m r\u00e9u por fraudes no \u00f3rg\u00e3o.<\/p>\n<p class=\"ds-markdown-paragraph\">O caso se insere no amplo esquema de corrup\u00e7\u00e3o no Detran-MS, investigado na Opera\u00e7\u00e3o Mir\u00edade. Joaci Rezende \u00e9 primo do deputado federal Beto Pereira, citado pelo despachante e colaborador David Chita como suposto &#8220;chefe&#8221; do esquema. Chita, que j\u00e1 foi condenado e esteve foragido, foi preso em dezembro de 2023 ap\u00f3s alegar risco de morte.<\/p>\n<p class=\"ds-markdown-paragraph\">Ele tentou firmar um acordo de colabora\u00e7\u00e3o premiada com as autoridades de Mato Grosso do Sul, prometendo entregar pol\u00edticos e servidores de alto escal\u00e3o que seriam os verdadeiros mandantes do esquema. Nenhuma proposta foi aceita. Desde ent\u00e3o, Chita sustenta que houve um &#8220;acordo&#8221; para responsabilizar apenas os &#8220;peixes pequenos&#8221;, operadores diretos das fraudes, poupando os supostos chefes.<\/p>\n","protected":false},"excerpt":{"rendered":"<p>A a\u00e7\u00e3o penal contra o ex-servidor comissionado do Departamento Estadual de Tr\u00e2nsito de Mato Grosso do Sul (Detran-MS) Ricardo Vinicius Nascimento Valente, acusado de operar fraudes no sistema do \u00f3rg\u00e3o, permanece parada pela segunda vez consecutiva. A Justi\u00e7a n\u00e3o conseguiu localiz\u00e1-lo para efetuar a cita\u00e7\u00e3o, etapa essencial para que o processo siga seu curso normal. [&hellip;]<\/p>\n","protected":false},"author":5,"featured_media":42960,"comment_status":"open","ping_status":"open","sticky":false,"template":"","format":"standard","meta":{"om_disable_all_campaigns":false,"_monsterinsights_skip_tracking":false,"_monsterinsights_sitenote_active":false,"_monsterinsights_sitenote_note":"","_monsterinsights_sitenote_category":0,"footnotes":""},"categories":[30,266,42,193],"tags":[],"aioseo_notices":[],"_links":{"self":[{"href":"https:\/\/expressaoms.com.br\/index.php\/wp-json\/wp\/v2\/posts\/42959"}],"collection":[{"href":"https:\/\/expressaoms.com.br\/index.php\/wp-json\/wp\/v2\/posts"}],"about":[{"href":"https:\/\/expressaoms.com.br\/index.php\/wp-json\/wp\/v2\/types\/post"}],"author":[{"embeddable":true,"href":"https:\/\/expressaoms.com.br\/index.php\/wp-json\/wp\/v2\/users\/5"}],"replies":[{"embeddable":true,"href":"https:\/\/expressaoms.com.br\/index.php\/wp-json\/wp\/v2\/comments?post=42959"}],"version-history":[{"count":1,"href":"https:\/\/expressaoms.com.br\/index.php\/wp-json\/wp\/v2\/posts\/42959\/revisions"}],"predecessor-version":[{"id":42961,"href":"https:\/\/expressaoms.com.br\/index.php\/wp-json\/wp\/v2\/posts\/42959\/revisions\/42961"}],"wp:featuredmedia":[{"embeddable":true,"href":"https:\/\/expressaoms.com.br\/index.php\/wp-json\/wp\/v2\/media\/42960"}],"wp:attachment":[{"href":"https:\/\/expressaoms.com.br\/index.php\/wp-json\/wp\/v2\/media?parent=42959"}],"wp:term":[{"taxonomy":"category","embeddable":true,"href":"https:\/\/expressaoms.com.br\/index.php\/wp-json\/wp\/v2\/categories?post=42959"},{"taxonomy":"post_tag","embeddable":true,"href":"https:\/\/expressaoms.com.br\/index.php\/wp-json\/wp\/v2\/tags?post=42959"}],"curies":[{"name":"wp","href":"https:\/\/api.w.org\/{rel}","templated":true}]}}