{"id":42963,"date":"2026-01-23T09:36:41","date_gmt":"2026-01-23T13:36:41","guid":{"rendered":"https:\/\/expressaoms.com.br\/?p=42963"},"modified":"2026-01-23T09:36:41","modified_gmt":"2026-01-23T13:36:41","slug":"mpms-instaura-procedimento-para-fiscalizar-cumprimento-de-tac-sobre-controladoria-em-agua-clara","status":"publish","type":"post","link":"https:\/\/expressaoms.com.br\/index.php\/2026\/01\/23\/mpms-instaura-procedimento-para-fiscalizar-cumprimento-de-tac-sobre-controladoria-em-agua-clara\/","title":{"rendered":"MPMS instaura procedimento para fiscalizar cumprimento de TAC sobre Controladoria em \u00c1gua Clara"},"content":{"rendered":"<p class=\"u-text--justified\">A 1\u00aa Promotoria de Justi\u00e7a de \u00c1gua Clara instaurou procedimento administrativo para fiscalizar o cumprimento do Termo de Ajustamento de Conduta (TAC) firmado entre o Minist\u00e9rio P\u00fablico Estadual e a prefeitura de \u00c1gua Clara.<\/p>\n<p class=\"u-text--justified\">Assinado em outubro de 2025, o compromisso estabelece medidas obrigat\u00f3rias para a regulariza\u00e7\u00e3o da estrutura, do funcionamento e da autonomia da Controladoria Interna Municipal, incluindo a reestrutura\u00e7\u00e3o da unidade central de controle e a garantia de independ\u00eancia funcional ao cargo de Controlador-Geral.<\/p>\n<p class=\"u-text--justified\">Segundo o Minist\u00e9rio P\u00fablico de Mato Grosso do Sul (MPMS), as exig\u00eancias decorrem de normas constitucionais e legais que regem a administra\u00e7\u00e3o p\u00fablica e est\u00e3o alinhadas aos princ\u00edpios da legalidade, impessoalidade, moralidade, publicidade e efici\u00eancia, previstos na Constitui\u00e7\u00e3o Federal.<\/p>\n<p class=\"u-text--justified\">Com a instaura\u00e7\u00e3o do procedimento, o MPMS passa a monitorar de forma sistem\u00e1tica as a\u00e7\u00f5es adotadas pela prefeitura de \u00c1gua Clara para aperfei\u00e7oar sua estrutura de controle interno, considerada essencial para a transpar\u00eancia, a preven\u00e7\u00e3o de irregularidades e o fortalecimento da gest\u00e3o p\u00fablica.<\/p>\n","protected":false},"excerpt":{"rendered":"<p>A 1\u00aa Promotoria de Justi\u00e7a de \u00c1gua Clara instaurou procedimento administrativo para fiscalizar o cumprimento do Termo de Ajustamento de Conduta (TAC) firmado entre o Minist\u00e9rio P\u00fablico Estadual e a prefeitura de \u00c1gua Clara. Assinado em outubro de 2025, o compromisso estabelece medidas obrigat\u00f3rias para a regulariza\u00e7\u00e3o da estrutura, do funcionamento e da autonomia da [&hellip;]<\/p>\n","protected":false},"author":3,"featured_media":42964,"comment_status":"open","ping_status":"open","sticky":false,"template":"","format":"standard","meta":{"om_disable_all_campaigns":false,"_monsterinsights_skip_tracking":false,"_monsterinsights_sitenote_active":false,"_monsterinsights_sitenote_note":"","_monsterinsights_sitenote_category":0,"footnotes":""},"categories":[189,37,193],"tags":[],"aioseo_notices":[],"_links":{"self":[{"href":"https:\/\/expressaoms.com.br\/index.php\/wp-json\/wp\/v2\/posts\/42963"}],"collection":[{"href":"https:\/\/expressaoms.com.br\/index.php\/wp-json\/wp\/v2\/posts"}],"about":[{"href":"https:\/\/expressaoms.com.br\/index.php\/wp-json\/wp\/v2\/types\/post"}],"author":[{"embeddable":true,"href":"https:\/\/expressaoms.com.br\/index.php\/wp-json\/wp\/v2\/users\/3"}],"replies":[{"embeddable":true,"href":"https:\/\/expressaoms.com.br\/index.php\/wp-json\/wp\/v2\/comments?post=42963"}],"version-history":[{"count":1,"href":"https:\/\/expressaoms.com.br\/index.php\/wp-json\/wp\/v2\/posts\/42963\/revisions"}],"predecessor-version":[{"id":42965,"href":"https:\/\/expressaoms.com.br\/index.php\/wp-json\/wp\/v2\/posts\/42963\/revisions\/42965"}],"wp:featuredmedia":[{"embeddable":true,"href":"https:\/\/expressaoms.com.br\/index.php\/wp-json\/wp\/v2\/media\/42964"}],"wp:attachment":[{"href":"https:\/\/expressaoms.com.br\/index.php\/wp-json\/wp\/v2\/media?parent=42963"}],"wp:term":[{"taxonomy":"category","embeddable":true,"href":"https:\/\/expressaoms.com.br\/index.php\/wp-json\/wp\/v2\/categories?post=42963"},{"taxonomy":"post_tag","embeddable":true,"href":"https:\/\/expressaoms.com.br\/index.php\/wp-json\/wp\/v2\/tags?post=42963"}],"curies":[{"name":"wp","href":"https:\/\/api.w.org\/{rel}","templated":true}]}}