{"id":42968,"date":"2026-01-23T10:20:01","date_gmt":"2026-01-23T14:20:01","guid":{"rendered":"https:\/\/expressaoms.com.br\/?p=42968"},"modified":"2026-01-23T10:20:01","modified_gmt":"2026-01-23T14:20:01","slug":"em-ms-um-novo-mei-e-aberto-a-cada-5-minutos-formalizacao-dispara-16-no-ano","status":"publish","type":"post","link":"https:\/\/expressaoms.com.br\/index.php\/2026\/01\/23\/em-ms-um-novo-mei-e-aberto-a-cada-5-minutos-formalizacao-dispara-16-no-ano\/","title":{"rendered":"Em MS, um novo MEI \u00e9 aberto a cada 5 minutos; formaliza\u00e7\u00e3o dispara 16% no ano"},"content":{"rendered":"<div class=\"ds-message _63c77b1\">\n<div class=\"ds-markdown\">\n<p class=\"ds-markdown-paragraph\">Nos 12 meses de 2025, Mato Grosso do Sul testemunhou a abertura de\u00a051.651 novos registros de Microempreendedores Individuais (MEIs), consolidando uma m\u00e9dia impressionante de\u00a0mais de 204 novos neg\u00f3cios por dia \u00fatil\u00a0(considerando os 253 dias \u00fateis do ano) ou\u00a04.304 por m\u00eas. Os n\u00fameros, divulgados pela Receita Federal e compilados pelo Sebrae-MS, revelam um vigoroso movimento de formaliza\u00e7\u00e3o no estado.<\/p>\n<p class=\"ds-markdown-paragraph\">O total de MEIs ativos \u2013 somando novas aberturas, registros antigos e descontando os fechamentos \u2013 saltou de\u00a0147.706 em 2024 para 171.478 em 2025, um crescimento expressivo de\u00a016%\u00a0em um ano. Atualmente, quase 70% dos CNPJs ativos no pa\u00eds s\u00e3o de MEIs, conforme aponta o economista Renato Gomes.<\/p>\n<p class=\"ds-markdown-paragraph\">&#8220;Podemos atrelar esse aumento elevado ao custo que a contrata\u00e7\u00e3o pela modalidade CLT imp\u00f5e ao or\u00e7amento das empresas. Por essa raz\u00e3o, o MEI se torna uma alternativa de contrata\u00e7\u00e3o mais barata&#8221;, detalha Gomes.<\/p>\n<p class=\"ds-markdown-paragraph\">O economista Eduardo Matos aprofunda a an\u00e1lise, destacando um fen\u00f4meno conhecido como &#8220;pejotiza\u00e7\u00e3o&#8221;. &#8220;Em primeiro lugar, n\u00f3s devemos considerar os motivos dessa pr\u00e1tica, que \u00e9 como chamamos quando as empresas contratam seu corpo de recursos humanos por contratos de MEI. Com isso, uma s\u00e9rie de direitos trabalhistas n\u00e3o s\u00e3o pagos, como o recolhimento obrigat\u00f3rio do INSS, FGTS e, em caso de demiss\u00e3o, n\u00e3o h\u00e1 multa rescis\u00f3ria&#8221;, explicou.<\/p>\n<p class=\"ds-markdown-paragraph\">Segundo Matos, essa din\u00e2mica reduz significativamente os custos de contrata\u00e7\u00e3o e demiss\u00e3o para as empresas, incentivando o registro como MEI, mas muitas vezes em uma rela\u00e7\u00e3o de depend\u00eancia laboral.<\/p>\n<p class=\"ds-markdown-paragraph\">Com uma popula\u00e7\u00e3o de mais de 98,5 mil habitantes,\u00a0Ponta Por\u00e3\u00a0emerge como o munic\u00edpio com o maior crescimento no n\u00famero de MEIs entre as principais cidades sul-mato-grossenses (Campo Grande, Dourados, Tr\u00eas Lagoas e Corumb\u00e1). O aumento de formaliza\u00e7\u00f5es no per\u00edodo de 2021 a 2025 alcan\u00e7ou\u00a032,48%.<\/p>\n<p class=\"ds-markdown-paragraph\">Dentro do munic\u00edpio, setores espec\u00edficos se destacam:<\/p>\n<ul>\n<li>\n<p class=\"ds-markdown-paragraph\"><strong>Servi\u00e7os de beleza:<\/strong>\u00a0Cabeleireiros, manicures e pedicures passaram de 266 neg\u00f3cios em 2021 para 340 em 2025.<\/p>\n<\/li>\n<li>\n<p class=\"ds-markdown-paragraph\"><strong>Entregadores (malote n\u00e3o-Correios):<\/strong>\u00a0Esta foi a atividade de crescimento mais explosivo, com um salto de\u00a0<strong>473%<\/strong>\u00a0nos \u00faltimos cinco anos (de 15 para 86 empreendedores).<\/p>\n<\/li>\n<li>\n<p class=\"ds-markdown-paragraph\"><strong>Consulta m\u00e9dica ambulatorial:<\/strong>\u00a0Atividade ligada a modalidades mais acess\u00edveis que planos de sa\u00fade tradicionais, cresceu\u00a0<strong>109%<\/strong>\u00a0(de 73 para 125 neg\u00f3cios).<\/p>\n<\/li>\n<\/ul>\n<p class=\"ds-markdown-paragraph\">Este cen\u00e1rio \u00e9 impulsionado por um ambiente de investimentos. A cidade \u00e9 benefici\u00e1ria do projeto\u00a0<em>Desenvolvimento na Faixa de Fronteira<\/em>, do Mercosul, com\u00a0US$ 9,6 milh\u00f5es\u00a0(cerca de R$ 51,6 milh\u00f5es) direcionados a obras log\u00edsticas e de controle fronteiri\u00e7o. H\u00e1 tamb\u00e9m o programa\u00a0<em>Avan\u00e7a Ponta Por\u00e3<\/em>, com previs\u00e3o de R$ 300 milh\u00f5es em investimentos estatais. Do lado paraguaio, em Pedro Juan Caballero, s\u00e3o mais US$ 220 milh\u00f5es injetados desde 2019.<\/p>\n<p class=\"ds-markdown-paragraph\">&#8220;Constata-se que a coopera\u00e7\u00e3o financeira, principalmente em munic\u00edpios fronteiri\u00e7os, permitiu resultados em termos de impacto positivo para o desenvolvimento econ\u00f4mico regional&#8221;, analisam pesquisadores do Instituto Avan\u00e7ado de Ensino Superior e Desenvolvimento Humano (Insted).<\/p>\n<p class=\"ds-markdown-paragraph\">Entre as principais economias do estado:<\/p>\n<ul>\n<li>\n<p class=\"ds-markdown-paragraph\"><strong>Dourados<\/strong>\u00a0aparece em segundo lugar em crescimento no per\u00edodo (29,9%).<\/p>\n<\/li>\n<li>\n<p class=\"ds-markdown-paragraph\"><strong>Tr\u00eas Lagoas<\/strong>, na regi\u00e3o da celulose, registrou crescimento m\u00e9dio anual de 4,52% e 24,46% no per\u00edodo de cinco anos.<\/p>\n<\/li>\n<li>\n<p class=\"ds-markdown-paragraph\"><strong>Campo Grande<\/strong>, a capital, manteve crescimento consistente, mas menos destacado (22,7% no per\u00edodo).<\/p>\n<\/li>\n<li>\n<p class=\"ds-markdown-paragraph\"><strong>Corumb\u00e1<\/strong>\u00a0teve o menor \u00edndice de crescimento m\u00e9dio anual (2,90%) e foi a \u00fanica a registrar uma leve queda (inferior a 1%) entre 2023 e 2024, recuperando-se com um crescimento de 8,92% entre 2024 e 2025.<\/p>\n<\/li>\n<\/ul>\n<p class=\"ds-markdown-paragraph\">Nivaldo Domingos da Rocha, presidente da Junta Comercial de MS (Jucems), atribui parte do crescimento \u00e0s melhorias na burocracia. &#8220;Com o apoio da Semadesc e do Sebrae, estamos oferecendo ferramentas digitais cada vez mais \u00e1geis e transparentes, o que facilita a abertura de neg\u00f3cios e estimula o empreendedorismo em todo o Estado&#8221;, afirmou.<\/p>\n<p class=\"ds-markdown-paragraph\">Os dados pintam um retrato de um Mato Grosso do Sul em franca ebuli\u00e7\u00e3o empreendedora, impulsionado por fatores econ\u00f4micos estruturais, investimentos regionais e uma din\u00e2mica de mercado que favorece a formaliza\u00e7\u00e3o individual, ainda que sob a perspectiva cr\u00edtica da precariza\u00e7\u00e3o das rela\u00e7\u00f5es de trabalho em alguns casos.<\/p>\n<\/div>\n<\/div>\n<div class=\"ds-theme\"><\/div>\n<div class=\"ds-flex _0a3d93b\">\n<div class=\"ds-flex _965abe9\">\n<div class=\"db183363 ds-icon-button ds-icon-button--m ds-icon-button--sizing-container\" tabindex=\"0\" role=\"button\" aria-disabled=\"false\">\n<div class=\"ds-icon-button__hover-bg\"><\/div>\n<div class=\"ds-icon\"><\/div>\n<div class=\"ds-focus-ring\"><\/div>\n<\/div>\n<div class=\"db183363 ds-icon-button ds-icon-button--m ds-icon-button--sizing-container\" tabindex=\"0\" role=\"button\" aria-disabled=\"false\">\n<div class=\"ds-icon-button__hover-bg\"><\/div>\n<div class=\"ds-icon\"><\/div>\n<div class=\"ds-focus-ring\"><\/div>\n<\/div>\n<div class=\"db183363 ds-icon-button ds-icon-button--m ds-icon-button--sizing-container\" tabindex=\"0\" role=\"button\" aria-disabled=\"false\">\n<div class=\"ds-icon-button__hover-bg\"><\/div>\n<div class=\"ds-icon\"><\/div>\n<div class=\"ds-focus-ring\"><\/div>\n<\/div>\n<div class=\"db183363 ds-icon-button ds-icon-button--m ds-icon-button--sizing-container\" tabindex=\"0\" role=\"button\" aria-disabled=\"false\">\n<div class=\"ds-icon-button__hover-bg\"><\/div>\n<div class=\"ds-icon\"><\/div>\n<div class=\"ds-focus-ring\"><\/div>\n<\/div>\n<div class=\"db183363 ds-icon-button ds-icon-button--m ds-icon-button--sizing-container\" tabindex=\"0\" role=\"button\" aria-disabled=\"false\">\n<div class=\"ds-icon-button__hover-bg\"><\/div>\n<div class=\"ds-icon\"><\/div>\n<\/div>\n<\/div>\n<\/div>\n","protected":false},"excerpt":{"rendered":"<p>Nos 12 meses de 2025, Mato Grosso do Sul testemunhou a abertura de\u00a051.651 novos registros de Microempreendedores Individuais (MEIs), consolidando uma m\u00e9dia impressionante de\u00a0mais de 204 novos neg\u00f3cios por dia \u00fatil\u00a0(considerando os 253 dias \u00fateis do ano) ou\u00a04.304 por m\u00eas. Os n\u00fameros, divulgados pela Receita Federal e compilados pelo Sebrae-MS, revelam um vigoroso movimento de [&hellip;]<\/p>\n","protected":false},"author":5,"featured_media":42969,"comment_status":"open","ping_status":"open","sticky":false,"template":"","format":"standard","meta":{"om_disable_all_campaigns":false,"_monsterinsights_skip_tracking":false,"_monsterinsights_sitenote_active":false,"_monsterinsights_sitenote_note":"","_monsterinsights_sitenote_category":0,"footnotes":""},"categories":[30,31,266,193],"tags":[],"aioseo_notices":[],"_links":{"self":[{"href":"https:\/\/expressaoms.com.br\/index.php\/wp-json\/wp\/v2\/posts\/42968"}],"collection":[{"href":"https:\/\/expressaoms.com.br\/index.php\/wp-json\/wp\/v2\/posts"}],"about":[{"href":"https:\/\/expressaoms.com.br\/index.php\/wp-json\/wp\/v2\/types\/post"}],"author":[{"embeddable":true,"href":"https:\/\/expressaoms.com.br\/index.php\/wp-json\/wp\/v2\/users\/5"}],"replies":[{"embeddable":true,"href":"https:\/\/expressaoms.com.br\/index.php\/wp-json\/wp\/v2\/comments?post=42968"}],"version-history":[{"count":1,"href":"https:\/\/expressaoms.com.br\/index.php\/wp-json\/wp\/v2\/posts\/42968\/revisions"}],"predecessor-version":[{"id":42970,"href":"https:\/\/expressaoms.com.br\/index.php\/wp-json\/wp\/v2\/posts\/42968\/revisions\/42970"}],"wp:featuredmedia":[{"embeddable":true,"href":"https:\/\/expressaoms.com.br\/index.php\/wp-json\/wp\/v2\/media\/42969"}],"wp:attachment":[{"href":"https:\/\/expressaoms.com.br\/index.php\/wp-json\/wp\/v2\/media?parent=42968"}],"wp:term":[{"taxonomy":"category","embeddable":true,"href":"https:\/\/expressaoms.com.br\/index.php\/wp-json\/wp\/v2\/categories?post=42968"},{"taxonomy":"post_tag","embeddable":true,"href":"https:\/\/expressaoms.com.br\/index.php\/wp-json\/wp\/v2\/tags?post=42968"}],"curies":[{"name":"wp","href":"https:\/\/api.w.org\/{rel}","templated":true}]}}