{"id":42971,"date":"2026-01-23T13:28:17","date_gmt":"2026-01-23T17:28:17","guid":{"rendered":"https:\/\/expressaoms.com.br\/?p=42971"},"modified":"2026-01-23T10:30:05","modified_gmt":"2026-01-23T14:30:05","slug":"inscricoes-para-o-sisu-2026-terminam-hoje-ms-oferece-mais-de-64-mil-vagas-em-instituicoes-federais-e-estaduais","status":"publish","type":"post","link":"https:\/\/expressaoms.com.br\/index.php\/2026\/01\/23\/inscricoes-para-o-sisu-2026-terminam-hoje-ms-oferece-mais-de-64-mil-vagas-em-instituicoes-federais-e-estaduais\/","title":{"rendered":"Inscri\u00e7\u00f5es para o Sisu 2026 terminam hoje; MS oferece mais de 6,4 mil vagas em institui\u00e7\u00f5es federais e estaduais"},"content":{"rendered":"<div class=\"ds-message _63c77b1\">\n<div class=\"ds-markdown\">\n<p class=\"ds-markdown-paragraph\">As inscri\u00e7\u00f5es para o\u00a0Sistema de Sele\u00e7\u00e3o Unificada (Sisu) 2026\u00a0terminam nesta sexta-feira (23) em todo o Brasil. Os candidatos t\u00eam at\u00e9 o fim do dia para escolher entre as vagas ofertadas por institui\u00e7\u00f5es p\u00fablicas de ensino superior utilizando as notas do\u00a0Exame Nacional do Ensino M\u00e9dio (Enem). O per\u00edodo de inscri\u00e7\u00e3o come\u00e7ou na \u00faltima segunda-feira (19).<\/p>\n<p class=\"ds-markdown-paragraph\">Em\u00a0Mato Grosso do Sul, est\u00e3o dispon\u00edveis\u00a06.434 vagas\u00a0em quatro institui\u00e7\u00f5es:<\/p>\n<ul>\n<li>\n<p class=\"ds-markdown-paragraph\"><strong>Universidade Federal de Mato Grosso do Sul (UFMS):<\/strong>\u00a03.233 vagas<\/p>\n<\/li>\n<li>\n<p class=\"ds-markdown-paragraph\"><strong>Universidade Estadual de Mato Grosso do Sul (UEMS):<\/strong>\u00a01.284 vagas<\/p>\n<\/li>\n<li>\n<p class=\"ds-markdown-paragraph\"><strong>Universidade Federal da Grande Dourados (UFGD):<\/strong>\u00a0957 vagas<\/p>\n<\/li>\n<li>\n<p class=\"ds-markdown-paragraph\"><strong>Instituto Federal de Mato Grosso do Sul (IFMS):<\/strong>\u00a0960 vagas<\/p>\n<\/li>\n<\/ul>\n<p class=\"ds-markdown-paragraph\">As inscri\u00e7\u00f5es s\u00e3o gratuitas e devem ser feitas exclusivamente no\u00a0site oficial do Sisu. Cada candidato pode se inscrever em\u00a0at\u00e9 duas op\u00e7\u00f5es de curso, com a possibilidade de alterar suas escolhas quantas vezes desejar durante todo o per\u00edodo de inscri\u00e7\u00e3o.<\/p>\n<p class=\"ds-markdown-paragraph\">O Sisu \u00e9 um programa do\u00a0Minist\u00e9rio da Educa\u00e7\u00e3o (MEC)\u00a0que centraliza a oferta de vagas em universidades federais e estaduais de todo o pa\u00eds. A sele\u00e7\u00e3o \u00e9 feita automaticamente com base na\u00a0nota do Enem.<\/p>\n<p class=\"ds-markdown-paragraph\">Nesta edi\u00e7\u00e3o, uma novidade beneficia os candidatos: o sistema considera automaticamente a\u00a0melhor nota obtida pelo estudante nas edi\u00e7\u00f5es do Enem de 2023, 2024 e 2025. Para concorrer, \u00e9 obrigat\u00f3rio ter conclu\u00eddo o Ensino M\u00e9dio, obtido nota maior que zero na reda\u00e7\u00e3o e n\u00e3o ter participado do exame como treineiro.<\/p>\n<p class=\"ds-markdown-paragraph\">O cronograma ap\u00f3s o encerramento das inscri\u00e7\u00f5es \u00e9 o seguinte:<\/p>\n<ul>\n<li>\n<p class=\"ds-markdown-paragraph\"><strong>Resultado da 1\u00aa chamada:<\/strong>\u00a029 de janeiro<\/p>\n<\/li>\n<li>\n<p class=\"ds-markdown-paragraph\"><strong>Per\u00edodo para manifestar interesse na lista de espera:<\/strong>\u00a029 de janeiro a 2 de fevereiro<\/p>\n<\/li>\n<li>\n<p class=\"ds-markdown-paragraph\"><strong>In\u00edcio das matr\u00edculas da 1\u00aa chamada:<\/strong>\u00a0a partir de 2 de fevereiro<\/p>\n<\/li>\n<\/ul>\n<p class=\"ds-markdown-paragraph\">A nota usada na sele\u00e7\u00e3o \u00e9 proveniente do\u00a0Enem 2025, cujas provas foram aplicadas nos dias\u00a09 e 16 de novembro, com os resultados divulgados em\u00a016 de janeiro deste ano.<\/p>\n<p class=\"ds-markdown-paragraph\">No estado, o exame reuniu\u00a057.941 inscritos\u00a0no ano passado, distribu\u00eddos em\u00a041 munic\u00edpios. Esse n\u00famero representou\u00a01,2% do total de inscritos no Brasil, que chegou a aproximadamente 4,8 milh\u00f5es de pessoas.<\/p>\n<p class=\"ds-markdown-paragraph\">O perfil dos participantes em Mato Grosso do Sul mostrou que:<\/p>\n<ul>\n<li>\n<p class=\"ds-markdown-paragraph\"><strong>Mulheres<\/strong>\u00a0foram a maioria (60,15% dos inscritos).<\/p>\n<\/li>\n<li>\n<p class=\"ds-markdown-paragraph\"><strong>Homens<\/strong>\u00a0representaram 39,85%.<\/p>\n<\/li>\n<li>\n<p class=\"ds-markdown-paragraph\">A\u00a0<strong>taxa de absten\u00e7\u00e3o<\/strong>\u00a0(candidatos que n\u00e3o compareceram \u00e0s provas) ficou em 27%.<\/p>\n<\/li>\n<\/ul>\n<p class=\"ds-markdown-paragraph\">O Enem 2025 foi composto por\u00a0180 quest\u00f5es de m\u00faltipla escolha\u00a0e uma\u00a0reda\u00e7\u00e3o, cobrando conhecimentos em linguagens, matem\u00e1tica, ci\u00eancias da natureza, ci\u00eancias humanas e suas tecnologias. A taxa de inscri\u00e7\u00e3o para quem n\u00e3o solicitou isen\u00e7\u00e3o foi de R$ 85,00.<\/p>\n<p class=\"ds-markdown-paragraph\">Agora, com as notas em m\u00e3os, os candidatos sul-mato-grossenses t\u00eam suas \u00faltimas horas para garantir a chance de uma vaga no ensino superior p\u00fablico atrav\u00e9s do Sisu.<\/p>\n<\/div>\n<\/div>\n<div class=\"ds-theme\"><\/div>\n<div class=\"ds-flex _0a3d93b\">\n<div class=\"ds-flex _965abe9 _54866f7\">\n<div class=\"db183363 ds-icon-button ds-icon-button--m ds-icon-button--sizing-container\" tabindex=\"0\" role=\"button\" aria-disabled=\"false\">\n<div class=\"ds-icon-button__hover-bg\"><\/div>\n<div class=\"ds-icon\"><\/div>\n<div class=\"ds-focus-ring\"><\/div>\n<\/div>\n<div class=\"db183363 ds-icon-button ds-icon-button--m ds-icon-button--sizing-container\" tabindex=\"0\" role=\"button\" aria-disabled=\"false\">\n<div class=\"ds-icon-button__hover-bg\"><\/div>\n<div class=\"ds-icon\"><\/div>\n<div class=\"ds-focus-ring\"><\/div>\n<\/div>\n<div class=\"db183363 ds-icon-button ds-icon-button--m ds-icon-button--sizing-container\" tabindex=\"0\" role=\"button\" aria-disabled=\"false\">\n<div class=\"ds-icon-button__hover-bg\"><\/div>\n<div class=\"ds-icon\"><\/div>\n<div class=\"ds-focus-ring\"><\/div>\n<\/div>\n<div class=\"db183363 ds-icon-button ds-icon-button--m ds-icon-button--sizing-container\" tabindex=\"0\" role=\"button\" aria-disabled=\"false\">\n<div class=\"ds-icon-button__hover-bg\"><\/div>\n<div class=\"ds-icon\"><\/div>\n<div class=\"ds-focus-ring\"><\/div>\n<\/div>\n<div class=\"db183363 ds-icon-button ds-icon-button--m ds-icon-button--sizing-container\" tabindex=\"0\" role=\"button\" aria-disabled=\"false\">\n<div class=\"ds-icon-button__hover-bg\"><\/div>\n<div class=\"ds-icon\"><\/div>\n<\/div>\n<\/div>\n<\/div>\n","protected":false},"excerpt":{"rendered":"<p>As inscri\u00e7\u00f5es para o\u00a0Sistema de Sele\u00e7\u00e3o Unificada (Sisu) 2026\u00a0terminam nesta sexta-feira (23) em todo o Brasil. Os candidatos t\u00eam at\u00e9 o fim do dia para escolher entre as vagas ofertadas por institui\u00e7\u00f5es p\u00fablicas de ensino superior utilizando as notas do\u00a0Exame Nacional do Ensino M\u00e9dio (Enem). O per\u00edodo de inscri\u00e7\u00e3o come\u00e7ou na \u00faltima segunda-feira (19). Em\u00a0Mato [&hellip;]<\/p>\n","protected":false},"author":5,"featured_media":42972,"comment_status":"open","ping_status":"open","sticky":false,"template":"","format":"standard","meta":{"om_disable_all_campaigns":false,"_monsterinsights_skip_tracking":false,"_monsterinsights_sitenote_active":false,"_monsterinsights_sitenote_note":"","_monsterinsights_sitenote_category":0,"footnotes":""},"categories":[30,32,266,193],"tags":[],"aioseo_notices":[],"_links":{"self":[{"href":"https:\/\/expressaoms.com.br\/index.php\/wp-json\/wp\/v2\/posts\/42971"}],"collection":[{"href":"https:\/\/expressaoms.com.br\/index.php\/wp-json\/wp\/v2\/posts"}],"about":[{"href":"https:\/\/expressaoms.com.br\/index.php\/wp-json\/wp\/v2\/types\/post"}],"author":[{"embeddable":true,"href":"https:\/\/expressaoms.com.br\/index.php\/wp-json\/wp\/v2\/users\/5"}],"replies":[{"embeddable":true,"href":"https:\/\/expressaoms.com.br\/index.php\/wp-json\/wp\/v2\/comments?post=42971"}],"version-history":[{"count":1,"href":"https:\/\/expressaoms.com.br\/index.php\/wp-json\/wp\/v2\/posts\/42971\/revisions"}],"predecessor-version":[{"id":42973,"href":"https:\/\/expressaoms.com.br\/index.php\/wp-json\/wp\/v2\/posts\/42971\/revisions\/42973"}],"wp:featuredmedia":[{"embeddable":true,"href":"https:\/\/expressaoms.com.br\/index.php\/wp-json\/wp\/v2\/media\/42972"}],"wp:attachment":[{"href":"https:\/\/expressaoms.com.br\/index.php\/wp-json\/wp\/v2\/media?parent=42971"}],"wp:term":[{"taxonomy":"category","embeddable":true,"href":"https:\/\/expressaoms.com.br\/index.php\/wp-json\/wp\/v2\/categories?post=42971"},{"taxonomy":"post_tag","embeddable":true,"href":"https:\/\/expressaoms.com.br\/index.php\/wp-json\/wp\/v2\/tags?post=42971"}],"curies":[{"name":"wp","href":"https:\/\/api.w.org\/{rel}","templated":true}]}}