{"id":42977,"date":"2026-01-23T15:35:00","date_gmt":"2026-01-23T19:35:00","guid":{"rendered":"https:\/\/expressaoms.com.br\/?p=42977"},"modified":"2026-01-23T10:35:57","modified_gmt":"2026-01-23T14:35:57","slug":"esporte-e-lazer-ginasio-municipal-sedia-a-grande-abertura-do-campeonato-de-ferias-2026-neste-sabado-24","status":"publish","type":"post","link":"https:\/\/expressaoms.com.br\/index.php\/2026\/01\/23\/esporte-e-lazer-ginasio-municipal-sedia-a-grande-abertura-do-campeonato-de-ferias-2026-neste-sabado-24\/","title":{"rendered":"Esporte e Lazer: Gin\u00e1sio Municipal sedia a grande abertura do Campeonato de F\u00e9rias 2026 neste s\u00e1bado (24)"},"content":{"rendered":"<div class=\"ntc_cont_descricao_noticia sw_txteditor\">\n<p>A expectativa acabou para os amantes do esporte em Brasil\u00e2ndia. A bola vai rolar oficialmente na noite deste s\u00e1bado,\u00a0<strong>24 de janeiro<\/strong>, marcando o in\u00edcio de uma das competi\u00e7\u00f5es mais aguardadas do calend\u00e1rio esportivo local: o\u00a0<strong>Campeonato de F\u00e9rias 2026<\/strong>.<br \/>\nA solenidade de abertura est\u00e1 marcada para \u00e0s\u00a0<strong>19h (hor\u00e1rio de MS)<\/strong>, no Gin\u00e1sio Municipal de Esportes, prometendo reunir atletas, dirigentes e, principalmente, as fam\u00edlias brasilandenses. O evento contar\u00e1 com uma cerim\u00f4nia oficial de apresenta\u00e7\u00e3o das equipes, seguida imediatamente pelo jogo de estreia, que dar\u00e1 o tom da disputa deste ano.<\/p>\n<p><strong>Ponto de Encontro da Fam\u00edlia<\/strong><br \/>\nMais do que uma competi\u00e7\u00e3o, o Campeonato de F\u00e9rias se consolida como uma op\u00e7\u00e3o de lazer e entretenimento para a comunidade. A organiza\u00e7\u00e3o, a cargo do Secretaria Municipal de Esportes e Lazer, com apoio da Prefeitura Municipal, preparou o gin\u00e1sio para receber a popula\u00e7\u00e3o com seguran\u00e7a e conforto.<br \/>\nO convite \u00e9 estendido a todos os moradores. A presen\u00e7a da torcida nas arquibancadas \u00e9 o combust\u00edvel que motiva os atletas e mant\u00e9m viva a tradi\u00e7\u00e3o do esporte amador em nossa cidade. A entrada \u00e9 franca e a organiza\u00e7\u00e3o convida a popula\u00e7\u00e3o a prestigiar os talentos locais em uma noite de festa e integra\u00e7\u00e3o.<\/p>\n<\/div>\n<div class=\"ntc_area_info_noticia sw_lato\">\n<div><\/div>\n<\/div>\n","protected":false},"excerpt":{"rendered":"<p>A expectativa acabou para os amantes do esporte em Brasil\u00e2ndia. A bola vai rolar oficialmente na noite deste s\u00e1bado,\u00a024 de janeiro, marcando o in\u00edcio de uma das competi\u00e7\u00f5es mais aguardadas do calend\u00e1rio esportivo local: o\u00a0Campeonato de F\u00e9rias 2026. A solenidade de abertura est\u00e1 marcada para \u00e0s\u00a019h (hor\u00e1rio de MS), no Gin\u00e1sio Municipal de Esportes, prometendo [&hellip;]<\/p>\n","protected":false},"author":5,"featured_media":42978,"comment_status":"open","ping_status":"open","sticky":false,"template":"","format":"standard","meta":{"om_disable_all_campaigns":false,"_monsterinsights_skip_tracking":false,"_monsterinsights_sitenote_active":false,"_monsterinsights_sitenote_note":"","_monsterinsights_sitenote_category":0,"footnotes":""},"categories":[26,266,193],"tags":[],"aioseo_notices":[],"_links":{"self":[{"href":"https:\/\/expressaoms.com.br\/index.php\/wp-json\/wp\/v2\/posts\/42977"}],"collection":[{"href":"https:\/\/expressaoms.com.br\/index.php\/wp-json\/wp\/v2\/posts"}],"about":[{"href":"https:\/\/expressaoms.com.br\/index.php\/wp-json\/wp\/v2\/types\/post"}],"author":[{"embeddable":true,"href":"https:\/\/expressaoms.com.br\/index.php\/wp-json\/wp\/v2\/users\/5"}],"replies":[{"embeddable":true,"href":"https:\/\/expressaoms.com.br\/index.php\/wp-json\/wp\/v2\/comments?post=42977"}],"version-history":[{"count":1,"href":"https:\/\/expressaoms.com.br\/index.php\/wp-json\/wp\/v2\/posts\/42977\/revisions"}],"predecessor-version":[{"id":42979,"href":"https:\/\/expressaoms.com.br\/index.php\/wp-json\/wp\/v2\/posts\/42977\/revisions\/42979"}],"wp:featuredmedia":[{"embeddable":true,"href":"https:\/\/expressaoms.com.br\/index.php\/wp-json\/wp\/v2\/media\/42978"}],"wp:attachment":[{"href":"https:\/\/expressaoms.com.br\/index.php\/wp-json\/wp\/v2\/media?parent=42977"}],"wp:term":[{"taxonomy":"category","embeddable":true,"href":"https:\/\/expressaoms.com.br\/index.php\/wp-json\/wp\/v2\/categories?post=42977"},{"taxonomy":"post_tag","embeddable":true,"href":"https:\/\/expressaoms.com.br\/index.php\/wp-json\/wp\/v2\/tags?post=42977"}],"curies":[{"name":"wp","href":"https:\/\/api.w.org\/{rel}","templated":true}]}}