{"id":42983,"date":"2026-01-26T07:04:38","date_gmt":"2026-01-26T11:04:38","guid":{"rendered":"https:\/\/expressaoms.com.br\/?p=42983"},"modified":"2026-01-26T07:04:38","modified_gmt":"2026-01-26T11:04:38","slug":"calor-extremo-ms-enfrenta-semana-com-temperaturas-acima-de-40c","status":"publish","type":"post","link":"https:\/\/expressaoms.com.br\/index.php\/2026\/01\/26\/calor-extremo-ms-enfrenta-semana-com-temperaturas-acima-de-40c\/","title":{"rendered":"Calor Extremo: MS enfrenta semana com temperaturas acima de 40\u00b0C"},"content":{"rendered":"<p class=\"ds-markdown-paragraph\">Mato Grosso do Sul se prepara para enfrentar a semana mais quente do ver\u00e3o at\u00e9 agora. A partir desta segunda-feira (26), uma combina\u00e7\u00e3o de ventos quentes, tempo aberto e sol forte deve elevar os term\u00f4metros a patamares extremos, com m\u00e1ximas podendo\u00a0ultrapassar os 40\u00b0C\u00a0em v\u00e1rias regi\u00f5es do estado, especialmente no oeste.<\/p>\n<p class=\"ds-markdown-paragraph\">De acordo com a previs\u00e3o do\u00a0Climatempo, a massa de ar quente e seco em baixos n\u00edveis da atmosfera permitir\u00e1 um aquecimento r\u00e1pido ao longo do dia. Os dias mais intensos devem ser\u00a0segunda (26) e ter\u00e7a-feira (27), com calor que se intensifica significativamente durante a tarde.<\/p>\n<p class=\"ds-markdown-paragraph\">O extremo oeste do estado, incluindo munic\u00edpios como Corumb\u00e1 e Porto Murtinho, deve registrar as temperaturas mais altas, com m\u00e1ximas facilmente superando a marca dos 40\u00b0C. A sensa\u00e7\u00e3o de abafamento promete ser ainda maior, agravando a percep\u00e7\u00e3o de calor nas horas mais quentes do dia.<\/p>\n<p class=\"ds-markdown-paragraph\">Apesar do calor intenso, a semana tamb\u00e9m ter\u00e1 a volta das pancadas de chuva t\u00edpicas da esta\u00e7\u00e3o. As precipita\u00e7\u00f5es, que podem come\u00e7ar j\u00e1 nesta segunda-feira, devem ser fortes, r\u00e1pidas e irregulares, ajudando a aliviar temporariamente a sensa\u00e7\u00e3o t\u00e9rmica em algumas localidades.<\/p>\n<p class=\"ds-markdown-paragraph\">No entanto, o\u00a0Instituto Nacional de Meteorologia (Inmet)\u00a0mant\u00e9m um\u00a0alerta de perigo potencial para tempestades\u00a0v\u00e1lido para todos os 79 munic\u00edpios sul-mato-grossenses. O aviso prev\u00ea risco de chuvas entre 20 e 30 mm\/h ou at\u00e9 50 mm\/dia, acompanhadas de\u00a0ventos intensos (40 a 60 km\/h).<\/p>\n<p class=\"ds-markdown-paragraph\">Mesmo com as chuvas, a umidade relativa do ar deve permanecer\u00a0baixa (entre 20% e 40%)\u00a0durante as tardes, o que exige aten\u00e7\u00e3o redobrada.<\/p>\n<p class=\"ds-markdown-paragraph\"><strong>Previs\u00e3o de temperaturas para esta segunda-feira (26):<\/strong><br \/>\nSegundo o\u00a0<strong>Centro de Monitoramento do Tempo e do Clima (Cemtec)<\/strong>, as temperaturas previstas por regi\u00e3o s\u00e3o:<\/p>\n<ul>\n<li>\n<p class=\"ds-markdown-paragraph\"><strong>Sul \/ Conesul \/ Grande Dourados:<\/strong>\u00a0M\u00ednima de 19\u00b0C e m\u00e1xima de 37\u00b0C<\/p>\n<\/li>\n<li>\n<p class=\"ds-markdown-paragraph\"><strong>Pantanal e Sudoeste:<\/strong>\u00a0M\u00ednima de 25\u00b0C e m\u00e1xima de 39\u00b0C<\/p>\n<\/li>\n<li>\n<p class=\"ds-markdown-paragraph\"><strong>Bols\u00e3o \/ Norte \/ Leste:<\/strong>\u00a0M\u00ednima de 21\u00b0C e m\u00e1xima de 37\u00b0C<\/p>\n<\/li>\n<li>\n<p class=\"ds-markdown-paragraph\"><strong>Campo Grande (Capital):<\/strong>\u00a0M\u00ednima de 23\u00b0C e m\u00e1xima de 36\u00b0C<\/p>\n<\/li>\n<\/ul>\n<p class=\"ds-markdown-paragraph\">Diante da onda de calor, especialistas em sa\u00fade e meteorologia refor\u00e7am a import\u00e2ncia de medidas de prote\u00e7\u00e3o:<\/p>\n<ul>\n<li>\n<p class=\"ds-markdown-paragraph\"><strong>Hidrate-se constantemente:<\/strong>\u00a0Beba \u00e1gua regularmente ao longo do dia, mesmo sem sentir sede.<\/p>\n<\/li>\n<li>\n<p class=\"ds-markdown-paragraph\"><strong>Evite o sol no pico:<\/strong>\u00a0Reduza a exposi\u00e7\u00e3o solar entre 10h e 16h.<\/p>\n<\/li>\n<li>\n<p class=\"ds-markdown-paragraph\"><strong>Use roupas adequadas:<\/strong>\u00a0Opte por pe\u00e7as leves, de cores claras e de tecidos frescos.<\/p>\n<\/li>\n<li>\n<p class=\"ds-markdown-paragraph\"><strong>Aten\u00e7\u00e3o aos grupos de risco:<\/strong>\u00a0Crian\u00e7as, idosos e pessoas com doen\u00e7as cr\u00f4nicas necessitam de cuidados especiais.<\/p>\n<\/li>\n<li>\n<p class=\"ds-markdown-paragraph\"><strong>Redobre cuidados com animais de estima\u00e7\u00e3o:<\/strong>\u00a0Garanta sombra e \u00e1gua fresca para eles.<\/p>\n<\/li>\n<li>\n<p class=\"ds-markdown-paragraph\"><strong>Modere exerc\u00edcios f\u00edsicos:<\/strong>\u00a0Evite atividades extenuantes nos hor\u00e1rios de calor mais intenso.<\/p>\n<\/li>\n<\/ul>\n<p class=\"ds-markdown-paragraph\">A popula\u00e7\u00e3o deve ficar atenta tanto aos riscos do calor extremo quanto \u00e0s poss\u00edveis tempestades, acompanhando os avisos oficiais do Inmet e das defesas civis municipais.<\/p>\n","protected":false},"excerpt":{"rendered":"<p>Mato Grosso do Sul se prepara para enfrentar a semana mais quente do ver\u00e3o at\u00e9 agora. A partir desta segunda-feira (26), uma combina\u00e7\u00e3o de ventos quentes, tempo aberto e sol forte deve elevar os term\u00f4metros a patamares extremos, com m\u00e1ximas podendo\u00a0ultrapassar os 40\u00b0C\u00a0em v\u00e1rias regi\u00f5es do estado, especialmente no oeste. De acordo com a previs\u00e3o [&hellip;]<\/p>\n","protected":false},"author":5,"featured_media":42984,"comment_status":"open","ping_status":"open","sticky":false,"template":"","format":"standard","meta":{"om_disable_all_campaigns":false,"_monsterinsights_skip_tracking":false,"_monsterinsights_sitenote_active":false,"_monsterinsights_sitenote_note":"","_monsterinsights_sitenote_category":0,"footnotes":""},"categories":[30,36,266,193,48],"tags":[],"aioseo_notices":[],"_links":{"self":[{"href":"https:\/\/expressaoms.com.br\/index.php\/wp-json\/wp\/v2\/posts\/42983"}],"collection":[{"href":"https:\/\/expressaoms.com.br\/index.php\/wp-json\/wp\/v2\/posts"}],"about":[{"href":"https:\/\/expressaoms.com.br\/index.php\/wp-json\/wp\/v2\/types\/post"}],"author":[{"embeddable":true,"href":"https:\/\/expressaoms.com.br\/index.php\/wp-json\/wp\/v2\/users\/5"}],"replies":[{"embeddable":true,"href":"https:\/\/expressaoms.com.br\/index.php\/wp-json\/wp\/v2\/comments?post=42983"}],"version-history":[{"count":1,"href":"https:\/\/expressaoms.com.br\/index.php\/wp-json\/wp\/v2\/posts\/42983\/revisions"}],"predecessor-version":[{"id":42985,"href":"https:\/\/expressaoms.com.br\/index.php\/wp-json\/wp\/v2\/posts\/42983\/revisions\/42985"}],"wp:featuredmedia":[{"embeddable":true,"href":"https:\/\/expressaoms.com.br\/index.php\/wp-json\/wp\/v2\/media\/42984"}],"wp:attachment":[{"href":"https:\/\/expressaoms.com.br\/index.php\/wp-json\/wp\/v2\/media?parent=42983"}],"wp:term":[{"taxonomy":"category","embeddable":true,"href":"https:\/\/expressaoms.com.br\/index.php\/wp-json\/wp\/v2\/categories?post=42983"},{"taxonomy":"post_tag","embeddable":true,"href":"https:\/\/expressaoms.com.br\/index.php\/wp-json\/wp\/v2\/tags?post=42983"}],"curies":[{"name":"wp","href":"https:\/\/api.w.org\/{rel}","templated":true}]}}