{"id":42992,"date":"2026-01-26T07:22:37","date_gmt":"2026-01-26T11:22:37","guid":{"rendered":"https:\/\/expressaoms.com.br\/?p=42992"},"modified":"2026-01-26T07:22:37","modified_gmt":"2026-01-26T11:22:37","slug":"medicina-da-ufms-em-tres-lagoas-atinge-100-de-proficiencia-e-lidera-ranking-nacional-do-enamed","status":"publish","type":"post","link":"https:\/\/expressaoms.com.br\/index.php\/2026\/01\/26\/medicina-da-ufms-em-tres-lagoas-atinge-100-de-proficiencia-e-lidera-ranking-nacional-do-enamed\/","title":{"rendered":"Medicina da UFMS em Tr\u00eas Lagoas atinge 100% de profici\u00eancia e lidera ranking nacional do Enamed"},"content":{"rendered":"<p class=\"ds-markdown-paragraph\">O curso de Medicina da Universidade Federal de Mato Grosso do Sul (UFMS), campus de Tr\u00eas Lagoas, alcan\u00e7ou um feito hist\u00f3rico:\u00a0100% de profici\u00eancia no Exame Nacional de Avalia\u00e7\u00e3o da Forma\u00e7\u00e3o M\u00e9dica (Enamed). O resultado, divulgado pelo Minist\u00e9rio da Educa\u00e7\u00e3o (MEC), coloca a institui\u00e7\u00e3o\u00a0empatada em primeiro lugar no ranking nacional\u00a0com a Universidade Federal de S\u00e3o Carlos (UFSCar) e \u00e0 frente de grandes centros como a Universidade de S\u00e3o Paulo (USP), que registrou 98,8%.<\/p>\n<p class=\"ds-markdown-paragraph\">Todos os\u00a049 estudantes\u00a0formandos que realizaram a prova atingiram o n\u00edvel de desempenho considerado adequado, garantindo o \u00edndice m\u00e1ximo. O curso manteve o\u00a0conceito 5 no Enade, nota m\u00e1xima na avalia\u00e7\u00e3o, consolidando a excel\u00eancia da forma\u00e7\u00e3o.<\/p>\n<p class=\"ds-markdown-paragraph\">Entre os formandos que brilharam no exame est\u00e1 Kellyane Zambom, que j\u00e1 atua como m\u00e9dica em hospitais da cidade. Ela conta que a not\u00edcia surpreendeu a turma, conhecida pela dedica\u00e7\u00e3o, mas que n\u00e3o esperava a perfei\u00e7\u00e3o no resultado.<\/p>\n<p class=\"ds-markdown-paragraph\">\u201cA gente n\u00e3o esperava, porque n\u00e3o depende s\u00f3 de voc\u00ea, n\u00e9? Depende de todos os outros colegas. Apesar de ser uma turma muito dedicada, ningu\u00e9m imaginava chegar a 100% de profici\u00eancia. \u00c9 uma not\u00edcia que\u00a0coloca Tr\u00eas Lagoas no mapa\u00a0e o nosso curso de Medicina em destaque\u201d, afirmou Kellyane.<\/p>\n<p class=\"ds-markdown-paragraph\">A diretora do campus, Larissa Barcellos, v\u00ea o resultado como um marco que posiciona Tr\u00eas Lagoas como polo de forma\u00e7\u00e3o m\u00e9dica de qualidade, capaz de atrair mais estudantes e docentes. Alunos e coordena\u00e7\u00e3o apontam que estar fora dos grandes centros urbanos se tornou um diferencial pedag\u00f3gico.<\/p>\n<p class=\"ds-markdown-paragraph\">\u201cDesde o primeiro semestre, os estudantes j\u00e1 est\u00e3o dentro das unidades de sa\u00fade. Isso \u00e9 um diferencial da nossa forma\u00e7\u00e3o\u201d, destacou Larissa. A proximidade com professores, pacientes e a integra\u00e7\u00e3o precoce com a rede p\u00fablica de sa\u00fade foram fatores cruciais.<\/p>\n<p class=\"ds-markdown-paragraph\">J\u00fanior Vasconcelos, coordenador do curso, ressalta que as\u00a0turmas menores permitem um acompanhamento individualizado. \u201cConseguimos identificar as fragilidades e potencialidades de cada aluno. Nos anos finais, eles levam tudo isso para a pr\u00e1tica nos hospitais e unidades de sa\u00fade\u201d, explicou.<\/p>\n<p class=\"ds-markdown-paragraph\">A qualidade do curso reflete diretamente no atendimento \u00e0 popula\u00e7\u00e3o, j\u00e1 que os estudantes atuam na rede p\u00fablica ao longo da gradua\u00e7\u00e3o. Marcelo Bocato, aluno do terceiro ano, avalia que o curso avan\u00e7ou significativamente nos \u00faltimos anos, com a promessa de ser ainda mais refor\u00e7ado com a nova cl\u00ednica escola integrada.<\/p>\n<p class=\"ds-markdown-paragraph\">Enquanto o resultado do Enamed gera debates nacionais sobre a regula\u00e7\u00e3o da profiss\u00e3o e poss\u00edveis penaliza\u00e7\u00f5es a cursos com desempenho insatisfat\u00f3rio, em Tr\u00eas Lagoas ele virou\u00a0motivo de orgulho e responsabilidade. As pr\u00f3ximas turmas carregam agora a miss\u00e3o de manter o nome da UFMS no topo da forma\u00e7\u00e3o m\u00e9dica do pa\u00eds.<\/p>\n<p class=\"ds-markdown-paragraph\">O curso de Medicina da UFMS em Campo Grande tamb\u00e9m obteve excelente desempenho, aparecendo na 29\u00aa posi\u00e7\u00e3o do ranking nacional, com 92,7% de profici\u00eancia e conceito 5, refor\u00e7ando a qualidade do ensino m\u00e9dico em Mato Grosso do Sul.<\/p>\n","protected":false},"excerpt":{"rendered":"<p>O curso de Medicina da Universidade Federal de Mato Grosso do Sul (UFMS), campus de Tr\u00eas Lagoas, alcan\u00e7ou um feito hist\u00f3rico:\u00a0100% de profici\u00eancia no Exame Nacional de Avalia\u00e7\u00e3o da Forma\u00e7\u00e3o M\u00e9dica (Enamed). O resultado, divulgado pelo Minist\u00e9rio da Educa\u00e7\u00e3o (MEC), coloca a institui\u00e7\u00e3o\u00a0empatada em primeiro lugar no ranking nacional\u00a0com a Universidade Federal de S\u00e3o Carlos [&hellip;]<\/p>\n","protected":false},"author":5,"featured_media":42993,"comment_status":"open","ping_status":"open","sticky":false,"template":"","format":"standard","meta":{"om_disable_all_campaigns":false,"_monsterinsights_skip_tracking":false,"_monsterinsights_sitenote_active":false,"_monsterinsights_sitenote_note":"","_monsterinsights_sitenote_category":0,"footnotes":""},"categories":[30,266,193,44,48],"tags":[],"aioseo_notices":[],"_links":{"self":[{"href":"https:\/\/expressaoms.com.br\/index.php\/wp-json\/wp\/v2\/posts\/42992"}],"collection":[{"href":"https:\/\/expressaoms.com.br\/index.php\/wp-json\/wp\/v2\/posts"}],"about":[{"href":"https:\/\/expressaoms.com.br\/index.php\/wp-json\/wp\/v2\/types\/post"}],"author":[{"embeddable":true,"href":"https:\/\/expressaoms.com.br\/index.php\/wp-json\/wp\/v2\/users\/5"}],"replies":[{"embeddable":true,"href":"https:\/\/expressaoms.com.br\/index.php\/wp-json\/wp\/v2\/comments?post=42992"}],"version-history":[{"count":1,"href":"https:\/\/expressaoms.com.br\/index.php\/wp-json\/wp\/v2\/posts\/42992\/revisions"}],"predecessor-version":[{"id":42994,"href":"https:\/\/expressaoms.com.br\/index.php\/wp-json\/wp\/v2\/posts\/42992\/revisions\/42994"}],"wp:featuredmedia":[{"embeddable":true,"href":"https:\/\/expressaoms.com.br\/index.php\/wp-json\/wp\/v2\/media\/42993"}],"wp:attachment":[{"href":"https:\/\/expressaoms.com.br\/index.php\/wp-json\/wp\/v2\/media?parent=42992"}],"wp:term":[{"taxonomy":"category","embeddable":true,"href":"https:\/\/expressaoms.com.br\/index.php\/wp-json\/wp\/v2\/categories?post=42992"},{"taxonomy":"post_tag","embeddable":true,"href":"https:\/\/expressaoms.com.br\/index.php\/wp-json\/wp\/v2\/tags?post=42992"}],"curies":[{"name":"wp","href":"https:\/\/api.w.org\/{rel}","templated":true}]}}