{"id":43001,"date":"2026-01-26T10:14:15","date_gmt":"2026-01-26T14:14:15","guid":{"rendered":"https:\/\/expressaoms.com.br\/?p=43001"},"modified":"2026-01-26T10:14:15","modified_gmt":"2026-01-26T14:14:15","slug":"ciclo-do-conhecimento-promovido-pela-arauco-fortalece-instituicoes-sociais-de-inocencia-ms","status":"publish","type":"post","link":"https:\/\/expressaoms.com.br\/index.php\/2026\/01\/26\/ciclo-do-conhecimento-promovido-pela-arauco-fortalece-instituicoes-sociais-de-inocencia-ms\/","title":{"rendered":"Ciclo do Conhecimento, promovido pela Arauco, fortalece institui\u00e7\u00f5es sociais de Inoc\u00eancia (MS)"},"content":{"rendered":"<p>A Arauco deu in\u00edcio, nos dias 20 e 21 de janeiro, ao Ciclo do Conhecimento em Inoc\u00eancia (MS). A a\u00e7\u00e3o, que integra o programa Parceiros do Bem, re\u00fane 16 institui\u00e7\u00f5es do munic\u00edpio e tem como objetivo fortalecer suas capacidades de elabora\u00e7\u00e3o, planejamento e execu\u00e7\u00e3o de projetos sociais, al\u00e9m de apoiar o desenvolvimento de estrat\u00e9gias de capta\u00e7\u00e3o de recursos. O ciclo ter\u00e1 continuidade com mais tr\u00eas etapas previstas entre fevereiro e abril.<\/p>\n<p>\u201cQueremos ir al\u00e9m do apoio material, oferecendo ferramentas que garantam autonomia e sustentabilidade \u00e0s entidades de Inoc\u00eancia, transformando vidas e construindo um legado pr\u00f3spero. O Ciclo do Conhecimento funciona como uma rede de intelig\u00eancia social, direcionando investimentos para onde eles s\u00e3o mais necess\u00e1rios e transformadores\u201d, explica a gerente de Desempenho Social da Arauco, Claudia Belchior.<\/p>\n<p>A iniciativa j\u00e1 inspira resultados nas organiza\u00e7\u00f5es participantes. \u201c\u00c9 transformador. O apoio do Parceiros do Bem fortalece nossa atua\u00e7\u00e3o em todas as frentes, desde melhorias de infraestrutura para o bem-estar dos idosos at\u00e9 o suporte t\u00e9cnico que nos ajudou a aprovar projetos. Essa rede de solidariedade traz seguran\u00e7a no presente e esperan\u00e7a para o futuro da institui\u00e7\u00e3o\u201d comenta Bianca Oliveira, administradora do Lar Jefferson Leandro Prado Elias.<\/p>\n<p>A diretora da Associa\u00e7\u00e3o de Pais e Amigos dos Excepcionais (Apae), Dilna Queiroz, refor\u00e7a o impacto positivo da parceria. \u201cO Parceiros do Bem chegou para viabilizar sonhos e conquistas fundamentais. Ter espa\u00e7o para apresentar nossa realidade e receber apoio t\u00e9cnico nos permite planejar um futuro em que nossos alunos sejam atendidos com a excel\u00eancia que merecem.\u201d<\/p>\n<p>O Parceiros do Bem atua como um elo estrat\u00e9gico por meio do qual a Arauco engaja fornecedores do Projeto Sucuri\u00fa em uma rede colaborativa de suporte a institui\u00e7\u00f5es locais. Um exemplo dessa mobiliza\u00e7\u00e3o ocorreu em dezembro, quando a Arauco e a Veolia realizaram a doa\u00e7\u00e3o de m\u00f3veis e equipamentos para quatro entidades de Inoc\u00eancia: a Apae, o Lar Jefferson Leandro Prado Elias, o Servi\u00e7o de Acolhimento Institucional para Crian\u00e7as e Adolescentes e a Casa de Passagem, instalada em parceria com a Prefeitura para acolher temporariamente pessoas que chegam ao munic\u00edpio.<\/p>\n<p><strong><br \/>\nSobre o Projeto Sucuri\u00fa<\/strong><\/p>\n<p>O Projeto Sucuri\u00fa marca a entrada da divis\u00e3o de celulose da Arauco no Brasil. O investimento de US$4.6 bilh\u00f5es inclui a constru\u00e7\u00e3o de uma planta com capacidade de produ\u00e7\u00e3o de 3,5 milh\u00f5es de toneladas de fibra curta de celulose\/ano. Est\u00e1 localizado em uma \u00e1rea de 3.500 hectares, a 50 quil\u00f4metros do centro da cidade de Inoc\u00eancia (MS) e ao lado do Rio Sucuri\u00fa. A etapa de terraplanagem come\u00e7ou em 2024 e a previs\u00e3o de entrada em opera\u00e7\u00e3o \u00e9 no final de 2027.<\/p>\n<p>Em todas as fases desenvolvimento do Projeto, e de maneira cont\u00ednua, monitora e respeita a biodiversidade local, identificando esp\u00e9cies de flora e fauna nativas da regi\u00e3o, al\u00e9m de fazer o mapeamento das \u00e1reas priorit\u00e1rias para conserva\u00e7\u00e3o.<\/p>\n<p>Durante as obras, a Arauco vai oferecer capacita\u00e7\u00e3o e gerar mais de 14 mil oportunidades de trabalho. Depois do start up, o Projeto Sucuri\u00fa empregar\u00e1 cerca de 6 mil pessoas nas unidades Industrial, Florestal e opera\u00e7\u00f5es de Log\u00edstica. O prop\u00f3sito \u00e9 impulsionar o desenvolvimento social e econ\u00f4mico para toda regi\u00e3o, fomentando um aumento na gera\u00e7\u00e3o de renda e na arrecada\u00e7\u00e3o de impostos, al\u00e9m de contribuir para atrair investimentos.<\/p>\n<p><strong>Sobre a Arauco Brasil<\/strong><\/p>\n<p>No pa\u00eds desde 2002, a Arauco atua nos segmentos Florestal e de Madeiras com o prop\u00f3sito de, a partir da natureza e de fontes renov\u00e1veis, contribuir com as pessoas e o planeta. Emprega mais de 3000 colaboradores pr\u00f3prios e conta com 5 unidades industriais brasileiras.<\/p>\n<p>As plantas est\u00e3o distribu\u00eddas entre a produ\u00e7\u00e3o de pain\u00e9is, em tr\u00eas f\u00e1bricas localizadas nas cidades de Jaguaria\u00edva (PR), Ponta Grossa (PR) e Montenegro (RS); pain\u00e9is e molduras, na planta localizada em Pi\u00ean (PR); resinas e qu\u00edmicos, na unidade de Arauc\u00e1ria (PR) e, em 2027, prepara-se para inaugurar sua primeira f\u00e1brica de celulose brasileira em Inoc\u00eancia (MS).<\/p>\n<p>Com atua\u00e7\u00e3o orientada por pr\u00e1ticas ESG, a Arauco possui certifica\u00e7\u00e3o FSC\u00ae (Forest Stewardship Council\u00ae) em suas florestas, que reconhece o manejo ambientalmente respons\u00e1vel, socialmente justo e economicamente vi\u00e1vel. Globalmente e no pa\u00eds, opera primando pela gest\u00e3o respons\u00e1vel da \u00e1gua, a conserva\u00e7\u00e3o da biodiversidade e a retirada de g\u00e1s carb\u00f4nico da atmosfera.<\/p>\n<p>&nbsp;<\/p>\n","protected":false},"excerpt":{"rendered":"<p>A Arauco deu in\u00edcio, nos dias 20 e 21 de janeiro, ao Ciclo do Conhecimento em Inoc\u00eancia (MS). A a\u00e7\u00e3o, que integra o programa Parceiros do Bem, re\u00fane 16 institui\u00e7\u00f5es do munic\u00edpio e tem como objetivo fortalecer suas capacidades de elabora\u00e7\u00e3o, planejamento e execu\u00e7\u00e3o de projetos sociais, al\u00e9m de apoiar o desenvolvimento de estrat\u00e9gias de [&hellip;]<\/p>\n","protected":false},"author":5,"featured_media":43002,"comment_status":"open","ping_status":"open","sticky":false,"template":"","format":"standard","meta":{"om_disable_all_campaigns":false,"_monsterinsights_skip_tracking":false,"_monsterinsights_sitenote_active":false,"_monsterinsights_sitenote_note":"","_monsterinsights_sitenote_category":0,"footnotes":""},"categories":[30,36,267,266,193],"tags":[],"aioseo_notices":[],"_links":{"self":[{"href":"https:\/\/expressaoms.com.br\/index.php\/wp-json\/wp\/v2\/posts\/43001"}],"collection":[{"href":"https:\/\/expressaoms.com.br\/index.php\/wp-json\/wp\/v2\/posts"}],"about":[{"href":"https:\/\/expressaoms.com.br\/index.php\/wp-json\/wp\/v2\/types\/post"}],"author":[{"embeddable":true,"href":"https:\/\/expressaoms.com.br\/index.php\/wp-json\/wp\/v2\/users\/5"}],"replies":[{"embeddable":true,"href":"https:\/\/expressaoms.com.br\/index.php\/wp-json\/wp\/v2\/comments?post=43001"}],"version-history":[{"count":1,"href":"https:\/\/expressaoms.com.br\/index.php\/wp-json\/wp\/v2\/posts\/43001\/revisions"}],"predecessor-version":[{"id":43003,"href":"https:\/\/expressaoms.com.br\/index.php\/wp-json\/wp\/v2\/posts\/43001\/revisions\/43003"}],"wp:featuredmedia":[{"embeddable":true,"href":"https:\/\/expressaoms.com.br\/index.php\/wp-json\/wp\/v2\/media\/43002"}],"wp:attachment":[{"href":"https:\/\/expressaoms.com.br\/index.php\/wp-json\/wp\/v2\/media?parent=43001"}],"wp:term":[{"taxonomy":"category","embeddable":true,"href":"https:\/\/expressaoms.com.br\/index.php\/wp-json\/wp\/v2\/categories?post=43001"},{"taxonomy":"post_tag","embeddable":true,"href":"https:\/\/expressaoms.com.br\/index.php\/wp-json\/wp\/v2\/tags?post=43001"}],"curies":[{"name":"wp","href":"https:\/\/api.w.org\/{rel}","templated":true}]}}