{"id":43007,"date":"2026-01-26T14:32:14","date_gmt":"2026-01-26T18:32:14","guid":{"rendered":"https:\/\/expressaoms.com.br\/?p=43007"},"modified":"2026-01-26T13:35:01","modified_gmt":"2026-01-26T17:35:01","slug":"atencao-cadastramento-e-recadastramento-para-o-passe-escolar-comecam-nesta-quarta-feira-28-em-tres-lagoas","status":"publish","type":"post","link":"https:\/\/expressaoms.com.br\/index.php\/2026\/01\/26\/atencao-cadastramento-e-recadastramento-para-o-passe-escolar-comecam-nesta-quarta-feira-28-em-tres-lagoas\/","title":{"rendered":"ATEN\u00c7\u00c3O \u2013 Cadastramento e recadastramento para o passe escolar come\u00e7am nesta quarta-feira (28) em Tr\u00eas Lagoas"},"content":{"rendered":"<p>A Prefeitura de Tr\u00eas Lagoas, por meio da Secretaria Municipal de Educa\u00e7\u00e3o (SEMED), informa que ter\u00e1 in\u00edcio nesta ter\u00e7a-feira, 28 de janeiro, o per\u00edodo de cadastramento e recadastramento do passe escolar para o ano letivo de 2026.<\/p>\n<p>De acordo com o N\u00facleo de Transporte Escolar da SEMED, os formul\u00e1rios estar\u00e3o dispon\u00edveis a partir da data e o atendimento seguir\u00e1 at\u00e9 o dia 5 de fevereiro, per\u00edodo destinado ao recebimento das solicita\u00e7\u00f5es, triagem da documenta\u00e7\u00e3o e confec\u00e7\u00e3o dos cart\u00f5es do benef\u00edcio.<\/p>\n<p>O Passe Escolar \u00e9 destinado aos estudantes regularmente matriculados nas redes Municipal (REME) e Estadual de ensino, garantindo o acesso ao transporte escolar conforme os crit\u00e9rios estabelecidos pela Secretaria Municipal de Educa\u00e7\u00e3o.<\/p>\n<p><strong>REQUISITOS PARA CONCESS\u00c3O DO PASSE ESCOLAR<\/strong><\/p>\n<p>Para realizar o cadastramento, o estudante dever\u00e1 apresentar:<br \/>\n\u2022 Comprovante de matr\u00edcula na Rede Municipal (REME) ou Estadual (SED) de Ensino (Atestado Escolar);<br \/>\n\u2022 Foto 3\u00d74;<br \/>\n\u2022 C\u00f3pia do RG ou certid\u00e3o de nascimento do estudante;<br \/>\n\u2022 CPF do estudante;<br \/>\n\u2022 C\u00f3pia do RG e CPF do respons\u00e1vel legal;<br \/>\n\u2022 Comprovante de resid\u00eancia em nome do respons\u00e1vel pelo aluno, com emiss\u00e3o inferior a 60 dias.<\/p>\n<p><strong>RECADASTRAMENTO DO PASSE ESCOLAR<\/strong><\/p>\n<p>Para os alunos que j\u00e1 utilizavam o benef\u00edcio, ser\u00e1 necess\u00e1rio apresentar:<br \/>\n\u2022 Comprovante de matr\u00edcula atualizado na Rede Municipal (REME) ou Estadual (SED) de Ensino;<br \/>\n\u2022 Comprovante de resid\u00eancia em nome do respons\u00e1vel pelo aluno, com emiss\u00e3o inferior a 60 dias.<br \/>\nConforme informado pela SEMED, poder\u00e3o ser utilizados como comprovante de resid\u00eancia contas de \u00e1gua, luz, telefone, carn\u00eas de pagamento que contenham o endere\u00e7o e nome do respons\u00e1vel, ou contrato de loca\u00e7\u00e3o\/comodato vigente, desde que estejam dentro do prazo exigido.<\/p>\n<p>Para mais informa\u00e7\u00f5es, os interessados podem procurar o N\u00facleo de Transporte Escolar, junto \u00e0 Secretaria Municipal de Educa\u00e7\u00e3o (SEMED).<\/p>\n<p><strong>SERVI\u00c7O<\/strong><\/p>\n<p>Local: N\u00facleo de Transporte<br \/>\nEndere\u00e7o: Rua Alexandre Costa, n\u00ba 130 \u2013 Centro (SEMED)<br \/>\nE-mail: transporte.semec@treslagoas.ms.gov.br<br \/>\nWhatsApp: (67) 3929-1484<\/p>\n","protected":false},"excerpt":{"rendered":"<p>A Prefeitura de Tr\u00eas Lagoas, por meio da Secretaria Municipal de Educa\u00e7\u00e3o (SEMED), informa que ter\u00e1 in\u00edcio nesta ter\u00e7a-feira, 28 de janeiro, o per\u00edodo de cadastramento e recadastramento do passe escolar para o ano letivo de 2026. De acordo com o N\u00facleo de Transporte Escolar da SEMED, os formul\u00e1rios estar\u00e3o dispon\u00edveis a partir da data [&hellip;]<\/p>\n","protected":false},"author":5,"featured_media":43008,"comment_status":"open","ping_status":"open","sticky":false,"template":"","format":"standard","meta":{"om_disable_all_campaigns":false,"_monsterinsights_skip_tracking":false,"_monsterinsights_sitenote_active":false,"_monsterinsights_sitenote_note":"","_monsterinsights_sitenote_category":0,"footnotes":""},"categories":[30,36,266,193,48],"tags":[],"aioseo_notices":[],"_links":{"self":[{"href":"https:\/\/expressaoms.com.br\/index.php\/wp-json\/wp\/v2\/posts\/43007"}],"collection":[{"href":"https:\/\/expressaoms.com.br\/index.php\/wp-json\/wp\/v2\/posts"}],"about":[{"href":"https:\/\/expressaoms.com.br\/index.php\/wp-json\/wp\/v2\/types\/post"}],"author":[{"embeddable":true,"href":"https:\/\/expressaoms.com.br\/index.php\/wp-json\/wp\/v2\/users\/5"}],"replies":[{"embeddable":true,"href":"https:\/\/expressaoms.com.br\/index.php\/wp-json\/wp\/v2\/comments?post=43007"}],"version-history":[{"count":1,"href":"https:\/\/expressaoms.com.br\/index.php\/wp-json\/wp\/v2\/posts\/43007\/revisions"}],"predecessor-version":[{"id":43009,"href":"https:\/\/expressaoms.com.br\/index.php\/wp-json\/wp\/v2\/posts\/43007\/revisions\/43009"}],"wp:featuredmedia":[{"embeddable":true,"href":"https:\/\/expressaoms.com.br\/index.php\/wp-json\/wp\/v2\/media\/43008"}],"wp:attachment":[{"href":"https:\/\/expressaoms.com.br\/index.php\/wp-json\/wp\/v2\/media?parent=43007"}],"wp:term":[{"taxonomy":"category","embeddable":true,"href":"https:\/\/expressaoms.com.br\/index.php\/wp-json\/wp\/v2\/categories?post=43007"},{"taxonomy":"post_tag","embeddable":true,"href":"https:\/\/expressaoms.com.br\/index.php\/wp-json\/wp\/v2\/tags?post=43007"}],"curies":[{"name":"wp","href":"https:\/\/api.w.org\/{rel}","templated":true}]}}