{"id":43010,"date":"2026-01-26T15:35:19","date_gmt":"2026-01-26T19:35:19","guid":{"rendered":"https:\/\/expressaoms.com.br\/?p=43010"},"modified":"2026-01-26T13:37:17","modified_gmt":"2026-01-26T17:37:17","slug":"sebrae-realiza-palestra-instagram-para-negocios-em-parceria-com-a-prefeitura","status":"publish","type":"post","link":"https:\/\/expressaoms.com.br\/index.php\/2026\/01\/26\/sebrae-realiza-palestra-instagram-para-negocios-em-parceria-com-a-prefeitura\/","title":{"rendered":"Sebrae realiza palestra \u201cInstagram para Neg\u00f3cios\u201d em parceria com a Prefeitura"},"content":{"rendered":"<p>Empreendedores, comerciantes e pessoas interessadas em fortalecer a presen\u00e7a digital ter\u00e3o, na pr\u00f3xima quinta-feira, 29 de janeiro, a oportunidade de participar da palestra \u201cInstagram para Neg\u00f3cios\u201d, em Tr\u00eas Lagoas. O evento acontece das 18h30 \u00e0s 20h30, no Sebrae Tr\u00eas Lagoas, localizado na Rua Zuleide Perez Tabox, n\u00ba 826, no Centro.<\/p>\n<p>A palestra tem como objetivo capacitar os participantes para o uso estrat\u00e9gico do Instagram como ferramenta de crescimento empresarial. Durante o encontro, ser\u00e3o apresentadas dicas pr\u00e1ticas e ferramentas essenciais para a cria\u00e7\u00e3o de conte\u00fados atrativos e aut\u00eanticos, al\u00e9m de orienta\u00e7\u00f5es sobre como atrair o p\u00fablico certo, fortalecer a marca e construir uma presen\u00e7a digital consistente.<\/p>\n<p>O encontro \u00e9 gratuito e integra a\u00e7\u00f5es de incentivo ao empreendedorismo e ao desenvolvimento econ\u00f4mico local, contando com o apoio da Prefeitura de Tr\u00eas Lagoas e de institui\u00e7\u00f5es parceiras, como o Sindicato dos Empregados no Com\u00e9rcio, Instituto de Desenvolvimento Social, Econ\u00f4mico e Ambiental de Mato Grosso do Sul (IDSEAMS), Prodesenvolve, Semadesc e Governo do Estado de Mato Grosso do Sul.<\/p>\n<p>As vagas s\u00e3o limitadas, e os interessados devem realizar a inscri\u00e7\u00e3o\u00a0<a href=\"https:\/\/forms.office.com\/r\/2CFXx09jNq\">CLICANDO AQUI.<\/a><\/p>\n","protected":false},"excerpt":{"rendered":"<p>Empreendedores, comerciantes e pessoas interessadas em fortalecer a presen\u00e7a digital ter\u00e3o, na pr\u00f3xima quinta-feira, 29 de janeiro, a oportunidade de participar da palestra \u201cInstagram para Neg\u00f3cios\u201d, em Tr\u00eas Lagoas. O evento acontece das 18h30 \u00e0s 20h30, no Sebrae Tr\u00eas Lagoas, localizado na Rua Zuleide Perez Tabox, n\u00ba 826, no Centro. A palestra tem como objetivo [&hellip;]<\/p>\n","protected":false},"author":5,"featured_media":43011,"comment_status":"open","ping_status":"open","sticky":false,"template":"","format":"standard","meta":{"om_disable_all_campaigns":false,"_monsterinsights_skip_tracking":false,"_monsterinsights_sitenote_active":false,"_monsterinsights_sitenote_note":"","_monsterinsights_sitenote_category":0,"footnotes":""},"categories":[30,36,266,193,48],"tags":[],"aioseo_notices":[],"_links":{"self":[{"href":"https:\/\/expressaoms.com.br\/index.php\/wp-json\/wp\/v2\/posts\/43010"}],"collection":[{"href":"https:\/\/expressaoms.com.br\/index.php\/wp-json\/wp\/v2\/posts"}],"about":[{"href":"https:\/\/expressaoms.com.br\/index.php\/wp-json\/wp\/v2\/types\/post"}],"author":[{"embeddable":true,"href":"https:\/\/expressaoms.com.br\/index.php\/wp-json\/wp\/v2\/users\/5"}],"replies":[{"embeddable":true,"href":"https:\/\/expressaoms.com.br\/index.php\/wp-json\/wp\/v2\/comments?post=43010"}],"version-history":[{"count":1,"href":"https:\/\/expressaoms.com.br\/index.php\/wp-json\/wp\/v2\/posts\/43010\/revisions"}],"predecessor-version":[{"id":43012,"href":"https:\/\/expressaoms.com.br\/index.php\/wp-json\/wp\/v2\/posts\/43010\/revisions\/43012"}],"wp:featuredmedia":[{"embeddable":true,"href":"https:\/\/expressaoms.com.br\/index.php\/wp-json\/wp\/v2\/media\/43011"}],"wp:attachment":[{"href":"https:\/\/expressaoms.com.br\/index.php\/wp-json\/wp\/v2\/media?parent=43010"}],"wp:term":[{"taxonomy":"category","embeddable":true,"href":"https:\/\/expressaoms.com.br\/index.php\/wp-json\/wp\/v2\/categories?post=43010"},{"taxonomy":"post_tag","embeddable":true,"href":"https:\/\/expressaoms.com.br\/index.php\/wp-json\/wp\/v2\/tags?post=43010"}],"curies":[{"name":"wp","href":"https:\/\/api.w.org\/{rel}","templated":true}]}}