{"id":43013,"date":"2026-01-26T11:38:26","date_gmt":"2026-01-26T15:38:26","guid":{"rendered":"https:\/\/expressaoms.com.br\/?p=43013"},"modified":"2026-01-26T13:40:03","modified_gmt":"2026-01-26T17:40:03","slug":"acao-do-janeiro-branco-reune-populacao-na-lagoa-maior-para-promover-saude-mental","status":"publish","type":"post","link":"https:\/\/expressaoms.com.br\/index.php\/2026\/01\/26\/acao-do-janeiro-branco-reune-populacao-na-lagoa-maior-para-promover-saude-mental\/","title":{"rendered":"A\u00e7\u00e3o do Janeiro Branco re\u00fane popula\u00e7\u00e3o na Lagoa Maior para promover sa\u00fade mental"},"content":{"rendered":"<p>A Secretaria Municipal de Sa\u00fade (SMS), com o apoio da Secretaria Municipal de Esporte, Juventude e Lazer (Sejuvel), realizou no s\u00e1bado, dia 24 de janeiro, uma a\u00e7\u00e3o especial em alus\u00e3o \u00e0 campanha Janeiro Branco, voltada \u00e0 promo\u00e7\u00e3o da sa\u00fade mental e do autocuidado da popula\u00e7\u00e3o.<\/p>\n<p>A atividade aconteceu das 7h \u00e0s 11h, no Gin\u00e1sio da Lagoa, na Lagoa Maior, e reuniu a comunidade em um momento de conscientiza\u00e7\u00e3o, acolhimento e incentivo a pr\u00e1ticas que contribuem para o bem-estar emocional, f\u00edsico e mental.<\/p>\n<p>Durante a a\u00e7\u00e3o, os participantes tiveram acesso gratuito a diversas pr\u00e1ticas integrativas e terap\u00eauticas, como auriculoterapia, ventosaterapia, acupuntura, yoga, medita\u00e7\u00e3o e musicoterapia, al\u00e9m de atividades de movimento corporal, como dan\u00e7a circular e aula de fit dance. As atividades proporcionaram momentos de relaxamento, integra\u00e7\u00e3o e fortalecimento dos v\u00ednculos sociais.<\/p>\n<p>A programa\u00e7\u00e3o seguiu ao longo da manh\u00e3 com as a\u00e7\u00f5es terap\u00eauticas, encerrando com uma aula de Fit Dance, realizada em parceria com a Pano Bianco. O evento destacou a import\u00e2ncia de olhar para a sa\u00fade emocional com mais aten\u00e7\u00e3o, refor\u00e7ando que cuidar da mente \u00e9 essencial para uma vida mais equilibrada e saud\u00e1vel.<\/p>\n","protected":false},"excerpt":{"rendered":"<p>A Secretaria Municipal de Sa\u00fade (SMS), com o apoio da Secretaria Municipal de Esporte, Juventude e Lazer (Sejuvel), realizou no s\u00e1bado, dia 24 de janeiro, uma a\u00e7\u00e3o especial em alus\u00e3o \u00e0 campanha Janeiro Branco, voltada \u00e0 promo\u00e7\u00e3o da sa\u00fade mental e do autocuidado da popula\u00e7\u00e3o. A atividade aconteceu das 7h \u00e0s 11h, no Gin\u00e1sio da [&hellip;]<\/p>\n","protected":false},"author":5,"featured_media":43014,"comment_status":"open","ping_status":"open","sticky":false,"template":"","format":"standard","meta":{"om_disable_all_campaigns":false,"_monsterinsights_skip_tracking":false,"_monsterinsights_sitenote_active":false,"_monsterinsights_sitenote_note":"","_monsterinsights_sitenote_category":0,"footnotes":""},"categories":[30,266,193,48],"tags":[],"aioseo_notices":[],"_links":{"self":[{"href":"https:\/\/expressaoms.com.br\/index.php\/wp-json\/wp\/v2\/posts\/43013"}],"collection":[{"href":"https:\/\/expressaoms.com.br\/index.php\/wp-json\/wp\/v2\/posts"}],"about":[{"href":"https:\/\/expressaoms.com.br\/index.php\/wp-json\/wp\/v2\/types\/post"}],"author":[{"embeddable":true,"href":"https:\/\/expressaoms.com.br\/index.php\/wp-json\/wp\/v2\/users\/5"}],"replies":[{"embeddable":true,"href":"https:\/\/expressaoms.com.br\/index.php\/wp-json\/wp\/v2\/comments?post=43013"}],"version-history":[{"count":1,"href":"https:\/\/expressaoms.com.br\/index.php\/wp-json\/wp\/v2\/posts\/43013\/revisions"}],"predecessor-version":[{"id":43015,"href":"https:\/\/expressaoms.com.br\/index.php\/wp-json\/wp\/v2\/posts\/43013\/revisions\/43015"}],"wp:featuredmedia":[{"embeddable":true,"href":"https:\/\/expressaoms.com.br\/index.php\/wp-json\/wp\/v2\/media\/43014"}],"wp:attachment":[{"href":"https:\/\/expressaoms.com.br\/index.php\/wp-json\/wp\/v2\/media?parent=43013"}],"wp:term":[{"taxonomy":"category","embeddable":true,"href":"https:\/\/expressaoms.com.br\/index.php\/wp-json\/wp\/v2\/categories?post=43013"},{"taxonomy":"post_tag","embeddable":true,"href":"https:\/\/expressaoms.com.br\/index.php\/wp-json\/wp\/v2\/tags?post=43013"}],"curies":[{"name":"wp","href":"https:\/\/api.w.org\/{rel}","templated":true}]}}