{"id":43019,"date":"2026-01-26T13:49:59","date_gmt":"2026-01-26T17:49:59","guid":{"rendered":"https:\/\/expressaoms.com.br\/?p=43019"},"modified":"2026-01-26T13:49:59","modified_gmt":"2026-01-26T17:49:59","slug":"brasilandia-decreta-situacao-de-emergencia-em-saude-publica-contra-epidemia-de-dengue","status":"publish","type":"post","link":"https:\/\/expressaoms.com.br\/index.php\/2026\/01\/26\/brasilandia-decreta-situacao-de-emergencia-em-saude-publica-contra-epidemia-de-dengue\/","title":{"rendered":"Brasil\u00e2ndia decreta Situa\u00e7\u00e3o de Emerg\u00eancia em Sa\u00fade P\u00fablica contra epidemia de Dengue"},"content":{"rendered":"<p>Em uma decis\u00e3o que marca um ponto cr\u00edtico na luta contra as arboviroses, a Prefeitura de Brasil\u00e2ndia decretou nesta segunda-feira, 26 de janeiro de 2026,\u00a0Situa\u00e7\u00e3o de Emerg\u00eancia em Sa\u00fade P\u00fablica\u00a0em car\u00e1ter preventivo, diante do risco iminente de uma epidemia de dengue, zika e chikungunya no munic\u00edpio. A medida, publicada no Di\u00e1rio Oficial, tem como objetivo mobilizar toda a estrutura administrativa municipal e a popula\u00e7\u00e3o em um esfor\u00e7o de guerra contra o mosquito Aedes aegypti.<br \/>\nO decreto assinado pela prefeita\u00a0M\u00e1rcia Regina do Amaral Schio\u00a0tem base em dados epidemiol\u00f3gicos e entomol\u00f3gicos produzidos pela Vigil\u00e2ncia em Sa\u00fade do Munic\u00edpio, que apontam Brasil\u00e2ndia como um dos munic\u00edpios com maior n\u00famero de focos do mosquito transmissor no estado de Mato Grosso do Sul. A situa\u00e7\u00e3o \u00e9 considerada de &#8220;risco concreto e iminente&#8221; de surto epid\u00eamico.<br \/>\n&#8220;Diante dos n\u00fameros que temos acompanhado, n\u00e3o podemos cruzar os bra\u00e7os. Esta medida preventiva \u00e9 um chamado \u00e0 a\u00e7\u00e3o de todos \u2013 poder p\u00fablico e popula\u00e7\u00e3o \u2013 para evitar que tenhamos uma crise de sa\u00fade p\u00fablica em nossa cidade&#8221;, declarou a prefeita M\u00e1rcia Amaral, em entrevista exclusiva ap\u00f3s a publica\u00e7\u00e3o do decreto.<br \/>\nA Situa\u00e7\u00e3o de Emerg\u00eancia, que vigorar\u00e1 por\u00a090 dias\u00a0(prorrog\u00e1veis se necess\u00e1rio), n\u00e3o configura estado de calamidade p\u00fablica, mas permite a mobiliza\u00e7\u00e3o excepcional de recursos e a atua\u00e7\u00e3o coordenada de todas as secretarias municipais. A Secretaria Municipal de Sa\u00fade assumir\u00e1 a coordena\u00e7\u00e3o t\u00e9cnica, enquanto as pastas de Infraestrutura, Administra\u00e7\u00e3o, Educa\u00e7\u00e3o, Assist\u00eancia Social, Meio Ambiente e Turismo ser\u00e3o convocadas para a\u00e7\u00f5es conjuntas.<br \/>\nEntre as medidas autorizadas est\u00e3o mutir\u00f5es de limpeza em \u00e1reas p\u00fablicas e privadas, remo\u00e7\u00e3o de entulhos e potenciais criadouros, e intensifica\u00e7\u00e3o das a\u00e7\u00f5es educativas. A popula\u00e7\u00e3o \u00e9 formalmente convocada a colaborar, eliminando focos em seus im\u00f3veis e permitindo o acesso dos agentes de sa\u00fade.<br \/>\nA secret\u00e1ria municipal de Sa\u00fade, Mara Nilza da Silva Adriano, explicou o car\u00e1ter urgente da decis\u00e3o. &#8220;Quando os \u00edndices de infesta\u00e7\u00e3o atingem determinados patamares, a resposta precisa ser r\u00e1pida e integrada. Estamos diante de uma corrida contra o tempo para reduzir a popula\u00e7\u00e3o do mosquito antes que os casos em humanos se multipliquem exponencialmente&#8221;.<br \/>\nO coordenador municipal de Combate a Endemias, Carlos Rodrigues, refor\u00e7ou que a medida chega em um momento estrat\u00e9gico. &#8220;O per\u00edodo de chuvas e calor \u00e9 ideal para a prolifera\u00e7\u00e3o do Aedes. Agora \u00e9 o momento de agir com m\u00e1xima intensidade para proteger nossas fam\u00edlias&#8221;.<br \/>\nEnquanto o decreto entra em vigor, a mensagem que ecoa das autoridades \u00e9 clara: a batalha contra a dengue n\u00e3o ser\u00e1 vencida apenas por agentes p\u00fablicos, mas pelo envolvimento de cada cidad\u00e3o que, ao cuidar de seu quintal, estar\u00e1 protegendo toda uma comunidade.<\/p>\n","protected":false},"excerpt":{"rendered":"<p>Em uma decis\u00e3o que marca um ponto cr\u00edtico na luta contra as arboviroses, a Prefeitura de Brasil\u00e2ndia decretou nesta segunda-feira, 26 de janeiro de 2026,\u00a0Situa\u00e7\u00e3o de Emerg\u00eancia em Sa\u00fade P\u00fablica\u00a0em car\u00e1ter preventivo, diante do risco iminente de uma epidemia de dengue, zika e chikungunya no munic\u00edpio. A medida, publicada no Di\u00e1rio Oficial, tem como objetivo [&hellip;]<\/p>\n","protected":false},"author":5,"featured_media":43020,"comment_status":"open","ping_status":"open","sticky":false,"template":"","format":"standard","meta":{"om_disable_all_campaigns":false,"_monsterinsights_skip_tracking":false,"_monsterinsights_sitenote_active":false,"_monsterinsights_sitenote_note":"","_monsterinsights_sitenote_category":0,"footnotes":""},"categories":[26,30,266,193,44],"tags":[],"aioseo_notices":[],"_links":{"self":[{"href":"https:\/\/expressaoms.com.br\/index.php\/wp-json\/wp\/v2\/posts\/43019"}],"collection":[{"href":"https:\/\/expressaoms.com.br\/index.php\/wp-json\/wp\/v2\/posts"}],"about":[{"href":"https:\/\/expressaoms.com.br\/index.php\/wp-json\/wp\/v2\/types\/post"}],"author":[{"embeddable":true,"href":"https:\/\/expressaoms.com.br\/index.php\/wp-json\/wp\/v2\/users\/5"}],"replies":[{"embeddable":true,"href":"https:\/\/expressaoms.com.br\/index.php\/wp-json\/wp\/v2\/comments?post=43019"}],"version-history":[{"count":1,"href":"https:\/\/expressaoms.com.br\/index.php\/wp-json\/wp\/v2\/posts\/43019\/revisions"}],"predecessor-version":[{"id":43021,"href":"https:\/\/expressaoms.com.br\/index.php\/wp-json\/wp\/v2\/posts\/43019\/revisions\/43021"}],"wp:featuredmedia":[{"embeddable":true,"href":"https:\/\/expressaoms.com.br\/index.php\/wp-json\/wp\/v2\/media\/43020"}],"wp:attachment":[{"href":"https:\/\/expressaoms.com.br\/index.php\/wp-json\/wp\/v2\/media?parent=43019"}],"wp:term":[{"taxonomy":"category","embeddable":true,"href":"https:\/\/expressaoms.com.br\/index.php\/wp-json\/wp\/v2\/categories?post=43019"},{"taxonomy":"post_tag","embeddable":true,"href":"https:\/\/expressaoms.com.br\/index.php\/wp-json\/wp\/v2\/tags?post=43019"}],"curies":[{"name":"wp","href":"https:\/\/api.w.org\/{rel}","templated":true}]}}