{"id":43022,"date":"2026-01-26T17:01:12","date_gmt":"2026-01-26T21:01:12","guid":{"rendered":"https:\/\/expressaoms.com.br\/?p=43022"},"modified":"2026-01-26T13:52:21","modified_gmt":"2026-01-26T17:52:21","slug":"brasilandia-negocia-com-estado-ampliacao-de-programas-habitacionais-para-atender-crescimento-acelerado-da-cidade","status":"publish","type":"post","link":"https:\/\/expressaoms.com.br\/index.php\/2026\/01\/26\/brasilandia-negocia-com-estado-ampliacao-de-programas-habitacionais-para-atender-crescimento-acelerado-da-cidade\/","title":{"rendered":"Brasil\u00e2ndia negocia com Estado amplia\u00e7\u00e3o de programas habitacionais para atender crescimento acelerado da cidade"},"content":{"rendered":"<div class=\"ntc_cont_descricao_noticia sw_txteditor\">\n<p>Em um movimento estrat\u00e9gico para enfrentar o desafio do crescimento urbano, a Prefeitura de Brasil\u00e2ndia avan\u00e7ou na \u00faltima\u00a0semana nas tratativas com o Governo do Estado para ampliar e estruturar pol\u00edticas p\u00fablicas de habita\u00e7\u00e3o. O secret\u00e1rio municipal de Infraestrutura e Servi\u00e7os,\u00a0Felipe Augusto Souto, representando a prefeita\u00a0M\u00e1rcia Amaral, esteve em reuni\u00e3o t\u00e9cnica na Ag\u00eancia de Habita\u00e7\u00e3o Popular do Estado de Mato Grosso do Sul (AGEHAB\/MS) para discutir programas que possam responder ao acelerado crescimento demogr\u00e1fico do munic\u00edpio, impulsionado pela chegada de novas ind\u00fastrias e pela press\u00e3o no mercado imobili\u00e1rio local.<br \/>\nO encontro, ocorrido na sede da AGEHAB, teve como foco central a busca por alternativas concretas para ampliar o acesso da popula\u00e7\u00e3o \u00e0 moradia digna. Entre os pontos discutidos, destacou-se o\u00a0Conv\u00eanio Habitacional 60\/40, modelo no qual o Estado assume 60% dos custos das obras e o munic\u00edpio os 40% restantes. Durante a reuni\u00e3o, a equipe t\u00e9cnica estadual orientou sobre a necessidade de ajustes no plano de trabalho, com \u00eanfase na elabora\u00e7\u00e3o de um cronograma detalhado de execu\u00e7\u00e3o \u2013 medida que a Prefeitura de Brasil\u00e2ndia j\u00e1 come\u00e7ou a implementar atrav\u00e9s de seus setores t\u00e9cnicos.<br \/>\n&#8220;O crescimento que estamos vivendo \u00e9 uma conquista, mas traz desafios que precisamos enfrentar com planejamento. A habita\u00e7\u00e3o \u00e9 um deles. Estamos trabalhando para transformar o desenvolvimento econ\u00f4mico em qualidade de vida real para as fam\u00edlias&#8221;, afirmou o secret\u00e1rio Felipe Souto, em entrevista ap\u00f3s o encontro.<br \/>\nUm dos aspectos mais sens\u00edveis abordados foi a\u00a0destina\u00e7\u00e3o das unidades habitacionais. A orienta\u00e7\u00e3o recebida pela equipe brasilandense foi no sentido de priorizar instrumentos que garantam a fun\u00e7\u00e3o social da moradia, como termos de doa\u00e7\u00e3o com cl\u00e1usulas bem definidas, evitando futuros problemas de inadimpl\u00eancia ou uso inadequado do patrim\u00f4nio p\u00fablico. A\u00a0fiscaliza\u00e7\u00e3o social\u00a0tamb\u00e9m foi apontada como fundamental para assegurar que os im\u00f3veis beneficiem efetivamente as fam\u00edlias em situa\u00e7\u00e3o de vulnerabilidade.<br \/>\nOutro avan\u00e7o significativo foi a discuss\u00e3o sobre o\u00a0<u><strong>Programa B\u00f4nus Moradia,<\/strong><\/u>\u00a0subs\u00eddio estadual que pode injetar at\u00e9\u00a0<u><strong>R$ 17 mil<\/strong><\/u>\u00a0por unidade\u00a0em novos empreendimentos. Brasil\u00e2ndia se enquadra nos crit\u00e9rios do programa, e a gest\u00e3o municipal busca agora articular essa verba com recursos federais e incentivos locais, formando uma combina\u00e7\u00e3o de for\u00e7as que possa reduzir substancialmente o custo final dos im\u00f3veis para as fam\u00edlias.<br \/>\nA prefeita M\u00e1rcia Amaral, que tem colocado a habita\u00e7\u00e3o como uma das prioridades de sua gest\u00e3o, refor\u00e7ou a import\u00e2ncia do di\u00e1logo interinstitucional. &#8220;N\u00e3o estamos apenas construindo casas; estamos construindo comunidades, dignidade e futuro. Essa articula\u00e7\u00e3o com o Estado \u00e9 fundamental para que possamos oferecer respostas \u00e0 altura das necessidades do nosso povo, com planejamento, transpar\u00eancia e justi\u00e7a social&#8221;, declarou a gestora.<br \/>\nEnquanto as tratativas seguem nos gabinetes t\u00e9cnicos, nas ruas de Brasil\u00e2ndia o tema ganha urg\u00eancia. O aumento da popula\u00e7\u00e3o, atra\u00edda pelas oportunidades de emprego, pressiona o mercado de aluguel e revela a necessidade de pol\u00edticas habitacionais que n\u00e3o apenas construam paredes, mas alicerces para uma cidade mais justa e acolhedora. A reuni\u00e3o na AGEHAB representa, assim, mais do que uma negocia\u00e7\u00e3o: \u00e9 o reconhecimento de que o direito \u00e0 moradia precisa andar no mesmo passo acelerado do desenvolvimento econ\u00f4mico.<\/p>\n<div><\/div>\n<\/div>\n<div class=\"ntc_area_info_noticia sw_lato\">\n<div><\/div>\n<\/div>\n","protected":false},"excerpt":{"rendered":"<p>Em um movimento estrat\u00e9gico para enfrentar o desafio do crescimento urbano, a Prefeitura de Brasil\u00e2ndia avan\u00e7ou na \u00faltima\u00a0semana nas tratativas com o Governo do Estado para ampliar e estruturar pol\u00edticas p\u00fablicas de habita\u00e7\u00e3o. O secret\u00e1rio municipal de Infraestrutura e Servi\u00e7os,\u00a0Felipe Augusto Souto, representando a prefeita\u00a0M\u00e1rcia Amaral, esteve em reuni\u00e3o t\u00e9cnica na Ag\u00eancia de Habita\u00e7\u00e3o Popular [&hellip;]<\/p>\n","protected":false},"author":5,"featured_media":43023,"comment_status":"open","ping_status":"open","sticky":false,"template":"","format":"standard","meta":{"om_disable_all_campaigns":false,"_monsterinsights_skip_tracking":false,"_monsterinsights_sitenote_active":false,"_monsterinsights_sitenote_note":"","_monsterinsights_sitenote_category":0,"footnotes":""},"categories":[26,30,266,193],"tags":[],"aioseo_notices":[],"_links":{"self":[{"href":"https:\/\/expressaoms.com.br\/index.php\/wp-json\/wp\/v2\/posts\/43022"}],"collection":[{"href":"https:\/\/expressaoms.com.br\/index.php\/wp-json\/wp\/v2\/posts"}],"about":[{"href":"https:\/\/expressaoms.com.br\/index.php\/wp-json\/wp\/v2\/types\/post"}],"author":[{"embeddable":true,"href":"https:\/\/expressaoms.com.br\/index.php\/wp-json\/wp\/v2\/users\/5"}],"replies":[{"embeddable":true,"href":"https:\/\/expressaoms.com.br\/index.php\/wp-json\/wp\/v2\/comments?post=43022"}],"version-history":[{"count":1,"href":"https:\/\/expressaoms.com.br\/index.php\/wp-json\/wp\/v2\/posts\/43022\/revisions"}],"predecessor-version":[{"id":43024,"href":"https:\/\/expressaoms.com.br\/index.php\/wp-json\/wp\/v2\/posts\/43022\/revisions\/43024"}],"wp:featuredmedia":[{"embeddable":true,"href":"https:\/\/expressaoms.com.br\/index.php\/wp-json\/wp\/v2\/media\/43023"}],"wp:attachment":[{"href":"https:\/\/expressaoms.com.br\/index.php\/wp-json\/wp\/v2\/media?parent=43022"}],"wp:term":[{"taxonomy":"category","embeddable":true,"href":"https:\/\/expressaoms.com.br\/index.php\/wp-json\/wp\/v2\/categories?post=43022"},{"taxonomy":"post_tag","embeddable":true,"href":"https:\/\/expressaoms.com.br\/index.php\/wp-json\/wp\/v2\/tags?post=43022"}],"curies":[{"name":"wp","href":"https:\/\/api.w.org\/{rel}","templated":true}]}}