{"id":43106,"date":"2026-01-28T09:25:07","date_gmt":"2026-01-28T13:25:07","guid":{"rendered":"https:\/\/expressaoms.com.br\/?p=43106"},"modified":"2026-01-28T09:25:07","modified_gmt":"2026-01-28T13:25:07","slug":"mpms-articula-estrategias-para-o-gerenciamento-de-residuos-solidos-em-inocencia","status":"publish","type":"post","link":"https:\/\/expressaoms.com.br\/index.php\/2026\/01\/28\/mpms-articula-estrategias-para-o-gerenciamento-de-residuos-solidos-em-inocencia\/","title":{"rendered":"MPMS articula estrat\u00e9gias para o gerenciamento de res\u00edduos s\u00f3lidos em Inoc\u00eancia"},"content":{"rendered":"<p>Na tarde desta segunda-feira (26), o Minist\u00e9rio P\u00fablico de Mato Grosso do Sul (MPMS) foi palco de uma reuni\u00e3o estrat\u00e9gica voltada \u00e0 sustentabilidade urbana e ambiental do munic\u00edpio de Inoc\u00eancia. O encontro teve como pauta central o aprimoramento do gerenciamento de res\u00edduos s\u00f3lidos na regi\u00e3o.<\/p>\n<p>A reuni\u00e3o foi conduzida pelo Promotor de Justi\u00e7a Luciano Furtado Loubet, coordenador do N\u00facleo Ambiental em apoio ao Centro de Apoio Operacional das Promotorias de Justi\u00e7a do Meio Ambiente, da Habita\u00e7\u00e3o e Urbanismo e do Patrim\u00f4nio Hist\u00f3rico e Cultural (Caoma), atuando em suporte direto \u00e0 1\u00aa Promotoria de Justi\u00e7a de Inoc\u00eancia.<\/p>\n<p>O Promotor de Justi\u00e7a Ronaldo Vieira Francisco, respons\u00e1vel pela 1\u00aa Promotoria de Justi\u00e7a de Inoc\u00eancia, participou dos debates de forma remota.<\/p>\n<p>Um dos pontos do encontro foi a apresenta\u00e7\u00e3o de uma proposta de investimento destinada especificamente ao manejo de res\u00edduos no munic\u00edpio, pela representante da Arauco Brasil S.A, Camila B. S. Paschoal.<\/p>\n<p>A iniciativa faz parte de um esfor\u00e7o conjunto para preparar a infraestrutura local para os novos desafios demogr\u00e1ficos e produtivos.<\/p>\n<p>Tamb\u00e9m participaram da mesa de discuss\u00f5es representantes da Prefeitura Municipal de Inoc\u00eancia e membros do Projeto Valoriza.<\/p>\n<p>O MPMS ressalta que o acompanhamento dessas pol\u00edticas p\u00fablicas \u2014 sejam elas sociais, ambientais ou urban\u00edsticas \u2014 \u00e9 fundamental e cont\u00ednuo. A atua\u00e7\u00e3o do N\u00facleo Ambiental visa mitigar e compensar os impactos decorrentes da instala\u00e7\u00e3o da nova ind\u00fastria de celulose da Arauco no munic\u00edpio.<\/p>\n<p>&#8220;Nosso papel \u00e9 garantir que o crescimento econ\u00f4mico de Inoc\u00eancia caminhe lado a lado com a preserva\u00e7\u00e3o ambiental e a qualidade de vida da popula\u00e7\u00e3o local&#8221;, destacou o Promotor Luciano Loubet durante a sess\u00e3o.<\/p>\n<p>O gerenciamento eficiente de res\u00edduos s\u00f3lidos \u00e9 considerado um pilar essencial para evitar o passivo ambiental e garantir que a expans\u00e3o urbana de Inoc\u00eancia ocorra de forma ordenada e sustent\u00e1vel.<\/p>\n","protected":false},"excerpt":{"rendered":"<p>Na tarde desta segunda-feira (26), o Minist\u00e9rio P\u00fablico de Mato Grosso do Sul (MPMS) foi palco de uma reuni\u00e3o estrat\u00e9gica voltada \u00e0 sustentabilidade urbana e ambiental do munic\u00edpio de Inoc\u00eancia. O encontro teve como pauta central o aprimoramento do gerenciamento de res\u00edduos s\u00f3lidos na regi\u00e3o. A reuni\u00e3o foi conduzida pelo Promotor de Justi\u00e7a Luciano Furtado [&hellip;]<\/p>\n","protected":false},"author":3,"featured_media":43107,"comment_status":"open","ping_status":"open","sticky":false,"template":"","format":"standard","meta":{"om_disable_all_campaigns":false,"_monsterinsights_skip_tracking":false,"_monsterinsights_sitenote_active":false,"_monsterinsights_sitenote_note":"","_monsterinsights_sitenote_category":0,"footnotes":""},"categories":[267,37,193],"tags":[],"aioseo_notices":[],"_links":{"self":[{"href":"https:\/\/expressaoms.com.br\/index.php\/wp-json\/wp\/v2\/posts\/43106"}],"collection":[{"href":"https:\/\/expressaoms.com.br\/index.php\/wp-json\/wp\/v2\/posts"}],"about":[{"href":"https:\/\/expressaoms.com.br\/index.php\/wp-json\/wp\/v2\/types\/post"}],"author":[{"embeddable":true,"href":"https:\/\/expressaoms.com.br\/index.php\/wp-json\/wp\/v2\/users\/3"}],"replies":[{"embeddable":true,"href":"https:\/\/expressaoms.com.br\/index.php\/wp-json\/wp\/v2\/comments?post=43106"}],"version-history":[{"count":1,"href":"https:\/\/expressaoms.com.br\/index.php\/wp-json\/wp\/v2\/posts\/43106\/revisions"}],"predecessor-version":[{"id":43108,"href":"https:\/\/expressaoms.com.br\/index.php\/wp-json\/wp\/v2\/posts\/43106\/revisions\/43108"}],"wp:featuredmedia":[{"embeddable":true,"href":"https:\/\/expressaoms.com.br\/index.php\/wp-json\/wp\/v2\/media\/43107"}],"wp:attachment":[{"href":"https:\/\/expressaoms.com.br\/index.php\/wp-json\/wp\/v2\/media?parent=43106"}],"wp:term":[{"taxonomy":"category","embeddable":true,"href":"https:\/\/expressaoms.com.br\/index.php\/wp-json\/wp\/v2\/categories?post=43106"},{"taxonomy":"post_tag","embeddable":true,"href":"https:\/\/expressaoms.com.br\/index.php\/wp-json\/wp\/v2\/tags?post=43106"}],"curies":[{"name":"wp","href":"https:\/\/api.w.org\/{rel}","templated":true}]}}