{"id":43137,"date":"2026-01-28T14:39:37","date_gmt":"2026-01-28T18:39:37","guid":{"rendered":"https:\/\/expressaoms.com.br\/?p=43137"},"modified":"2026-01-28T14:39:37","modified_gmt":"2026-01-28T18:39:37","slug":"tres-lagoas-inicia-aplicacao-do-nirsevimabe-para-prevenir-bronquiolite-em-criancas-a-partir-de-2-de-fevereiro","status":"publish","type":"post","link":"https:\/\/expressaoms.com.br\/index.php\/2026\/01\/28\/tres-lagoas-inicia-aplicacao-do-nirsevimabe-para-prevenir-bronquiolite-em-criancas-a-partir-de-2-de-fevereiro\/","title":{"rendered":"Tr\u00eas Lagoas inicia aplica\u00e7\u00e3o do Nirsevimabe para prevenir bronquiolite em crian\u00e7as a partir de 2 de fevereiro"},"content":{"rendered":"<p>A Prefeitura de Tr\u00eas Lagoas, por meio da Secretaria Municipal de Sa\u00fade (SMS), informa que a partir da pr\u00f3xima semana, no dia 2 de fevereiro, ter\u00e1 in\u00edcio no munic\u00edpio a aplica\u00e7\u00e3o do Nirsevimabe, medicamento indicado para a preven\u00e7\u00e3o de infec\u00e7\u00f5es respirat\u00f3rias graves causadas pelo V\u00edrus Sincicial Respirat\u00f3rio (VSR) em beb\u00eas.<\/p>\n<p>A a\u00e7\u00e3o integra a estrat\u00e9gia de imuniza\u00e7\u00e3o coordenada pelo Sistema \u00danico de Sa\u00fade (SUS) e tem como objetivo refor\u00e7ar a prote\u00e7\u00e3o dos beb\u00eas, especialmente durante o per\u00edodo de maior circula\u00e7\u00e3o de v\u00edrus respirat\u00f3rios. O Nirsevimabe atua como um anticorpo monoclonal, oferecendo prote\u00e7\u00e3o eficaz contra o VSR, um dos principais respons\u00e1veis por casos de bronquiolite e interna\u00e7\u00f5es em crian\u00e7as pequenas.<\/p>\n<p><strong>PARA REC\u00c9M-NASCIDOS<\/strong><\/p>\n<p>Em Tr\u00eas Lagoas, os rec\u00e9m-nascidos com menos de 37 semanas de gesta\u00e7\u00e3o ser\u00e3o atendidos diretamente no Hospital Auxiliadora. Caso o beb\u00ea apresente alguma comorbidade diagnosticada ainda durante a interna\u00e7\u00e3o, a aplica\u00e7\u00e3o do medicamento poder\u00e1 ser realizada no pr\u00f3prio hospital.<\/p>\n<p><strong>PARA DEMAIS CRIAN\u00c7AS<\/strong><\/p>\n<p>Nos demais casos, o Nirsevimabe ser\u00e1 aplicado nas unidades de sa\u00fade do munic\u00edpio, mediante solicita\u00e7\u00e3o e aprova\u00e7\u00e3o do Centro de Refer\u00eancia de Imunobiol\u00f3gicos Especiais (CRIE). Para crian\u00e7as com comorbidades, a unidade de sa\u00fade far\u00e1 a solicita\u00e7\u00e3o ao CRIE, localizado em Campo Grande. Ap\u00f3s a libera\u00e7\u00e3o, o imunobiol\u00f3gico ser\u00e1 enviado \u00e0 unidade solicitante e aplicado na sala de vacina\u00e7\u00e3o, respeitando os crit\u00e9rios estabelecidos para crian\u00e7as menores de dois anos.<\/p>\n<p><strong>QUAIS COMORBIDADES?<\/strong><\/p>\n<p>S\u00e3o consideradas comorbidades para fins de indica\u00e7\u00e3o do Nirsevimabe condi\u00e7\u00f5es que aumentam o risco de evolu\u00e7\u00e3o para formas graves da infec\u00e7\u00e3o pelo VSR, como doen\u00e7as pulmonares cr\u00f4nicas, a exemplo da displasia broncopulmonar; cardiopatias cong\u00eanitas com repercuss\u00e3o hemodin\u00e2mica, incluindo insufici\u00eancia card\u00edaca e hipertens\u00e3o pulmonar; doen\u00e7as neurol\u00f3gicas ou neuromusculares que comprometam a respira\u00e7\u00e3o ou a degluti\u00e7\u00e3o; s\u00edndromes gen\u00e9ticas associadas a maior vulnerabilidade respirat\u00f3ria; imunodefici\u00eancias prim\u00e1rias ou secund\u00e1rias, incluindo crian\u00e7as em tratamento oncol\u00f3gico, uso prolongado de imunossupressores ou transplantadas; al\u00e9m de doen\u00e7a renal cr\u00f4nica, doen\u00e7a hep\u00e1tica cr\u00f4nica, depend\u00eancia de oxig\u00eanio, ventila\u00e7\u00e3o mec\u00e2nica ou presen\u00e7a de traqueostomia.<\/p>\n","protected":false},"excerpt":{"rendered":"<p>A Prefeitura de Tr\u00eas Lagoas, por meio da Secretaria Municipal de Sa\u00fade (SMS), informa que a partir da pr\u00f3xima semana, no dia 2 de fevereiro, ter\u00e1 in\u00edcio no munic\u00edpio a aplica\u00e7\u00e3o do Nirsevimabe, medicamento indicado para a preven\u00e7\u00e3o de infec\u00e7\u00f5es respirat\u00f3rias graves causadas pelo V\u00edrus Sincicial Respirat\u00f3rio (VSR) em beb\u00eas. A a\u00e7\u00e3o integra a estrat\u00e9gia [&hellip;]<\/p>\n","protected":false},"author":5,"featured_media":43138,"comment_status":"open","ping_status":"open","sticky":false,"template":"","format":"standard","meta":{"om_disable_all_campaigns":false,"_monsterinsights_skip_tracking":false,"_monsterinsights_sitenote_active":false,"_monsterinsights_sitenote_note":"","_monsterinsights_sitenote_category":0,"footnotes":""},"categories":[30,36,266,193,48],"tags":[],"aioseo_notices":[],"_links":{"self":[{"href":"https:\/\/expressaoms.com.br\/index.php\/wp-json\/wp\/v2\/posts\/43137"}],"collection":[{"href":"https:\/\/expressaoms.com.br\/index.php\/wp-json\/wp\/v2\/posts"}],"about":[{"href":"https:\/\/expressaoms.com.br\/index.php\/wp-json\/wp\/v2\/types\/post"}],"author":[{"embeddable":true,"href":"https:\/\/expressaoms.com.br\/index.php\/wp-json\/wp\/v2\/users\/5"}],"replies":[{"embeddable":true,"href":"https:\/\/expressaoms.com.br\/index.php\/wp-json\/wp\/v2\/comments?post=43137"}],"version-history":[{"count":1,"href":"https:\/\/expressaoms.com.br\/index.php\/wp-json\/wp\/v2\/posts\/43137\/revisions"}],"predecessor-version":[{"id":43139,"href":"https:\/\/expressaoms.com.br\/index.php\/wp-json\/wp\/v2\/posts\/43137\/revisions\/43139"}],"wp:featuredmedia":[{"embeddable":true,"href":"https:\/\/expressaoms.com.br\/index.php\/wp-json\/wp\/v2\/media\/43138"}],"wp:attachment":[{"href":"https:\/\/expressaoms.com.br\/index.php\/wp-json\/wp\/v2\/media?parent=43137"}],"wp:term":[{"taxonomy":"category","embeddable":true,"href":"https:\/\/expressaoms.com.br\/index.php\/wp-json\/wp\/v2\/categories?post=43137"},{"taxonomy":"post_tag","embeddable":true,"href":"https:\/\/expressaoms.com.br\/index.php\/wp-json\/wp\/v2\/tags?post=43137"}],"curies":[{"name":"wp","href":"https:\/\/api.w.org\/{rel}","templated":true}]}}