{"id":43240,"date":"2026-02-02T07:20:20","date_gmt":"2026-02-02T11:20:20","guid":{"rendered":"https:\/\/expressaoms.com.br\/?p=43240"},"modified":"2026-02-02T07:20:20","modified_gmt":"2026-02-02T11:20:20","slug":"com-inicio-dos-trabalhos-legislativos-casa-civil-de-ms-destaca-parceria-com-a-alems","status":"publish","type":"post","link":"https:\/\/expressaoms.com.br\/index.php\/2026\/02\/02\/com-inicio-dos-trabalhos-legislativos-casa-civil-de-ms-destaca-parceria-com-a-alems\/","title":{"rendered":"Com in\u00edcio dos trabalhos legislativos, Casa Civil de MS destaca parceria com a Alems"},"content":{"rendered":"<p>A s\u00f3lida parceria entre o Governo do Estado, a Assembleia Legislativa, a bancada federal e os prefeitos dos munic\u00edpios tem sido a base da governabilidade e do avan\u00e7o das pol\u00edticas p\u00fablicas em Mato Grosso do Sul.<\/p>\n<p>Sob a lideran\u00e7a do governador Eduardo Riedel, o Executivo estadual construiu um ambiente pol\u00edtico est\u00e1vel, pautado no di\u00e1logo e na coopera\u00e7\u00e3o institucional, que permite ao Estado avan\u00e7ar com seguran\u00e7a na aprova\u00e7\u00e3o de projetos estrat\u00e9gicos e na execu\u00e7\u00e3o de investimentos que impactam diretamente a vida da popula\u00e7\u00e3o.<\/p>\n<p>Na pr\u00f3xima ter\u00e7a-feira (3), tem in\u00edcio o \u00faltimo ano desta legislatura, um momento decisivo para a consolida\u00e7\u00e3o das principais entregas do atual Governo. Ciente desse cen\u00e1rio, o Governo do Estado reconhece que muitos dos avan\u00e7os previstos para este ciclo final s\u00f3 ser\u00e3o poss\u00edveis gra\u00e7as \u00e0 parceria s\u00f3lida e respons\u00e1vel dos parlamentares estaduais e federais, que t\u00eam atuado de forma alinhada aos interesses de Mato Grosso do Sul.<\/p>\n<p>Essa articula\u00e7\u00e3o \u00e9 coordenada pela Casa Civil, comandada pelo secret\u00e1rio Walter Carneiro J\u00fanior, que atua como elo entre os diferentes poderes e esferas de Governo. A rela\u00e7\u00e3o permanente com a Assembleia Legislativa tem garantido a tramita\u00e7\u00e3o tranquila de projetos de lei fundamentais para o desenvolvimento do Estado, assegurando respaldo pol\u00edtico \u00e0s a\u00e7\u00f5es estruturantes propostas pelo Governo.<\/p>\n<div class=\"wp-block-image\">\n<figure class=\"alignright size-large is-resized\"><img fetchpriority=\"high\" decoding=\"async\" class=\"wp-image-532412\" src=\"https:\/\/agenciadenoticias.ms.gov.br\/wp-content\/uploads\/2026\/01\/WhatsApp-Image-2026-01-30-at-15.07.57-819x1024.jpeg\" sizes=\"auto, (max-width: 819px) 100vw, 819px\" srcset=\"https:\/\/agenciadenoticias.ms.gov.br\/wp-content\/uploads\/2026\/01\/WhatsApp-Image-2026-01-30-at-15.07.57-819x1024.jpeg 819w, https:\/\/agenciadenoticias.ms.gov.br\/wp-content\/uploads\/2026\/01\/WhatsApp-Image-2026-01-30-at-15.07.57-240x300.jpeg 240w, https:\/\/agenciadenoticias.ms.gov.br\/wp-content\/uploads\/2026\/01\/WhatsApp-Image-2026-01-30-at-15.07.57-768x960.jpeg 768w, https:\/\/agenciadenoticias.ms.gov.br\/wp-content\/uploads\/2026\/01\/WhatsApp-Image-2026-01-30-at-15.07.57-192x240.jpeg 192w, https:\/\/agenciadenoticias.ms.gov.br\/wp-content\/uploads\/2026\/01\/WhatsApp-Image-2026-01-30-at-15.07.57.jpeg 1080w\" alt=\"\" width=\"301\" height=\"376\" \/><figcaption class=\"wp-element-caption\">Secret\u00e1rio Walter Carneiro J\u00fanior<\/figcaption><\/figure>\n<\/div>\n<p>\u201cEntramos no \u00faltimo ano desta legislatura com a convic\u00e7\u00e3o de que as principais entregas do Governo s\u00f3 ser\u00e3o poss\u00edveis porque constru\u00edmos uma rela\u00e7\u00e3o s\u00f3lida com a Assembleia Legislativa, com a bancada federal e com os prefeitos. Essa parceria \u00e9 o que garante governabilidade, seguran\u00e7a pol\u00edtica e resultados concretos para a popula\u00e7\u00e3o de Mato Grosso do Sul\u201d, ressalta Walter.<\/p>\n<p>Al\u00e9m do alinhamento com os deputados estaduais, o Governo mant\u00e9m uma atua\u00e7\u00e3o integrada com a bancada federal, buscando sintonia na destina\u00e7\u00e3o das emendas parlamentares e na defesa dos interesses de Mato Grosso do Sul em Bras\u00edlia. Essa conex\u00e3o tem fortalecido a capacidade de investimento do Estado e ampliado os recursos destinados a \u00e1reas priorit\u00e1rias como Infraestrutura, Sa\u00fade, Educa\u00e7\u00e3o e Desenvolvimento Regional.<\/p>\n<p>O di\u00e1logo com os prefeitos tamb\u00e9m \u00e9 um dos pilares dessa estrat\u00e9gia. O Governo estadual atua de forma municipalista, respeitando as atribui\u00e7\u00f5es de cada ente, mas sendo parceiro direto das administra\u00e7\u00f5es municipais. Por meio dessa coopera\u00e7\u00e3o, o Estado tem levado obras, programas e investimentos aos munic\u00edpios, promovendo desenvolvimento equilibrado e fortalecendo a capacidade de gest\u00e3o local\u201d, destacou.<\/p>\n<p>Esse modelo de governan\u00e7a compartilhada reflete diretamente nos resultados da gest\u00e3o, segundo o chefe da Casa Civil. Com aproximadamente 88% das metas do plano de Governo j\u00e1 cumpridas, a gest\u00e3o de Eduardo Riedel consolida uma marca baseada na transforma\u00e7\u00e3o social, na gera\u00e7\u00e3o de oportunidades e na melhoria da qualidade de vida da popula\u00e7\u00e3o, resultado de uma articula\u00e7\u00e3o pol\u00edtica madura, respons\u00e1vel e comprometida com o futuro de Mato Grosso do Sul.<\/p>\n","protected":false},"excerpt":{"rendered":"<p>A s\u00f3lida parceria entre o Governo do Estado, a Assembleia Legislativa, a bancada federal e os prefeitos dos munic\u00edpios tem sido a base da governabilidade e do avan\u00e7o das pol\u00edticas p\u00fablicas em Mato Grosso do Sul. Sob a lideran\u00e7a do governador Eduardo Riedel, o Executivo estadual construiu um ambiente pol\u00edtico est\u00e1vel, pautado no di\u00e1logo e [&hellip;]<\/p>\n","protected":false},"author":5,"featured_media":43242,"comment_status":"open","ping_status":"open","sticky":false,"template":"","format":"standard","meta":{"om_disable_all_campaigns":false,"_monsterinsights_skip_tracking":false,"_monsterinsights_sitenote_active":false,"_monsterinsights_sitenote_note":"","_monsterinsights_sitenote_category":0,"footnotes":""},"categories":[27,30,266,42,193,1],"tags":[],"aioseo_notices":[],"_links":{"self":[{"href":"https:\/\/expressaoms.com.br\/index.php\/wp-json\/wp\/v2\/posts\/43240"}],"collection":[{"href":"https:\/\/expressaoms.com.br\/index.php\/wp-json\/wp\/v2\/posts"}],"about":[{"href":"https:\/\/expressaoms.com.br\/index.php\/wp-json\/wp\/v2\/types\/post"}],"author":[{"embeddable":true,"href":"https:\/\/expressaoms.com.br\/index.php\/wp-json\/wp\/v2\/users\/5"}],"replies":[{"embeddable":true,"href":"https:\/\/expressaoms.com.br\/index.php\/wp-json\/wp\/v2\/comments?post=43240"}],"version-history":[{"count":1,"href":"https:\/\/expressaoms.com.br\/index.php\/wp-json\/wp\/v2\/posts\/43240\/revisions"}],"predecessor-version":[{"id":43241,"href":"https:\/\/expressaoms.com.br\/index.php\/wp-json\/wp\/v2\/posts\/43240\/revisions\/43241"}],"wp:featuredmedia":[{"embeddable":true,"href":"https:\/\/expressaoms.com.br\/index.php\/wp-json\/wp\/v2\/media\/43242"}],"wp:attachment":[{"href":"https:\/\/expressaoms.com.br\/index.php\/wp-json\/wp\/v2\/media?parent=43240"}],"wp:term":[{"taxonomy":"category","embeddable":true,"href":"https:\/\/expressaoms.com.br\/index.php\/wp-json\/wp\/v2\/categories?post=43240"},{"taxonomy":"post_tag","embeddable":true,"href":"https:\/\/expressaoms.com.br\/index.php\/wp-json\/wp\/v2\/tags?post=43240"}],"curies":[{"name":"wp","href":"https:\/\/api.w.org\/{rel}","templated":true}]}}