{"id":43246,"date":"2026-02-02T08:19:38","date_gmt":"2026-02-02T12:19:38","guid":{"rendered":"https:\/\/expressaoms.com.br\/?p=43246"},"modified":"2026-02-02T09:21:00","modified_gmt":"2026-02-02T13:21:00","slug":"protecao-e-afeto-prefeitura-apresenta-diretrizes-do-programa-familia-acolhedora-em-reuniao-no-creas-2","status":"publish","type":"post","link":"https:\/\/expressaoms.com.br\/index.php\/2026\/02\/02\/protecao-e-afeto-prefeitura-apresenta-diretrizes-do-programa-familia-acolhedora-em-reuniao-no-creas-2\/","title":{"rendered":"Prote\u00e7\u00e3o e Afeto: Prefeitura apresenta diretrizes do Programa Fam\u00edlia Acolhedora em reuni\u00e3o no CREAS"},"content":{"rendered":"<p>Um passo fundamental para garantir o direito \u00e0 conviv\u00eancia familiar e comunit\u00e1ria de crian\u00e7as e adolescentes foi dado na tarde da \u00faltima quinta-feira (29). A Prefeitura de Brasil\u00e2ndia, por meio da Secretaria Municipal de Assist\u00eancia Social, reuniu-se na sede do Centro de Refer\u00eancia Especializado de Assist\u00eancia Social (CREAS) para apresentar oficialmente o\u00a0<strong>Programa Fam\u00edlia Acolhedora<\/strong>.<\/p>\n<p>&nbsp;<\/p>\n<p>O encontro contou com a presen\u00e7a da equipe t\u00e9cnica do CREAS, Defensoria, Minist\u00e9rio P\u00fablico, membros do Conselho Municipal dos Direitos da Crian\u00e7a e do Adolescente (CMDCA) e de moradores interessados em conhecer e participar dessa iniciativa solid\u00e1ria.<\/p>\n<p>&nbsp;<\/p>\n<p>Os pr\u00f3ximos passos ser\u00e1 a implanta\u00e7\u00e3o do Programa, na qual, primeiramente, haver\u00e1 a estrutura\u00e7\u00e3o do servi\u00e7o realizada pela Rede de Apoio e na sequ\u00eancia a abertura oficial para o cadastro de fam\u00edlias interessadas.<\/p>\n<p>&nbsp;<\/p>\n<p><strong>*O que diz a Lei<\/strong>*<\/p>\n<p>Institu\u00eddo pela\u00a0<strong>Lei Municipal n\u00ba 3.221<\/strong>, de 20 de agosto de 2025, o servi\u00e7o tem como objetivo oferecer acolhimento provis\u00f3rio e excepcional a crian\u00e7as e adolescentes (de 0 a 18 anos incompletos) que precisaram ser afastados de suas fam\u00edlias de origem por medida de prote\u00e7\u00e3o judicial.<\/p>\n<p>&nbsp;<\/p>\n<p>Diferente da ado\u00e7\u00e3o, a proposta do programa \u00e9 oferecer uma guarda subsidiada tempor\u00e1ria. A ideia \u00e9 que a crian\u00e7a seja acolhida em um lar com rotina, carinho e aten\u00e7\u00e3o individualizada enquanto sua situa\u00e7\u00e3o familiar de origem \u00e9 reestruturada, ou at\u00e9 que seja encaminhada para uma fam\u00edlia substituta definitiva.<\/p>\n<p>&nbsp;<\/p>\n<p><strong>Apoio e Subs\u00eddio<\/strong><\/p>\n<p>Durante a reuni\u00e3o, foram detalhados os incentivos para quem deseja abrir as portas de casa para o acolhimento. A legisla\u00e7\u00e3o municipal prev\u00ea que as fam\u00edlias cadastradas recebam um aux\u00edlio mensal de\u00a0<strong>R$ 300,00<\/strong>\u00a0(independente de estar com a crian\u00e7a no momento) e, quando houver o acolhimento efetivo, o valor de\u00a0<strong>um sal\u00e1rio m\u00ednimo<\/strong>\u00a0por crian\u00e7a ou adolescente.<\/p>\n<p>&nbsp;<\/p>\n<p>Al\u00e9m disso, o im\u00f3vel utilizado pela fam\u00edlia acolhedora (seja pr\u00f3prio ou alugado) ficar\u00e1\u00a0<strong>isento do pagamento de IPTU<\/strong>\u00a0durante o per\u00edodo de inscri\u00e7\u00e3o no servi\u00e7o.<\/p>\n<p>&nbsp;<\/p>\n<p><strong>Crit\u00e9rios para participar<\/strong><\/p>\n<p>Para se tornar uma Fam\u00edlia Acolhedora, \u00e9 necess\u00e1rio passar por um processo de sele\u00e7\u00e3o e capacita\u00e7\u00e3o rigoroso realizado pela equipe multidisciplinar. Entre os requisitos b\u00e1sicos est\u00e3o: ter mais de 21 anos, residir em Brasil\u00e2ndia, n\u00e3o ter hist\u00f3rico de v\u00edcios ou antecedentes criminais e ter disponibilidade afetiva.<\/p>\n<p>&nbsp;<\/p>\n<p>A implementa\u00e7\u00e3o deste servi\u00e7o marca um avan\u00e7o significativo nas pol\u00edticas p\u00fablicas de Brasil\u00e2ndia, mobilizando a sociedade para cuidar de quem \u00e9 o futuro do nosso munic\u00edpio e oferecendo a essas crian\u00e7as um ambiente de amor e seguran\u00e7a em momentos de vulnerabilidade.<\/p>\n","protected":false},"excerpt":{"rendered":"<p>Um passo fundamental para garantir o direito \u00e0 conviv\u00eancia familiar e comunit\u00e1ria de crian\u00e7as e adolescentes foi dado na tarde da \u00faltima quinta-feira (29). A Prefeitura de Brasil\u00e2ndia, por meio da Secretaria Municipal de Assist\u00eancia Social, reuniu-se na sede do Centro de Refer\u00eancia Especializado de Assist\u00eancia Social (CREAS) para apresentar oficialmente o\u00a0Programa Fam\u00edlia Acolhedora. &nbsp; [&hellip;]<\/p>\n","protected":false},"author":5,"featured_media":43247,"comment_status":"open","ping_status":"open","sticky":false,"template":"","format":"standard","meta":{"om_disable_all_campaigns":false,"_monsterinsights_skip_tracking":false,"_monsterinsights_sitenote_active":false,"_monsterinsights_sitenote_note":"","_monsterinsights_sitenote_category":0,"footnotes":""},"categories":[26,30,266,193],"tags":[],"aioseo_notices":[],"_links":{"self":[{"href":"https:\/\/expressaoms.com.br\/index.php\/wp-json\/wp\/v2\/posts\/43246"}],"collection":[{"href":"https:\/\/expressaoms.com.br\/index.php\/wp-json\/wp\/v2\/posts"}],"about":[{"href":"https:\/\/expressaoms.com.br\/index.php\/wp-json\/wp\/v2\/types\/post"}],"author":[{"embeddable":true,"href":"https:\/\/expressaoms.com.br\/index.php\/wp-json\/wp\/v2\/users\/5"}],"replies":[{"embeddable":true,"href":"https:\/\/expressaoms.com.br\/index.php\/wp-json\/wp\/v2\/comments?post=43246"}],"version-history":[{"count":1,"href":"https:\/\/expressaoms.com.br\/index.php\/wp-json\/wp\/v2\/posts\/43246\/revisions"}],"predecessor-version":[{"id":43248,"href":"https:\/\/expressaoms.com.br\/index.php\/wp-json\/wp\/v2\/posts\/43246\/revisions\/43248"}],"wp:featuredmedia":[{"embeddable":true,"href":"https:\/\/expressaoms.com.br\/index.php\/wp-json\/wp\/v2\/media\/43247"}],"wp:attachment":[{"href":"https:\/\/expressaoms.com.br\/index.php\/wp-json\/wp\/v2\/media?parent=43246"}],"wp:term":[{"taxonomy":"category","embeddable":true,"href":"https:\/\/expressaoms.com.br\/index.php\/wp-json\/wp\/v2\/categories?post=43246"},{"taxonomy":"post_tag","embeddable":true,"href":"https:\/\/expressaoms.com.br\/index.php\/wp-json\/wp\/v2\/tags?post=43246"}],"curies":[{"name":"wp","href":"https:\/\/api.w.org\/{rel}","templated":true}]}}