{"id":43249,"date":"2026-02-02T11:42:29","date_gmt":"2026-02-02T15:42:29","guid":{"rendered":"https:\/\/expressaoms.com.br\/?p=43249"},"modified":"2026-02-02T11:42:29","modified_gmt":"2026-02-02T15:42:29","slug":"sedecti-divulga-observatorio-do-emprego-e-aponta-crescimento-do-mercado-de-trabalho-em-tres-lagoas-em-2025","status":"publish","type":"post","link":"https:\/\/expressaoms.com.br\/index.php\/2026\/02\/02\/sedecti-divulga-observatorio-do-emprego-e-aponta-crescimento-do-mercado-de-trabalho-em-tres-lagoas-em-2025\/","title":{"rendered":"SEDECTI divulga Observat\u00f3rio do Emprego e aponta crescimento do mercado de trabalho em Tr\u00eas Lagoas em 2025"},"content":{"rendered":"<p>A Prefeitura de Tr\u00eas Lagoas, por meio da Secretaria Municipal de Desenvolvimento Econ\u00f4mico, Ci\u00eancia, Tecnologia e Inova\u00e7\u00e3o (SEDECTI), divulgou uma retrospectiva com o desempenho do mercado de trabalho no ano de 2025.<\/p>\n<p>De acordo com o Diretor de Desenvolvimento Econ\u00f4mico e Sustentabilidade da SEDECTI, Frank Morais, respons\u00e1vel pelo estudo, os dados apurados consolidam um cen\u00e1rio positivo para o mercado de trabalho no munic\u00edpio ao longo de 2025. No per\u00edodo analisado, foram registradas 30.499 admiss\u00f5es e 29.227 desligamentos, resultando em um saldo l\u00edquido positivo de 1.272 novos postos de trabalho. O destaque \u00e9 o setor de servi\u00e7os, que foi respons\u00e1vel por grande parte das novas vagas de emprego geradas no munic\u00edpio.<\/p>\n<p>Atualmente, Tr\u00eas Lagoas conta com um estoque de 44.972 empregos formais, o que representa um crescimento relativo de 2,9% ao ano, evidenciando a expans\u00e3o cont\u00ednua da atividade econ\u00f4mica local.<\/p>\n<p>Outro indicador relevante \u00e9 a taxa de rotatividade, que atingiu 66,4%, refletindo uma din\u00e2mica acelerada do mercado de trabalho. Frank analisa que esse comportamento \u00e9 caracter\u00edstico de munic\u00edpios com forte atra\u00e7\u00e3o de investimentos, onde h\u00e1 intensa movimenta\u00e7\u00e3o e competitividade por m\u00e3o de obra.<\/p>\n<p>Em rela\u00e7\u00e3o \u00e0 estabilidade dos v\u00ednculos empregat\u00edcios, o tempo m\u00e9dio de perman\u00eancia no emprego foi de 13,9 meses, indicando um n\u00edvel intermedi\u00e1rio de estabilidade, compat\u00edvel com ciclos produtivos e projetos estruturados em andamento no munic\u00edpio.<\/p>\n<p>A publica\u00e7\u00e3o traz ainda uma an\u00e1lise individualizada do desempenho de cada um dos setores (ind\u00fastria, com\u00e9rcio, servi\u00e7os, constru\u00e7\u00e3o civil e agropecu\u00e1ria) nos 12 munic\u00edpios que comp\u00f5em o \u201cVale da Celulose\u201d.<\/p>\n","protected":false},"excerpt":{"rendered":"<p>A Prefeitura de Tr\u00eas Lagoas, por meio da Secretaria Municipal de Desenvolvimento Econ\u00f4mico, Ci\u00eancia, Tecnologia e Inova\u00e7\u00e3o (SEDECTI), divulgou uma retrospectiva com o desempenho do mercado de trabalho no ano de 2025. De acordo com o Diretor de Desenvolvimento Econ\u00f4mico e Sustentabilidade da SEDECTI, Frank Morais, respons\u00e1vel pelo estudo, os dados apurados consolidam um cen\u00e1rio [&hellip;]<\/p>\n","protected":false},"author":5,"featured_media":43250,"comment_status":"open","ping_status":"open","sticky":false,"template":"","format":"standard","meta":{"om_disable_all_campaigns":false,"_monsterinsights_skip_tracking":false,"_monsterinsights_sitenote_active":false,"_monsterinsights_sitenote_note":"","_monsterinsights_sitenote_category":0,"footnotes":""},"categories":[30,36,266,193,48],"tags":[],"aioseo_notices":[],"_links":{"self":[{"href":"https:\/\/expressaoms.com.br\/index.php\/wp-json\/wp\/v2\/posts\/43249"}],"collection":[{"href":"https:\/\/expressaoms.com.br\/index.php\/wp-json\/wp\/v2\/posts"}],"about":[{"href":"https:\/\/expressaoms.com.br\/index.php\/wp-json\/wp\/v2\/types\/post"}],"author":[{"embeddable":true,"href":"https:\/\/expressaoms.com.br\/index.php\/wp-json\/wp\/v2\/users\/5"}],"replies":[{"embeddable":true,"href":"https:\/\/expressaoms.com.br\/index.php\/wp-json\/wp\/v2\/comments?post=43249"}],"version-history":[{"count":1,"href":"https:\/\/expressaoms.com.br\/index.php\/wp-json\/wp\/v2\/posts\/43249\/revisions"}],"predecessor-version":[{"id":43251,"href":"https:\/\/expressaoms.com.br\/index.php\/wp-json\/wp\/v2\/posts\/43249\/revisions\/43251"}],"wp:featuredmedia":[{"embeddable":true,"href":"https:\/\/expressaoms.com.br\/index.php\/wp-json\/wp\/v2\/media\/43250"}],"wp:attachment":[{"href":"https:\/\/expressaoms.com.br\/index.php\/wp-json\/wp\/v2\/media?parent=43249"}],"wp:term":[{"taxonomy":"category","embeddable":true,"href":"https:\/\/expressaoms.com.br\/index.php\/wp-json\/wp\/v2\/categories?post=43249"},{"taxonomy":"post_tag","embeddable":true,"href":"https:\/\/expressaoms.com.br\/index.php\/wp-json\/wp\/v2\/tags?post=43249"}],"curies":[{"name":"wp","href":"https:\/\/api.w.org\/{rel}","templated":true}]}}