{"id":43258,"date":"2026-02-02T14:49:30","date_gmt":"2026-02-02T18:49:30","guid":{"rendered":"https:\/\/expressaoms.com.br\/?p=43258"},"modified":"2026-02-02T11:50:39","modified_gmt":"2026-02-02T15:50:39","slug":"policia-militar-prende-autor-de-furto-em-flagrante-na-rua-manoel-antonio-jeremias","status":"publish","type":"post","link":"https:\/\/expressaoms.com.br\/index.php\/2026\/02\/02\/policia-militar-prende-autor-de-furto-em-flagrante-na-rua-manoel-antonio-jeremias\/","title":{"rendered":"Pol\u00edcia Militar prende autor de furto em flagrante na rua Manoel Antonio Jeremias"},"content":{"rendered":"<p class=\"ds-markdown-paragraph\">Na manh\u00e3 desta segunda-feira, 2, policiais militares do 2\u00ba Batalh\u00e3o de Pol\u00edcia Militar (2\u00ba BPM) prenderam em flagrante um homem de 26 anos por furto de fios el\u00e9tricos.<\/p>\n<p class=\"ds-markdown-paragraph\">A a\u00e7\u00e3o ocorreu por volta das 6h30, na rua Manoel Antonio Jeremias. Uma guarni\u00e7\u00e3o da For\u00e7a T\u00e1tica do PM deslocou-se ao local para apoiar um policial militar que, mesmo em per\u00edodo de folga, havia identificado uma situa\u00e7\u00e3o suspeita.<\/p>\n<p class=\"ds-markdown-paragraph\">Segundo o relato da Corpora\u00e7\u00e3o, o policial de folga visualizou dois indiv\u00edduos saltando a cerca de divisa do Condom\u00ednio Habitacional Alea. Ambos estavam em posse de fios, aparentemente furtados. Com a chegada do refor\u00e7o, foi poss\u00edvel deter um dos suspeitos. O outro conseguiu fugir.<\/p>\n<p class=\"ds-markdown-paragraph\">Ao homem de 26 anos foi dada voz de pris\u00e3o. Al\u00e9m dos fios recuperados, os policiais encontraram uma faca em sua posse.<\/p>\n<p class=\"ds-markdown-paragraph\">O detido foi encaminhado \u00e0 Delegacia de Pol\u00edcia, onde foi apresentado, juntamente com os objetos apreendidos, para os procedimentos cab\u00edveis.<\/p>\n<div style=\"width: 640px;\" class=\"wp-video\"><!--[if lt IE 9]><script>document.createElement('video');<\/script><![endif]-->\n<video class=\"wp-video-shortcode\" id=\"video-43258-1\" width=\"640\" height=\"362\" preload=\"metadata\" controls=\"controls\"><source type=\"video\/mp4\" src=\"https:\/\/expressaoms.com.br\/wp-content\/uploads\/2026\/02\/WhatsApp-Video-2026-02-02-at-12.00.59.mp4?_=1\" \/><a href=\"https:\/\/expressaoms.com.br\/wp-content\/uploads\/2026\/02\/WhatsApp-Video-2026-02-02-at-12.00.59.mp4\">https:\/\/expressaoms.com.br\/wp-content\/uploads\/2026\/02\/WhatsApp-Video-2026-02-02-at-12.00.59.mp4<\/a><\/video><\/div>\n","protected":false},"excerpt":{"rendered":"<p>Na manh\u00e3 desta segunda-feira, 2, policiais militares do 2\u00ba Batalh\u00e3o de Pol\u00edcia Militar (2\u00ba BPM) prenderam em flagrante um homem de 26 anos por furto de fios el\u00e9tricos. A a\u00e7\u00e3o ocorreu por volta das 6h30, na rua Manoel Antonio Jeremias. Uma guarni\u00e7\u00e3o da For\u00e7a T\u00e1tica do PM deslocou-se ao local para apoiar um policial militar [&hellip;]<\/p>\n","protected":false},"author":5,"featured_media":43259,"comment_status":"open","ping_status":"open","sticky":false,"template":"","format":"standard","meta":{"om_disable_all_campaigns":false,"_monsterinsights_skip_tracking":false,"_monsterinsights_sitenote_active":false,"_monsterinsights_sitenote_note":"","_monsterinsights_sitenote_category":0,"footnotes":""},"categories":[30,266,41,193,48],"tags":[],"aioseo_notices":[],"_links":{"self":[{"href":"https:\/\/expressaoms.com.br\/index.php\/wp-json\/wp\/v2\/posts\/43258"}],"collection":[{"href":"https:\/\/expressaoms.com.br\/index.php\/wp-json\/wp\/v2\/posts"}],"about":[{"href":"https:\/\/expressaoms.com.br\/index.php\/wp-json\/wp\/v2\/types\/post"}],"author":[{"embeddable":true,"href":"https:\/\/expressaoms.com.br\/index.php\/wp-json\/wp\/v2\/users\/5"}],"replies":[{"embeddable":true,"href":"https:\/\/expressaoms.com.br\/index.php\/wp-json\/wp\/v2\/comments?post=43258"}],"version-history":[{"count":1,"href":"https:\/\/expressaoms.com.br\/index.php\/wp-json\/wp\/v2\/posts\/43258\/revisions"}],"predecessor-version":[{"id":43261,"href":"https:\/\/expressaoms.com.br\/index.php\/wp-json\/wp\/v2\/posts\/43258\/revisions\/43261"}],"wp:featuredmedia":[{"embeddable":true,"href":"https:\/\/expressaoms.com.br\/index.php\/wp-json\/wp\/v2\/media\/43259"}],"wp:attachment":[{"href":"https:\/\/expressaoms.com.br\/index.php\/wp-json\/wp\/v2\/media?parent=43258"}],"wp:term":[{"taxonomy":"category","embeddable":true,"href":"https:\/\/expressaoms.com.br\/index.php\/wp-json\/wp\/v2\/categories?post=43258"},{"taxonomy":"post_tag","embeddable":true,"href":"https:\/\/expressaoms.com.br\/index.php\/wp-json\/wp\/v2\/tags?post=43258"}],"curies":[{"name":"wp","href":"https:\/\/api.w.org\/{rel}","templated":true}]}}