{"id":43268,"date":"2026-02-02T15:26:24","date_gmt":"2026-02-02T19:26:24","guid":{"rendered":"https:\/\/expressaoms.com.br\/?p=43268"},"modified":"2026-02-02T15:26:24","modified_gmt":"2026-02-02T19:26:24","slug":"na-volta-aos-trabalhos-da-camara-adriane-lopes-destaca-parceria-e-investimentos","status":"publish","type":"post","link":"https:\/\/expressaoms.com.br\/index.php\/2026\/02\/02\/na-volta-aos-trabalhos-da-camara-adriane-lopes-destaca-parceria-e-investimentos\/","title":{"rendered":"Na volta aos trabalhos da C\u00e2mara, Adriane Lopes destaca parceria e investimentos"},"content":{"rendered":"<p>A Prefeita de Campo Grande, Adriane Lopes, participou, na manh\u00e3 desta segunda-feira (2), da abertura oficial da Sess\u00e3o Solene Inaugural que marcou a retomada dos trabalhos legislativos da C\u00e2mara Municipal para o ano de 2026. O evento refor\u00e7ou o di\u00e1logo entre os poderes Executivo e Legislativo, evidenciando a parceria constru\u00edda para viabilizar investimentos em todas as \u00e1reas da administra\u00e7\u00e3o e a\u00e7\u00f5es que beneficiem diretamente a popula\u00e7\u00e3o campo-grandense nos pr\u00f3ximos anos.<\/p>\n<p>Durante a solenidade, Adriane Lopes destacou a import\u00e2ncia da coopera\u00e7\u00e3o entre a Prefeitura de Campo Grande e a C\u00e2mara Municipal no enfrentamento dos desafios hist\u00f3ricos da Capital. Em sua fala, a gestora ressaltou o papel do Legislativo na constru\u00e7\u00e3o de resultados para o munic\u00edpio. \u201cEssa Casa de Leis tem um papel fundamental nos resultados que n\u00f3s vamos entregar nos pr\u00f3ximos anos. Se um Executivo quer avan\u00e7ar, precisa da parceria e da constru\u00e7\u00e3o positiva dessa Casa\u201d.<\/p>\n<figure class=\"wp-block-image size-large\"><img fetchpriority=\"high\" decoding=\"async\" class=\"wp-image-156165\" src=\"https:\/\/cdn.campogrande.ms.gov.br\/portal\/prod\/uploads\/sites\/3\/2026\/02\/WhatsApp-Image-2026-02-02-at-11.51.46-1024x682.jpeg\" sizes=\"(max-width: 1024px) 100vw, 1024px\" srcset=\"https:\/\/cdn.campogrande.ms.gov.br\/portal\/prod\/uploads\/sites\/3\/2026\/02\/WhatsApp-Image-2026-02-02-at-11.51.46-1024x682.jpeg 1024w, https:\/\/cdn.campogrande.ms.gov.br\/portal\/prod\/uploads\/sites\/3\/2026\/02\/WhatsApp-Image-2026-02-02-at-11.51.46-300x200.jpeg 300w, https:\/\/cdn.campogrande.ms.gov.br\/portal\/prod\/uploads\/sites\/3\/2026\/02\/WhatsApp-Image-2026-02-02-at-11.51.46-768x512.jpeg 768w, https:\/\/cdn.campogrande.ms.gov.br\/portal\/prod\/uploads\/sites\/3\/2026\/02\/WhatsApp-Image-2026-02-02-at-11.51.46.jpeg 1280w\" alt=\"\" width=\"1024\" height=\"682\" \/><\/figure>\n<p>A prefeita lembrou ainda que, em 2025, cerca de 90% dos projetos encaminhados pela Prefeitura foram aprovados pela C\u00e2mara Municipal, demonstrando o alinhamento institucional entre os poderes. Adriane Lopes tamb\u00e9m destacou a retomada da capacidade de investimento do munic\u00edpio.<\/p>\n<blockquote><p>\u201cN\u00f3s tomamos medidas dif\u00edceis, mas necess\u00e1rias, para que nos pr\u00f3ximos anos possamos fazer entregas para a cidade. A partir do plano de equil\u00edbrio fiscal aprovado pelo Tesouro Nacional, Campo Grande volta a ter condi\u00e7\u00f5es de investir, reestruturar servi\u00e7os e levar melhorias para a popula\u00e7\u00e3o\u201d.<\/p><\/blockquote>\n<p>A chefe do Executivo ressaltou que o munic\u00edpio entregou aos vereadores um relat\u00f3rio com as principais a\u00e7\u00f5es j\u00e1 realizadas e os projetos planejados para os pr\u00f3ximos anos. \u201cHoje n\u00f3s vamos deixar, nas m\u00e3os dos vereadores e do presidente desta Casa, um relat\u00f3rio de todas as a\u00e7\u00f5es que juntos n\u00f3s desempenhamos, entregamos e projetamos para Campo Grande e para os pr\u00f3ximos anos\u201d, declarou.<\/p>\n<p>O presidente da C\u00e2mara Municipal, vereador Epaminondas Neto, o Papy, refor\u00e7ou que o Legislativo inicia 2026 reafirmando o compromisso com a popula\u00e7\u00e3o e com o di\u00e1logo institucional. \u201cEssa Casa tem compromisso com a popula\u00e7\u00e3o de Campo Grande\u201d. Pontuou ainda que a independ\u00eancia entre os poderes fortalece a democracia e n\u00e3o impede a coopera\u00e7\u00e3o. \u201cO di\u00e1logo \u00e9 o m\u00e9todo que n\u00f3s precisamos ter\u201d, completou.<\/p>\n<p>Papy tamb\u00e9m destacou que o alinhamento entre os poderes tem garantido avan\u00e7os importantes para a Capital. \u201cQuando estamos unidos na mesma dire\u00e7\u00e3o, Campo Grande ganha. O campo-grandense n\u00e3o quer briga de pol\u00edtico, quer solu\u00e7\u00e3o para a sua vida\u201d, ressaltou.<\/p>\n<p>Dessa forma, a atua\u00e7\u00e3o integrada entre Executivo e Legislativo, fortalece o apoio institucional e reafirma o compromisso com a gest\u00e3o municipal, criando as condi\u00e7\u00f5es necess\u00e1rias para novos investimentos e entregas que impactem positivamente a vida da popula\u00e7\u00e3o campo-grandense nos pr\u00f3ximos anos.<\/p>\n","protected":false},"excerpt":{"rendered":"<p>A Prefeita de Campo Grande, Adriane Lopes, participou, na manh\u00e3 desta segunda-feira (2), da abertura oficial da Sess\u00e3o Solene Inaugural que marcou a retomada dos trabalhos legislativos da C\u00e2mara Municipal para o ano de 2026. O evento refor\u00e7ou o di\u00e1logo entre os poderes Executivo e Legislativo, evidenciando a parceria constru\u00edda para viabilizar investimentos em todas [&hellip;]<\/p>\n","protected":false},"author":3,"featured_media":43269,"comment_status":"open","ping_status":"open","sticky":false,"template":"","format":"standard","meta":{"om_disable_all_campaigns":false,"_monsterinsights_skip_tracking":false,"_monsterinsights_sitenote_active":false,"_monsterinsights_sitenote_note":"","_monsterinsights_sitenote_category":0,"footnotes":""},"categories":[27,42],"tags":[],"aioseo_notices":[],"_links":{"self":[{"href":"https:\/\/expressaoms.com.br\/index.php\/wp-json\/wp\/v2\/posts\/43268"}],"collection":[{"href":"https:\/\/expressaoms.com.br\/index.php\/wp-json\/wp\/v2\/posts"}],"about":[{"href":"https:\/\/expressaoms.com.br\/index.php\/wp-json\/wp\/v2\/types\/post"}],"author":[{"embeddable":true,"href":"https:\/\/expressaoms.com.br\/index.php\/wp-json\/wp\/v2\/users\/3"}],"replies":[{"embeddable":true,"href":"https:\/\/expressaoms.com.br\/index.php\/wp-json\/wp\/v2\/comments?post=43268"}],"version-history":[{"count":1,"href":"https:\/\/expressaoms.com.br\/index.php\/wp-json\/wp\/v2\/posts\/43268\/revisions"}],"predecessor-version":[{"id":43270,"href":"https:\/\/expressaoms.com.br\/index.php\/wp-json\/wp\/v2\/posts\/43268\/revisions\/43270"}],"wp:featuredmedia":[{"embeddable":true,"href":"https:\/\/expressaoms.com.br\/index.php\/wp-json\/wp\/v2\/media\/43269"}],"wp:attachment":[{"href":"https:\/\/expressaoms.com.br\/index.php\/wp-json\/wp\/v2\/media?parent=43268"}],"wp:term":[{"taxonomy":"category","embeddable":true,"href":"https:\/\/expressaoms.com.br\/index.php\/wp-json\/wp\/v2\/categories?post=43268"},{"taxonomy":"post_tag","embeddable":true,"href":"https:\/\/expressaoms.com.br\/index.php\/wp-json\/wp\/v2\/tags?post=43268"}],"curies":[{"name":"wp","href":"https:\/\/api.w.org\/{rel}","templated":true}]}}