{"id":44135,"date":"2026-03-03T16:46:39","date_gmt":"2026-03-03T20:46:39","guid":{"rendered":"https:\/\/expressaoms.com.br\/?p=44135"},"modified":"2026-03-03T13:47:50","modified_gmt":"2026-03-03T17:47:50","slug":"avanco-historico-prefeitura-recebe-equipe-da-funai-e-viabiliza-processo-de-demarcacao-e-georreferenciamento-da-aldeia-ofaie","status":"publish","type":"post","link":"https:\/\/expressaoms.com.br\/index.php\/2026\/03\/03\/avanco-historico-prefeitura-recebe-equipe-da-funai-e-viabiliza-processo-de-demarcacao-e-georreferenciamento-da-aldeia-ofaie\/","title":{"rendered":"Avan\u00e7o Hist\u00f3rico: Prefeitura recebe equipe da FUNAI e viabiliza processo de demarca\u00e7\u00e3o e georreferenciamento da Aldeia Ofai\u00e9"},"content":{"rendered":"<div class=\"ntc_cont_descricao_noticia sw_txteditor\">\n<p>O processo de regulariza\u00e7\u00e3o fundi\u00e1ria da comunidade ind\u00edgena de Brasil\u00e2ndia deu um passo decisivo na \u00faltima quinta-feira (26 de fevereiro). A prefeita M\u00e1rcia Amaral recebeu no gabinete do Pa\u00e7o Municipal uma comitiva t\u00e9cnica da Funda\u00e7\u00e3o Nacional dos Povos Ind\u00edgenas (FUNAI), vinda diretamente de Bras\u00edlia, para dar andamento \u00e0 demarca\u00e7\u00e3o das terras da Aldeia Ofai\u00e9.<\/p>\n<p>A agenda local \u00e9 resultado direto de uma articula\u00e7\u00e3o pol\u00edtica iniciada no final do ano passado. No dia 05 de novembro de 2025, a chefe do Executivo e o titular da Secretaria Municipal de Meio Ambiente estiveram na capital federal reivindicando agilidade no processo de homologa\u00e7\u00e3o da \u00e1rea.<\/p>\n<p>&nbsp;<\/p>\n<p><strong>Vistoria e Georreferenciamento<\/strong><\/p>\n<p>A equipe t\u00e9cnica da FUNAI est\u00e1 em Brasil\u00e2ndia desde o dia 20 de fevereiro, realizando visitas de campo e vistorias detalhadas na aldeia. O grupo \u00e9 formado pelo antrop\u00f3logo Elciney Paiz Flores, pelo engenheiro cart\u00f3grafo da Coordena\u00e7\u00e3o Geral de Demarca\u00e7\u00e3o, Jos\u00e9 Ant\u00f4nio de S\u00e1, pelo especialista em georreferenciamento e chefe substituto do SEGATI CG, Leandro Lopes, al\u00e9m de Israel Benjamim. Tamb\u00e9m participaram da reuni\u00e3o, a cacique da Aldeia, Ramona Coimbra e o secret\u00e1rio de meio ambiente, Carlito Dutra.<\/p>\n<p>&nbsp;<\/p>\n<p>O trabalho de georreferenciamento \u00e9 a etapa t\u00e9cnica exigida para mapear os limites exatos do territ\u00f3rio. Ap\u00f3s as an\u00e1lises preliminares in loco, a equipe t\u00e9cnica atestou que n\u00e3o existem impedimentos para a conclus\u00e3o da demarca\u00e7\u00e3o e a consequente regulariza\u00e7\u00e3o da terra ind\u00edgena.<\/p>\n<p>&nbsp;<\/p>\n<p><strong>Reconhecimento e Educa\u00e7\u00e3o<\/strong><\/p>\n<p>Durante a reuni\u00e3o no gabinete, o antrop\u00f3logo Elciney Paiz Flores parabenizou a prefeita M\u00e1rcia Amaral pela iniciativa de buscar a resolu\u00e7\u00e3o do processo em Bras\u00edlia e pelo suporte cont\u00ednuo que a atual gest\u00e3o oferece \u00e0 comunidade. Ele pontuou que a proximidade entre o Poder Executivo Municipal e os povos origin\u00e1rios deve ter sequ\u00eancia, pois garante ganhos reais para a popula\u00e7\u00e3o ind\u00edgena. O representante da FUNAI tamb\u00e9m elogiou a atual cacique da aldeia pela organiza\u00e7\u00e3o interna da comunidade.<\/p>\n<p>&nbsp;<\/p>\n<p>Al\u00e9m da pauta territorial, a reuni\u00e3o estabeleceu diretrizes para a \u00e1rea da educa\u00e7\u00e3o. O grupo debateu os pr\u00f3ximos passos e as exig\u00eancias burocr\u00e1ticas necess\u00e1rias para a reabertura oficial da Escola Ind\u00edgena Ofai\u00e9, garantindo que as crian\u00e7as e jovens da aldeia tenham acesso ao ensino formal dentro de suas pr\u00f3prias tradi\u00e7\u00f5es e territ\u00f3rio.<\/p>\n<\/div>\n<div class=\"ntc_area_info_noticia sw_lato\">\n<div><\/div>\n<\/div>\n","protected":false},"excerpt":{"rendered":"<p>O processo de regulariza\u00e7\u00e3o fundi\u00e1ria da comunidade ind\u00edgena de Brasil\u00e2ndia deu um passo decisivo na \u00faltima quinta-feira (26 de fevereiro). A prefeita M\u00e1rcia Amaral recebeu no gabinete do Pa\u00e7o Municipal uma comitiva t\u00e9cnica da Funda\u00e7\u00e3o Nacional dos Povos Ind\u00edgenas (FUNAI), vinda diretamente de Bras\u00edlia, para dar andamento \u00e0 demarca\u00e7\u00e3o das terras da Aldeia Ofai\u00e9. A [&hellip;]<\/p>\n","protected":false},"author":5,"featured_media":44136,"comment_status":"open","ping_status":"open","sticky":false,"template":"","format":"standard","meta":{"om_disable_all_campaigns":false,"_monsterinsights_skip_tracking":false,"_monsterinsights_sitenote_active":false,"_monsterinsights_sitenote_note":"","_monsterinsights_sitenote_category":0,"footnotes":""},"categories":[26,30,266,193],"tags":[],"aioseo_notices":[],"_links":{"self":[{"href":"https:\/\/expressaoms.com.br\/index.php\/wp-json\/wp\/v2\/posts\/44135"}],"collection":[{"href":"https:\/\/expressaoms.com.br\/index.php\/wp-json\/wp\/v2\/posts"}],"about":[{"href":"https:\/\/expressaoms.com.br\/index.php\/wp-json\/wp\/v2\/types\/post"}],"author":[{"embeddable":true,"href":"https:\/\/expressaoms.com.br\/index.php\/wp-json\/wp\/v2\/users\/5"}],"replies":[{"embeddable":true,"href":"https:\/\/expressaoms.com.br\/index.php\/wp-json\/wp\/v2\/comments?post=44135"}],"version-history":[{"count":1,"href":"https:\/\/expressaoms.com.br\/index.php\/wp-json\/wp\/v2\/posts\/44135\/revisions"}],"predecessor-version":[{"id":44137,"href":"https:\/\/expressaoms.com.br\/index.php\/wp-json\/wp\/v2\/posts\/44135\/revisions\/44137"}],"wp:featuredmedia":[{"embeddable":true,"href":"https:\/\/expressaoms.com.br\/index.php\/wp-json\/wp\/v2\/media\/44136"}],"wp:attachment":[{"href":"https:\/\/expressaoms.com.br\/index.php\/wp-json\/wp\/v2\/media?parent=44135"}],"wp:term":[{"taxonomy":"category","embeddable":true,"href":"https:\/\/expressaoms.com.br\/index.php\/wp-json\/wp\/v2\/categories?post=44135"},{"taxonomy":"post_tag","embeddable":true,"href":"https:\/\/expressaoms.com.br\/index.php\/wp-json\/wp\/v2\/tags?post=44135"}],"curies":[{"name":"wp","href":"https:\/\/api.w.org\/{rel}","templated":true}]}}