{"id":44162,"date":"2026-03-04T14:02:32","date_gmt":"2026-03-04T18:02:32","guid":{"rendered":"https:\/\/expressaoms.com.br\/?p=44162"},"modified":"2026-03-04T13:03:39","modified_gmt":"2026-03-04T17:03:39","slug":"vereadores-prestigiam-entrega-de-obras-em-escola-de-tempo-integral","status":"publish","type":"post","link":"https:\/\/expressaoms.com.br\/index.php\/2026\/03\/04\/vereadores-prestigiam-entrega-de-obras-em-escola-de-tempo-integral\/","title":{"rendered":"Vereadores prestigiam entrega de obras em escola de tempo integral"},"content":{"rendered":"<p>A C\u00e2mara de Vereadores de Tr\u00eas Lagoas marcou presen\u00e7a, na manh\u00e3 desta quarta-feira (4), na cerim\u00f4nia de entrega de obras de constru\u00e7\u00e3o e amplia\u00e7\u00e3o da Escola Municipal Prof\u00aa Maria de Lourdes, na Vila Piloto. A unidade passa a atender o Projeto Escola de Tempo Integral (PROETI), fortalecendo a pol\u00edtica p\u00fablica voltada \u00e0 educa\u00e7\u00e3o em per\u00edodo integral no munic\u00edpio.<\/p>\n<p>O ato foi promovido pela Prefeitura de Tr\u00eas Lagoas, por meio da Secretaria Municipal de Educa\u00e7\u00e3o (SEMED), e reuniu autoridades, servidores, pais e alunos. Representando o Poder Legislativo, vereadores Sirlene dos Santos, Tonh\u00e3o, M\u00e1rio Grespan, Evaldo Reis, , Pedrinho J\u00fanior, Fernando Jurado e \u00a0Daniel da Farm\u00e1cia (representado por assessor), acompanharam a solenidade e refor\u00e7aram o compromisso da Casa com iniciativas que ampliam o acesso e a qualidade do ensino na rede p\u00fablica.<\/p>\n<p>O Projeto Escola de Tempo Integral \u00e9 uma iniciativa da administra\u00e7\u00e3o municipal, desenvolvida pela SEMED, e tem como lema a \u201ceduca\u00e7\u00e3o com equidade e com qualidade social para todos\u201d. A proposta busca garantir n\u00e3o apenas maior perman\u00eancia dos alunos na escola, mas tamb\u00e9m assegurar igualdade de oportunidades e forma\u00e7\u00e3o integral, respeitando as realidades sociais de cada estudante.<\/p>\n<p>Com a amplia\u00e7\u00e3o da estrutura, a unidade passa a contar com espa\u00e7os mais adequados para o desenvolvimento das atividades pedag\u00f3gicas, culturais e esportivas previstas no programa. O modelo de ensino em tempo integral amplia o acompanhamento escolar e contribui para o fortalecimento do v\u00ednculo entre escola, fam\u00edlia e comunidade.<\/p>\n<p>A participa\u00e7\u00e3o do Legislativo simboliza a harmonia entre os poderes e refor\u00e7a a convic\u00e7\u00e3o de que uma educa\u00e7\u00e3o p\u00fablica forte continua sendo o alicerce para o desenvolvimento de Tr\u00eas Lagoas.<\/p>\n<p>\u201cQuando a gente v\u00ea o avan\u00e7o das crian\u00e7as, \u00e9 como se n\u00f3s tamb\u00e9m estiv\u00e9ssemos avan\u00e7ando e cumprindo a nossa miss\u00e3o\u201d, afirmou a secret\u00e1ria municipal de educa\u00e7\u00e3o, \u00c2ngela Maria de Brito<\/p>\n<p>Para o presidente da C\u00e2mara, vereador Tonh\u00e3o, \u201cquando a gente fala de educa\u00e7\u00e3o, n\u00e3o falamos s\u00f3 de n\u00fameros; falamos de vidas transformadas\u201d.<\/p>\n<p>\u201cCuidando dessas crian\u00e7as e promovendo educa\u00e7\u00e3o, temos a certeza de que estamos no caminho certo\u201d, destacou o prefeito Dr. \u00a0Cassiano Maia, acompanhado da primeira dama kelly Arbanizio.<\/p>\n<p>Ainda estiveram presentes os secret\u00e1rios Walter Huck ( Sejuvel) e Osmar Dias (Obras).<\/p>\n<p>&nbsp;<\/p>\n","protected":false},"excerpt":{"rendered":"<p>A C\u00e2mara de Vereadores de Tr\u00eas Lagoas marcou presen\u00e7a, na manh\u00e3 desta quarta-feira (4), na cerim\u00f4nia de entrega de obras de constru\u00e7\u00e3o e amplia\u00e7\u00e3o da Escola Municipal Prof\u00aa Maria de Lourdes, na Vila Piloto. A unidade passa a atender o Projeto Escola de Tempo Integral (PROETI), fortalecendo a pol\u00edtica p\u00fablica voltada \u00e0 educa\u00e7\u00e3o em per\u00edodo [&hellip;]<\/p>\n","protected":false},"author":5,"featured_media":44163,"comment_status":"open","ping_status":"open","sticky":false,"template":"","format":"standard","meta":{"om_disable_all_campaigns":false,"_monsterinsights_skip_tracking":false,"_monsterinsights_sitenote_active":false,"_monsterinsights_sitenote_note":"","_monsterinsights_sitenote_category":0,"footnotes":""},"categories":[30,266,42,193,48],"tags":[],"aioseo_notices":[],"_links":{"self":[{"href":"https:\/\/expressaoms.com.br\/index.php\/wp-json\/wp\/v2\/posts\/44162"}],"collection":[{"href":"https:\/\/expressaoms.com.br\/index.php\/wp-json\/wp\/v2\/posts"}],"about":[{"href":"https:\/\/expressaoms.com.br\/index.php\/wp-json\/wp\/v2\/types\/post"}],"author":[{"embeddable":true,"href":"https:\/\/expressaoms.com.br\/index.php\/wp-json\/wp\/v2\/users\/5"}],"replies":[{"embeddable":true,"href":"https:\/\/expressaoms.com.br\/index.php\/wp-json\/wp\/v2\/comments?post=44162"}],"version-history":[{"count":1,"href":"https:\/\/expressaoms.com.br\/index.php\/wp-json\/wp\/v2\/posts\/44162\/revisions"}],"predecessor-version":[{"id":44164,"href":"https:\/\/expressaoms.com.br\/index.php\/wp-json\/wp\/v2\/posts\/44162\/revisions\/44164"}],"wp:featuredmedia":[{"embeddable":true,"href":"https:\/\/expressaoms.com.br\/index.php\/wp-json\/wp\/v2\/media\/44163"}],"wp:attachment":[{"href":"https:\/\/expressaoms.com.br\/index.php\/wp-json\/wp\/v2\/media?parent=44162"}],"wp:term":[{"taxonomy":"category","embeddable":true,"href":"https:\/\/expressaoms.com.br\/index.php\/wp-json\/wp\/v2\/categories?post=44162"},{"taxonomy":"post_tag","embeddable":true,"href":"https:\/\/expressaoms.com.br\/index.php\/wp-json\/wp\/v2\/tags?post=44162"}],"curies":[{"name":"wp","href":"https:\/\/api.w.org\/{rel}","templated":true}]}}