{"id":44165,"date":"2026-03-04T16:04:23","date_gmt":"2026-03-04T20:04:23","guid":{"rendered":"https:\/\/expressaoms.com.br\/?p=44165"},"modified":"2026-03-04T13:05:14","modified_gmt":"2026-03-04T17:05:14","slug":"brasilandia-sedia-1o-encontro-itinerante-do-eixo-educacao-e-aprendizagem-do-integra-costa-leste-2026","status":"publish","type":"post","link":"https:\/\/expressaoms.com.br\/index.php\/2026\/03\/04\/brasilandia-sedia-1o-encontro-itinerante-do-eixo-educacao-e-aprendizagem-do-integra-costa-leste-2026\/","title":{"rendered":"Brasil\u00e2ndia sedia 1\u00ba Encontro Itinerante do Eixo Educa\u00e7\u00e3o e Aprendizagem do Integra Costa Leste 2026"},"content":{"rendered":"<p>Na ter\u00e7a-feira, 03 de mar\u00e7o de 2026, Brasil\u00e2ndia sediou o\u00a0<strong>1\u00ba Encontro Itinerante \u2013 Eixo Educa\u00e7\u00e3o e Aprendizagem<\/strong>, integrante do programa\u00a0<strong>Integra Costa Leste 2026 (AICL)<\/strong>. O encontro reuniu gestores e equipes t\u00e9cnicas de diversos munic\u00edpios com um objetivo comum: dialogar, planejar e fortalecer a governan\u00e7a educacional regional.<\/p>\n<p>A agenda foi constru\u00edda a partir da\u00a0<strong>Estrat\u00e9gia 1<\/strong>, voltada ao fortalecimento da governan\u00e7a cooperativa dos gestores municipais na elabora\u00e7\u00e3o e no acompanhamento do Plano Municipal de Educa\u00e7\u00e3o. Mais do que um evento formal, o encontro se consolidou como espa\u00e7o de escuta ativa, troca de experi\u00eancias e constru\u00e7\u00e3o conjunta do Plano de A\u00e7\u00e3o 2026.<\/p>\n<p>Participaram representantes dos munic\u00edpios de Tr\u00eas Lagoas, Brasil\u00e2ndia, Santa Rita do Pardo, Selv\u00edria, Cassil\u00e2ndia, Para\u00edso das \u00c1guas, Ribas do Rio Pardo e Bataguassu, refor\u00e7ando a import\u00e2ncia da coopera\u00e7\u00e3o intermunicipal para o avan\u00e7o da educa\u00e7\u00e3o p\u00fablica.<\/p>\n<p>O encontro contou com a presen\u00e7a da prefeita\u00a0<strong>M\u00e1rcia Amaral<\/strong>, da secret\u00e1ria municipal de Educa\u00e7\u00e3o\u00a0<strong>Maria In\u00eas<\/strong>\u00a0e da secret\u00e1ria adjunta\u00a0<strong>Maristela<\/strong>, al\u00e9m de secret\u00e1rios e t\u00e9cnicas educacionais de diversos munic\u00edpios da regi\u00e3o. A presen\u00e7a das lideran\u00e7as refor\u00e7ou a centralidade da educa\u00e7\u00e3o como pol\u00edtica p\u00fablica cont\u00ednua, constru\u00edda com responsabilidade e vis\u00e3o de futuro.<\/p>\n<p>A programa\u00e7\u00e3o teve in\u00edcio com o credenciamento e o\u00a0<em>Caf\u00e9 com Prosa Compartilhado<\/em>, seguido do acolhimento institucional e da abertura oficial. A apresenta\u00e7\u00e3o cultural da\u00a0<strong>FAMBRA \u2013 Fanfarra de Brasil\u00e2ndia<\/strong>\u00a0marcou simbolicamente o compromisso do munic\u00edpio com a valoriza\u00e7\u00e3o da cultura local e da educa\u00e7\u00e3o integral.<\/p>\n<p>Um dos pontos centrais do dia foi o painel tem\u00e1tico sobre\u00a0<strong>Governan\u00e7a Cooperativa e Plano Municipal de Educa\u00e7\u00e3o<\/strong>, conduzido pela Profa. Mestra\u00a0<strong>Ana Cl\u00e1udia Baz\u00e9 de Lima<\/strong>, com media\u00e7\u00e3o da Profa. Mestra\u00a0<strong>Angela Maria de Brito<\/strong>, presidente e vice-presidente da Comiss\u00e3o do Plano Municipal de Educa\u00e7\u00e3o de Tr\u00eas Lagoas. O di\u00e1logo trouxe desafios reais e possibilidades concretas para a regi\u00e3o da Costa Leste, conectando teoria, pr\u00e1tica e realidade dos territ\u00f3rios.<\/p>\n<p>No per\u00edodo da tarde, os participantes foram organizados em grupos intermunicipais para an\u00e1lise do instrumento de monitoramento do Plano Municipal de Educa\u00e7\u00e3o. As propostas constru\u00eddas coletivamente resultaram na pactua\u00e7\u00e3o regional de um instrumento comum de acompanhamento, na defini\u00e7\u00e3o de uma agenda intermunicipal e nos encaminhamentos para o segundo encontro itinerante.<\/p>\n<p>Ao final do encontro, a s\u00edntese pol\u00edtica evidenciou que a educa\u00e7\u00e3o avan\u00e7a quando h\u00e1 disposi\u00e7\u00e3o para ouvir, planejar e caminhar junto. Ao sediar o 1\u00ba Encontro Itinerante do Eixo Educa\u00e7\u00e3o e Aprendizagem, Brasil\u00e2ndia reafirma seu papel como territ\u00f3rio de di\u00e1logo e constru\u00e7\u00e3o coletiva, investindo tempo, estrutura e lideran\u00e7a para que a governan\u00e7a educacional produza resultados reais para estudantes, educadores e para toda a comunidade.<\/p>\n<p>&nbsp;<\/p>\n","protected":false},"excerpt":{"rendered":"<p>Na ter\u00e7a-feira, 03 de mar\u00e7o de 2026, Brasil\u00e2ndia sediou o\u00a01\u00ba Encontro Itinerante \u2013 Eixo Educa\u00e7\u00e3o e Aprendizagem, integrante do programa\u00a0Integra Costa Leste 2026 (AICL). O encontro reuniu gestores e equipes t\u00e9cnicas de diversos munic\u00edpios com um objetivo comum: dialogar, planejar e fortalecer a governan\u00e7a educacional regional. A agenda foi constru\u00edda a partir da\u00a0Estrat\u00e9gia 1, voltada [&hellip;]<\/p>\n","protected":false},"author":5,"featured_media":44166,"comment_status":"open","ping_status":"open","sticky":false,"template":"","format":"standard","meta":{"om_disable_all_campaigns":false,"_monsterinsights_skip_tracking":false,"_monsterinsights_sitenote_active":false,"_monsterinsights_sitenote_note":"","_monsterinsights_sitenote_category":0,"footnotes":""},"categories":[26,30,266,193],"tags":[],"aioseo_notices":[],"_links":{"self":[{"href":"https:\/\/expressaoms.com.br\/index.php\/wp-json\/wp\/v2\/posts\/44165"}],"collection":[{"href":"https:\/\/expressaoms.com.br\/index.php\/wp-json\/wp\/v2\/posts"}],"about":[{"href":"https:\/\/expressaoms.com.br\/index.php\/wp-json\/wp\/v2\/types\/post"}],"author":[{"embeddable":true,"href":"https:\/\/expressaoms.com.br\/index.php\/wp-json\/wp\/v2\/users\/5"}],"replies":[{"embeddable":true,"href":"https:\/\/expressaoms.com.br\/index.php\/wp-json\/wp\/v2\/comments?post=44165"}],"version-history":[{"count":1,"href":"https:\/\/expressaoms.com.br\/index.php\/wp-json\/wp\/v2\/posts\/44165\/revisions"}],"predecessor-version":[{"id":44167,"href":"https:\/\/expressaoms.com.br\/index.php\/wp-json\/wp\/v2\/posts\/44165\/revisions\/44167"}],"wp:featuredmedia":[{"embeddable":true,"href":"https:\/\/expressaoms.com.br\/index.php\/wp-json\/wp\/v2\/media\/44166"}],"wp:attachment":[{"href":"https:\/\/expressaoms.com.br\/index.php\/wp-json\/wp\/v2\/media?parent=44165"}],"wp:term":[{"taxonomy":"category","embeddable":true,"href":"https:\/\/expressaoms.com.br\/index.php\/wp-json\/wp\/v2\/categories?post=44165"},{"taxonomy":"post_tag","embeddable":true,"href":"https:\/\/expressaoms.com.br\/index.php\/wp-json\/wp\/v2\/tags?post=44165"}],"curies":[{"name":"wp","href":"https:\/\/api.w.org\/{rel}","templated":true}]}}