{"id":44253,"date":"2026-03-09T07:44:28","date_gmt":"2026-03-09T11:44:28","guid":{"rendered":"https:\/\/expressaoms.com.br\/?p=44253"},"modified":"2026-03-09T07:44:28","modified_gmt":"2026-03-09T11:44:28","slug":"municipio-de-tres-lagoas-abre-licitacao-para-manutencao-de-ar-condicionado-em-predios-publicos","status":"publish","type":"post","link":"https:\/\/expressaoms.com.br\/index.php\/2026\/03\/09\/municipio-de-tres-lagoas-abre-licitacao-para-manutencao-de-ar-condicionado-em-predios-publicos\/","title":{"rendered":"Munic\u00edpio de Tr\u00eas Lagoas abre licita\u00e7\u00e3o para manuten\u00e7\u00e3o de ar-condicionado em pr\u00e9dios p\u00fablicos"},"content":{"rendered":"<p class=\"ds-markdown-paragraph\">A Prefeitura Municipal de Tr\u00eas Lagoas, por meio da Diretoria de Compras e Licita\u00e7\u00f5es, publicou nesta segunda-feira (9) o aviso do Preg\u00e3o Eletr\u00f4nico n\u00ba 008\/2026, que visa a contrata\u00e7\u00e3o de servi\u00e7os especializados em manuten\u00e7\u00e3o de sistemas de climatiza\u00e7\u00e3o para toda a rede de pr\u00e9dios p\u00fablicos da administra\u00e7\u00e3o municipal.<\/p>\n<p class=\"ds-markdown-paragraph\">Com o objetivo de garantir o pleno funcionamento dos equipamentos de ar-condicionado instalados em im\u00f3veis pr\u00f3prios e locados da cidade, a licita\u00e7\u00e3o contempla o Registro de Pre\u00e7os para servi\u00e7os comuns de engenharia, incluindo manuten\u00e7\u00e3o preventiva, corretiva e emergencial. O certame tamb\u00e9m prev\u00ea a instala\u00e7\u00e3o, desinstala\u00e7\u00e3o e adequa\u00e7\u00e3o de layouts de ambientes climatizados, abrangendo o fornecimento de insumos, materiais, m\u00e3o de obra e planos de manuten\u00e7\u00e3o.<\/p>\n<p class=\"ds-markdown-paragraph\">De acordo com o edital, o tipo de licita\u00e7\u00e3o ser\u00e1 o de &#8220;MAIOR DESCONTO&#8221;, seguindo os preceitos da Lei Federal n\u00ba 14.133\/2021 (Nova Lei de Licita\u00e7\u00f5es) e demais normas aplic\u00e1veis \u00e0 mat\u00e9ria. A modalidade busca assegurar \u00e0 administra\u00e7\u00e3o p\u00fablica as condi\u00e7\u00f5es mais vantajosas para a contrata\u00e7\u00e3o dos servi\u00e7os, que ser\u00e3o prestados sob demanda.<\/p>\n<p class=\"ds-markdown-paragraph\">O processo licitat\u00f3rio, registrado sob o n\u00ba 024\/2026, possui o c\u00f3digo de acompanhamento no Tribunal de Contas do Estado (TCE):\u00a0CA0C3CDEE7E6BC7C7D3997415CF8AB9ACB5A5B3B.<\/p>\n<h3>Como participar<\/h3>\n<p class=\"ds-markdown-paragraph\">A sess\u00e3o p\u00fablica para abertura das propostas est\u00e1 marcada para o dia\u00a0<strong>24 de mar\u00e7o de 2026<\/strong>, \u00e0s 09h (hor\u00e1rio oficial de Bras\u00edlia), e ser\u00e1 realizada integralmente de forma eletr\u00f4nica por meio do Portal de Licita\u00e7\u00f5es Compras BR, no endere\u00e7o\u00a0<strong><a href=\"https:\/\/www.comprasbr.com.br\/\" target=\"_blank\" rel=\"noopener noreferrer\">www.comprasbr.com.br<\/a><\/strong>.<\/p>\n<p class=\"ds-markdown-paragraph\">Os interessados em participar do certame poder\u00e3o acessar gratuitamente o edital completo e seus anexos nos seguintes canais oficiais:<\/p>\n<ul>\n<li>\n<p class=\"ds-markdown-paragraph\">Portal Compras BR (<a href=\"https:\/\/www.comprasbr.com.br\/\" target=\"_blank\" rel=\"noopener noreferrer\">www.comprasbr.com.br<\/a>)<\/p>\n<\/li>\n<li>\n<p class=\"ds-markdown-paragraph\">Site oficial da Prefeitura de Tr\u00eas Lagoas (<a href=\"https:\/\/www.treslagoas.ms.gov.br\/\" target=\"_blank\" rel=\"noopener noreferrer\">www.treslagoas.ms.gov.br<\/a>)<\/p>\n<\/li>\n<li>\n<p class=\"ds-markdown-paragraph\">Portal Nacional de Contrata\u00e7\u00f5es P\u00fablicas (<a href=\"https:\/\/pncp.gov.br\/\" target=\"_blank\" rel=\"noopener noreferrer\">https:\/\/pncp.gov.br<\/a>)<\/p>\n<\/li>\n<\/ul>\n<p class=\"ds-markdown-paragraph\">Alternativamente, os documentos tamb\u00e9m est\u00e3o dispon\u00edveis para consulta presencial no protocolo da Diretoria de Compras e Licita\u00e7\u00f5es do munic\u00edpio.<\/p>\n","protected":false},"excerpt":{"rendered":"<p>A Prefeitura Municipal de Tr\u00eas Lagoas, por meio da Diretoria de Compras e Licita\u00e7\u00f5es, publicou nesta segunda-feira (9) o aviso do Preg\u00e3o Eletr\u00f4nico n\u00ba 008\/2026, que visa a contrata\u00e7\u00e3o de servi\u00e7os especializados em manuten\u00e7\u00e3o de sistemas de climatiza\u00e7\u00e3o para toda a rede de pr\u00e9dios p\u00fablicos da administra\u00e7\u00e3o municipal. Com o objetivo de garantir o pleno [&hellip;]<\/p>\n","protected":false},"author":5,"featured_media":44254,"comment_status":"open","ping_status":"open","sticky":false,"template":"","format":"standard","meta":{"om_disable_all_campaigns":false,"_monsterinsights_skip_tracking":false,"_monsterinsights_sitenote_active":false,"_monsterinsights_sitenote_note":"","_monsterinsights_sitenote_category":0,"footnotes":""},"categories":[30,36,266,193,48],"tags":[],"aioseo_notices":[],"_links":{"self":[{"href":"https:\/\/expressaoms.com.br\/index.php\/wp-json\/wp\/v2\/posts\/44253"}],"collection":[{"href":"https:\/\/expressaoms.com.br\/index.php\/wp-json\/wp\/v2\/posts"}],"about":[{"href":"https:\/\/expressaoms.com.br\/index.php\/wp-json\/wp\/v2\/types\/post"}],"author":[{"embeddable":true,"href":"https:\/\/expressaoms.com.br\/index.php\/wp-json\/wp\/v2\/users\/5"}],"replies":[{"embeddable":true,"href":"https:\/\/expressaoms.com.br\/index.php\/wp-json\/wp\/v2\/comments?post=44253"}],"version-history":[{"count":1,"href":"https:\/\/expressaoms.com.br\/index.php\/wp-json\/wp\/v2\/posts\/44253\/revisions"}],"predecessor-version":[{"id":44255,"href":"https:\/\/expressaoms.com.br\/index.php\/wp-json\/wp\/v2\/posts\/44253\/revisions\/44255"}],"wp:featuredmedia":[{"embeddable":true,"href":"https:\/\/expressaoms.com.br\/index.php\/wp-json\/wp\/v2\/media\/44254"}],"wp:attachment":[{"href":"https:\/\/expressaoms.com.br\/index.php\/wp-json\/wp\/v2\/media?parent=44253"}],"wp:term":[{"taxonomy":"category","embeddable":true,"href":"https:\/\/expressaoms.com.br\/index.php\/wp-json\/wp\/v2\/categories?post=44253"},{"taxonomy":"post_tag","embeddable":true,"href":"https:\/\/expressaoms.com.br\/index.php\/wp-json\/wp\/v2\/tags?post=44253"}],"curies":[{"name":"wp","href":"https:\/\/api.w.org\/{rel}","templated":true}]}}