{"id":44259,"date":"2026-03-09T08:10:46","date_gmt":"2026-03-09T12:10:46","guid":{"rendered":"https:\/\/expressaoms.com.br\/?p=44259"},"modified":"2026-03-09T08:10:46","modified_gmt":"2026-03-09T12:10:46","slug":"calor-umidade-e-pancadas-de-chuva-marcam-esta-segunda-em-tres-lagoas","status":"publish","type":"post","link":"https:\/\/expressaoms.com.br\/index.php\/2026\/03\/09\/calor-umidade-e-pancadas-de-chuva-marcam-esta-segunda-em-tres-lagoas\/","title":{"rendered":"Calor, umidade e pancadas de chuva marcam esta segunda em Tr\u00eas Lagoas"},"content":{"rendered":"<p class=\"ds-markdown-paragraph\">Nesta segunda-feira (9), o tempo na cidade de Tr\u00eas Lagoas ser\u00e1 marcado por instabilidade atmosf\u00e9rica, com previs\u00e3o de chuva forte durante a manh\u00e3 e aberturas de sol ao longo da tarde. De acordo com os dados meteorol\u00f3gicos, mesmo com momentos de melhora, as pancadas de chuva podem retornar e se estender at\u00e9 a noite.<\/p>\n<p class=\"ds-markdown-paragraph\">O volume estimado de precipita\u00e7\u00e3o para o dia \u00e9 de 16,5 mil\u00edmetros, com 93% de probabilidade de chuva, indicando alta possibilidade de ocorr\u00eancia de pancadas em diferentes momentos.<\/p>\n<p class=\"ds-markdown-paragraph\">Os term\u00f4metros devem registrar temperaturas entre 23\u00b0C de m\u00ednima e 29\u00b0C de m\u00e1xima, mantendo a sensa\u00e7\u00e3o de abafamento durante todo o per\u00edodo. A umidade relativa do ar permanece elevada, com \u00edndices variando entre 72% e 95%, condi\u00e7\u00e3o que favorece a forma\u00e7\u00e3o de nuvens carregadas e a ocorr\u00eancia de chuvas r\u00e1pidas e isoladas.<\/p>\n<p class=\"ds-markdown-paragraph\">Os ventos sopram na dire\u00e7\u00e3o norte-nordeste (NNE) com velocidade m\u00e9dia de 7 km\/h, considerados de baixa intensidade e sem expectativa de rajadas significativas.<\/p>\n<p class=\"ds-markdown-paragraph\">A combina\u00e7\u00e3o entre calor, alta umidade e instabilidade atmosf\u00e9rica cria as condi\u00e7\u00f5es ideais para a forma\u00e7\u00e3o de \u00e1reas de chuva, que podem ocorrer de forma isolada em diferentes pontos da cidade ao longo do dia. A recomenda\u00e7\u00e3o \u00e9 que a popula\u00e7\u00e3o fique atenta \u00e0s mudan\u00e7as repentinas no tempo e evite \u00e1reas de alagamento durante os momentos de precipita\u00e7\u00e3o mais intensa.<\/p>\n","protected":false},"excerpt":{"rendered":"<p>Nesta segunda-feira (9), o tempo na cidade de Tr\u00eas Lagoas ser\u00e1 marcado por instabilidade atmosf\u00e9rica, com previs\u00e3o de chuva forte durante a manh\u00e3 e aberturas de sol ao longo da tarde. De acordo com os dados meteorol\u00f3gicos, mesmo com momentos de melhora, as pancadas de chuva podem retornar e se estender at\u00e9 a noite. O [&hellip;]<\/p>\n","protected":false},"author":5,"featured_media":44260,"comment_status":"open","ping_status":"open","sticky":false,"template":"","format":"standard","meta":{"om_disable_all_campaigns":false,"_monsterinsights_skip_tracking":false,"_monsterinsights_sitenote_active":false,"_monsterinsights_sitenote_note":"","_monsterinsights_sitenote_category":0,"footnotes":""},"categories":[30,36,266,193,48],"tags":[],"aioseo_notices":[],"_links":{"self":[{"href":"https:\/\/expressaoms.com.br\/index.php\/wp-json\/wp\/v2\/posts\/44259"}],"collection":[{"href":"https:\/\/expressaoms.com.br\/index.php\/wp-json\/wp\/v2\/posts"}],"about":[{"href":"https:\/\/expressaoms.com.br\/index.php\/wp-json\/wp\/v2\/types\/post"}],"author":[{"embeddable":true,"href":"https:\/\/expressaoms.com.br\/index.php\/wp-json\/wp\/v2\/users\/5"}],"replies":[{"embeddable":true,"href":"https:\/\/expressaoms.com.br\/index.php\/wp-json\/wp\/v2\/comments?post=44259"}],"version-history":[{"count":1,"href":"https:\/\/expressaoms.com.br\/index.php\/wp-json\/wp\/v2\/posts\/44259\/revisions"}],"predecessor-version":[{"id":44261,"href":"https:\/\/expressaoms.com.br\/index.php\/wp-json\/wp\/v2\/posts\/44259\/revisions\/44261"}],"wp:featuredmedia":[{"embeddable":true,"href":"https:\/\/expressaoms.com.br\/index.php\/wp-json\/wp\/v2\/media\/44260"}],"wp:attachment":[{"href":"https:\/\/expressaoms.com.br\/index.php\/wp-json\/wp\/v2\/media?parent=44259"}],"wp:term":[{"taxonomy":"category","embeddable":true,"href":"https:\/\/expressaoms.com.br\/index.php\/wp-json\/wp\/v2\/categories?post=44259"},{"taxonomy":"post_tag","embeddable":true,"href":"https:\/\/expressaoms.com.br\/index.php\/wp-json\/wp\/v2\/tags?post=44259"}],"curies":[{"name":"wp","href":"https:\/\/api.w.org\/{rel}","templated":true}]}}