{"id":44264,"date":"2026-03-09T10:59:07","date_gmt":"2026-03-09T14:59:07","guid":{"rendered":"https:\/\/expressaoms.com.br\/?p=44264"},"modified":"2026-03-09T10:59:07","modified_gmt":"2026-03-09T14:59:07","slug":"forca-tatica-do-2o-bpm-apreende-adolescente-por-receptacao-de-bicicleta-furtada-em-tres-lagoas","status":"publish","type":"post","link":"https:\/\/expressaoms.com.br\/index.php\/2026\/03\/09\/forca-tatica-do-2o-bpm-apreende-adolescente-por-receptacao-de-bicicleta-furtada-em-tres-lagoas\/","title":{"rendered":"For\u00e7a T\u00e1tica do 2\u00ba BPM apreende adolescente por recepta\u00e7\u00e3o de bicicleta furtada em Tr\u00eas Lagoas"},"content":{"rendered":"<p class=\"ds-markdown-paragraph\">Policiais militares do 2\u00ba Batalh\u00e3o de Pol\u00edcia Militar (2\u00ba BPM) apreenderam, na manh\u00e3 de ontem (8), um adolescente infrator de 16 anos pelo crime de recepta\u00e7\u00e3o. A a\u00e7\u00e3o ocorreu durante patrulhamento ostensivo e preventivo realizado por uma guarni\u00e7\u00e3o da For\u00e7a T\u00e1tica na Avenida Ros\u00e1rio Congro, regi\u00e3o central da cidade.<\/p>\n<p class=\"ds-markdown-paragraph\">Por volta das 10h, os militares abordaram um ciclista que apresentava atitude suspeita. Durante a verifica\u00e7\u00e3o, os policiais realizaram consulta nos sistemas oficiais e constataram que a bicicleta conduzida pelo adolescente havia sido furtada no dia 5 de mar\u00e7o, em frente a um estabelecimento comercial localizado na Avenida Antonio Estev\u00e3o Leal.<\/p>\n<p class=\"ds-markdown-paragraph\">Diante da confirma\u00e7\u00e3o da origem il\u00edcita do ve\u00edculo, foi dada voz de apreens\u00e3o ao menor, que foi conduzido \u00e0 Delegacia de Pol\u00edcia Civil juntamente com a bicicleta recuperada. A ocorr\u00eancia foi registrada para as provid\u00eancias cab\u00edveis previstas no Estatuto da Crian\u00e7a e do Adolescente (ECA).<\/p>\n<p class=\"ds-markdown-paragraph\">A a\u00e7\u00e3o refor\u00e7a o compromisso do policiamento ostensivo na preven\u00e7\u00e3o e repress\u00e3o a crimes patrimoniais na cidade, al\u00e9m de demonstrar a efic\u00e1cia do trabalho integrado entre as for\u00e7as de seguran\u00e7a e os sistemas de informa\u00e7\u00e3o policial.<\/p>\n","protected":false},"excerpt":{"rendered":"<p>Policiais militares do 2\u00ba Batalh\u00e3o de Pol\u00edcia Militar (2\u00ba BPM) apreenderam, na manh\u00e3 de ontem (8), um adolescente infrator de 16 anos pelo crime de recepta\u00e7\u00e3o. A a\u00e7\u00e3o ocorreu durante patrulhamento ostensivo e preventivo realizado por uma guarni\u00e7\u00e3o da For\u00e7a T\u00e1tica na Avenida Ros\u00e1rio Congro, regi\u00e3o central da cidade. Por volta das 10h, os militares [&hellip;]<\/p>\n","protected":false},"author":5,"featured_media":44265,"comment_status":"open","ping_status":"open","sticky":false,"template":"","format":"standard","meta":{"om_disable_all_campaigns":false,"_monsterinsights_skip_tracking":false,"_monsterinsights_sitenote_active":false,"_monsterinsights_sitenote_note":"","_monsterinsights_sitenote_category":0,"footnotes":""},"categories":[30,266,41,193,48],"tags":[],"aioseo_notices":[],"_links":{"self":[{"href":"https:\/\/expressaoms.com.br\/index.php\/wp-json\/wp\/v2\/posts\/44264"}],"collection":[{"href":"https:\/\/expressaoms.com.br\/index.php\/wp-json\/wp\/v2\/posts"}],"about":[{"href":"https:\/\/expressaoms.com.br\/index.php\/wp-json\/wp\/v2\/types\/post"}],"author":[{"embeddable":true,"href":"https:\/\/expressaoms.com.br\/index.php\/wp-json\/wp\/v2\/users\/5"}],"replies":[{"embeddable":true,"href":"https:\/\/expressaoms.com.br\/index.php\/wp-json\/wp\/v2\/comments?post=44264"}],"version-history":[{"count":1,"href":"https:\/\/expressaoms.com.br\/index.php\/wp-json\/wp\/v2\/posts\/44264\/revisions"}],"predecessor-version":[{"id":44266,"href":"https:\/\/expressaoms.com.br\/index.php\/wp-json\/wp\/v2\/posts\/44264\/revisions\/44266"}],"wp:featuredmedia":[{"embeddable":true,"href":"https:\/\/expressaoms.com.br\/index.php\/wp-json\/wp\/v2\/media\/44265"}],"wp:attachment":[{"href":"https:\/\/expressaoms.com.br\/index.php\/wp-json\/wp\/v2\/media?parent=44264"}],"wp:term":[{"taxonomy":"category","embeddable":true,"href":"https:\/\/expressaoms.com.br\/index.php\/wp-json\/wp\/v2\/categories?post=44264"},{"taxonomy":"post_tag","embeddable":true,"href":"https:\/\/expressaoms.com.br\/index.php\/wp-json\/wp\/v2\/tags?post=44264"}],"curies":[{"name":"wp","href":"https:\/\/api.w.org\/{rel}","templated":true}]}}