{"id":44267,"date":"2026-03-09T09:09:41","date_gmt":"2026-03-09T13:09:41","guid":{"rendered":"https:\/\/expressaoms.com.br\/?p=44267"},"modified":"2026-03-09T11:01:34","modified_gmt":"2026-03-09T15:01:34","slug":"projeto-a-rua-e-nossa-na-lagoa-maior-passara-a-ser-a-tarde-e-com-food-trucks","status":"publish","type":"post","link":"https:\/\/expressaoms.com.br\/index.php\/2026\/03\/09\/projeto-a-rua-e-nossa-na-lagoa-maior-passara-a-ser-a-tarde-e-com-food-trucks\/","title":{"rendered":"Projeto \u201cA Rua \u00e9 Nossa\u201d na Lagoa Maior passar\u00e1 a ser a tarde e com Food Trucks"},"content":{"rendered":"<p>A Prefeitura de Tr\u00eas Lagoas anuncia o retorno do projeto \u201cA Rua \u00e9 Nossa\u201d em novo formato para a popula\u00e7\u00e3o. A primeira edi\u00e7\u00e3o do ano acontece no dia 15 de mar\u00e7o, na circular da Lagoa Maior, trazendo novidades na programa\u00e7\u00e3o e no hor\u00e1rio.<\/p>\n<p>A partir deste ano, o evento passa a ocorrer das 14h \u00e0s 19h, ampliando as op\u00e7\u00f5es de lazer para as fam\u00edlias no per\u00edodo da tarde. A proposta continua sendo transformar o espa\u00e7o p\u00fablico em um ambiente de conviv\u00eancia, cultura, esporte e entretenimento para todas as idades.<\/p>\n<p>Entre as novidades desta edi\u00e7\u00e3o est\u00e1 a pra\u00e7a de alimenta\u00e7\u00e3o com Food Trucks, oferecendo diferentes op\u00e7\u00f5es gastron\u00f4micas para o p\u00fablico. Al\u00e9m disso, o evento contar\u00e1 com palco para apresenta\u00e7\u00f5es art\u00edsticas, incentivando a participa\u00e7\u00e3o de m\u00fasicos, grupos culturais e outras manifesta\u00e7\u00f5es culturais locais.<\/p>\n<p>A tradicional Feira de Artesanato tamb\u00e9m segue na programa\u00e7\u00e3o, valorizando o trabalho dos artes\u00e3os do munic\u00edpio e proporcionando um espa\u00e7o para exposi\u00e7\u00e3o e comercializa\u00e7\u00e3o de produtos.<\/p>\n<p>Outras atividades que j\u00e1 fazem parte do projeto continuam presentes, como brinquedos para as crian\u00e7as disponibilizados pela Secretaria Municipal de Esporte e Lazer (SEJUVEL), espa\u00e7o livre para caminhadas, al\u00e9m da utiliza\u00e7\u00e3o do espa\u00e7o para passeios de bicicleta e atividades ao ar livre.<\/p>\n<p><strong>SERVI\u00c7O<\/strong><\/p>\n<p>Data: 15 de mar\u00e7o de 2026<br \/>\nHor\u00e1rio: das 14h \u00e0s 19h<br \/>\nLocal: Circular da Lagoa Maior (Rua Aldair Rosa de Oliveira)<\/p>\n","protected":false},"excerpt":{"rendered":"<p>A Prefeitura de Tr\u00eas Lagoas anuncia o retorno do projeto \u201cA Rua \u00e9 Nossa\u201d em novo formato para a popula\u00e7\u00e3o. A primeira edi\u00e7\u00e3o do ano acontece no dia 15 de mar\u00e7o, na circular da Lagoa Maior, trazendo novidades na programa\u00e7\u00e3o e no hor\u00e1rio. A partir deste ano, o evento passa a ocorrer das 14h \u00e0s [&hellip;]<\/p>\n","protected":false},"author":5,"featured_media":44268,"comment_status":"open","ping_status":"open","sticky":false,"template":"","format":"standard","meta":{"om_disable_all_campaigns":false,"_monsterinsights_skip_tracking":false,"_monsterinsights_sitenote_active":false,"_monsterinsights_sitenote_note":"","_monsterinsights_sitenote_category":0,"footnotes":""},"categories":[30,269,266,193,48],"tags":[],"aioseo_notices":[],"_links":{"self":[{"href":"https:\/\/expressaoms.com.br\/index.php\/wp-json\/wp\/v2\/posts\/44267"}],"collection":[{"href":"https:\/\/expressaoms.com.br\/index.php\/wp-json\/wp\/v2\/posts"}],"about":[{"href":"https:\/\/expressaoms.com.br\/index.php\/wp-json\/wp\/v2\/types\/post"}],"author":[{"embeddable":true,"href":"https:\/\/expressaoms.com.br\/index.php\/wp-json\/wp\/v2\/users\/5"}],"replies":[{"embeddable":true,"href":"https:\/\/expressaoms.com.br\/index.php\/wp-json\/wp\/v2\/comments?post=44267"}],"version-history":[{"count":1,"href":"https:\/\/expressaoms.com.br\/index.php\/wp-json\/wp\/v2\/posts\/44267\/revisions"}],"predecessor-version":[{"id":44269,"href":"https:\/\/expressaoms.com.br\/index.php\/wp-json\/wp\/v2\/posts\/44267\/revisions\/44269"}],"wp:featuredmedia":[{"embeddable":true,"href":"https:\/\/expressaoms.com.br\/index.php\/wp-json\/wp\/v2\/media\/44268"}],"wp:attachment":[{"href":"https:\/\/expressaoms.com.br\/index.php\/wp-json\/wp\/v2\/media?parent=44267"}],"wp:term":[{"taxonomy":"category","embeddable":true,"href":"https:\/\/expressaoms.com.br\/index.php\/wp-json\/wp\/v2\/categories?post=44267"},{"taxonomy":"post_tag","embeddable":true,"href":"https:\/\/expressaoms.com.br\/index.php\/wp-json\/wp\/v2\/tags?post=44267"}],"curies":[{"name":"wp","href":"https:\/\/api.w.org\/{rel}","templated":true}]}}