{"id":44281,"date":"2026-03-09T15:22:10","date_gmt":"2026-03-09T19:22:10","guid":{"rendered":"https:\/\/expressaoms.com.br\/?p=44281"},"modified":"2026-03-09T11:23:51","modified_gmt":"2026-03-09T15:23:51","slug":"prefeitura-abre-inscricoes-para-comercializacao-de-alimentos-no-projeto-a-rua-e-nossa","status":"publish","type":"post","link":"https:\/\/expressaoms.com.br\/index.php\/2026\/03\/09\/prefeitura-abre-inscricoes-para-comercializacao-de-alimentos-no-projeto-a-rua-e-nossa\/","title":{"rendered":"Prefeitura abre inscri\u00e7\u00f5es para comercializa\u00e7\u00e3o de alimentos no projeto \u201cA Rua \u00e9 Nossa\u201d"},"content":{"rendered":"<p>A Prefeitura de Tr\u00eas Lagoas abriu inscri\u00e7\u00f5es para empreendedores do ramo culin\u00e1rio que desejam participar da pra\u00e7a de alimenta\u00e7\u00e3o no projeto \u201cA Rua \u00e9 Nossa\u201d. As vagas s\u00e3o para empreendimentos de Food Trucks, que ter\u00e3o espa\u00e7o exclusivo durante o evento. A iniciativa tem como objetivo divulgar os empreendimentos de comerciantes locais, fomentar a economia, al\u00e9m de diversificar as op\u00e7\u00f5es de alimenta\u00e7\u00e3o durante o evento.<\/p>\n<p><strong>COMO PARTICIPAR<\/strong><\/p>\n<p>Os empreendedores que tenham interesse em participar da pra\u00e7a de alimenta\u00e7\u00e3o do projeto, podem realizar o cadastro a partir desta segunda-feira, 09 de mar\u00e7o, na Secretaria Municipal de Turismo e Cultura (SETURC), localizada na Av. Ros\u00e1rio Congro, 560.<\/p>\n<p>Para o cadastro, s\u00e3o necess\u00e1rios os seguintes documentos: documento de identifica\u00e7\u00e3o do propriet\u00e1rio, documento da empresa, MEI do empreendimento, fotos e dimens\u00f5es do Food Truck.<\/p>\n","protected":false},"excerpt":{"rendered":"<p>A Prefeitura de Tr\u00eas Lagoas abriu inscri\u00e7\u00f5es para empreendedores do ramo culin\u00e1rio que desejam participar da pra\u00e7a de alimenta\u00e7\u00e3o no projeto \u201cA Rua \u00e9 Nossa\u201d. As vagas s\u00e3o para empreendimentos de Food Trucks, que ter\u00e3o espa\u00e7o exclusivo durante o evento. A iniciativa tem como objetivo divulgar os empreendimentos de comerciantes locais, fomentar a economia, al\u00e9m [&hellip;]<\/p>\n","protected":false},"author":5,"featured_media":44282,"comment_status":"open","ping_status":"open","sticky":false,"template":"","format":"standard","meta":{"om_disable_all_campaigns":false,"_monsterinsights_skip_tracking":false,"_monsterinsights_sitenote_active":false,"_monsterinsights_sitenote_note":"","_monsterinsights_sitenote_category":0,"footnotes":""},"categories":[30,266,193,48],"tags":[],"aioseo_notices":[],"_links":{"self":[{"href":"https:\/\/expressaoms.com.br\/index.php\/wp-json\/wp\/v2\/posts\/44281"}],"collection":[{"href":"https:\/\/expressaoms.com.br\/index.php\/wp-json\/wp\/v2\/posts"}],"about":[{"href":"https:\/\/expressaoms.com.br\/index.php\/wp-json\/wp\/v2\/types\/post"}],"author":[{"embeddable":true,"href":"https:\/\/expressaoms.com.br\/index.php\/wp-json\/wp\/v2\/users\/5"}],"replies":[{"embeddable":true,"href":"https:\/\/expressaoms.com.br\/index.php\/wp-json\/wp\/v2\/comments?post=44281"}],"version-history":[{"count":1,"href":"https:\/\/expressaoms.com.br\/index.php\/wp-json\/wp\/v2\/posts\/44281\/revisions"}],"predecessor-version":[{"id":44283,"href":"https:\/\/expressaoms.com.br\/index.php\/wp-json\/wp\/v2\/posts\/44281\/revisions\/44283"}],"wp:featuredmedia":[{"embeddable":true,"href":"https:\/\/expressaoms.com.br\/index.php\/wp-json\/wp\/v2\/media\/44282"}],"wp:attachment":[{"href":"https:\/\/expressaoms.com.br\/index.php\/wp-json\/wp\/v2\/media?parent=44281"}],"wp:term":[{"taxonomy":"category","embeddable":true,"href":"https:\/\/expressaoms.com.br\/index.php\/wp-json\/wp\/v2\/categories?post=44281"},{"taxonomy":"post_tag","embeddable":true,"href":"https:\/\/expressaoms.com.br\/index.php\/wp-json\/wp\/v2\/tags?post=44281"}],"curies":[{"name":"wp","href":"https:\/\/api.w.org\/{rel}","templated":true}]}}