{"id":44284,"date":"2026-03-09T16:24:21","date_gmt":"2026-03-09T20:24:21","guid":{"rendered":"https:\/\/expressaoms.com.br\/?p=44284"},"modified":"2026-03-09T11:26:13","modified_gmt":"2026-03-09T15:26:13","slug":"cultura-e-geracao-de-renda-prefeitura-de-brasilandia-promove-feira-especial-para-celebrar-o-dia-do-artesao","status":"publish","type":"post","link":"https:\/\/expressaoms.com.br\/index.php\/2026\/03\/09\/cultura-e-geracao-de-renda-prefeitura-de-brasilandia-promove-feira-especial-para-celebrar-o-dia-do-artesao\/","title":{"rendered":"Cultura e Gera\u00e7\u00e3o de Renda: Prefeitura de Brasil\u00e2ndia promove Feira Especial para celebrar o Dia do Artes\u00e3o"},"content":{"rendered":"<p>O talento manual e a identidade cultural de Brasil\u00e2ndia ganhar\u00e3o destaque em pra\u00e7a p\u00fablica na pr\u00f3xima quarta-feira,\u00a0<strong>18 de mar\u00e7o<\/strong>. Em celebra\u00e7\u00e3o ao Dia do Artes\u00e3o, a Prefeitura Municipal, por meio da Coordenadoria de Eventos, promover\u00e1 a tradicional\u00a0<strong>Feira do Artes\u00e3o<\/strong>\u00a0na Pra\u00e7a Ostelino Cardoso da Silva, que fica no bairro Jo\u00e3o Paulo da Silva, a partir das 18h (MS).<\/p>\n<p>O evento \u00e9 uma a\u00e7\u00e3o conjunta que conta com o apoio estrat\u00e9gico da Secretaria de Ind\u00fastria, Com\u00e9rcio e Agroneg\u00f3cio e da Secretaria da Mulher, visando fomentar o empreendedorismo local e garantir um espa\u00e7o estruturado para que os profissionais da cidade possam comercializar seus produtos diretamente com a popula\u00e7\u00e3o.<\/p>\n<p><strong>Atra\u00e7\u00f5es e Valoriza\u00e7\u00e3o<\/strong><\/p>\n<p>A programa\u00e7\u00e3o foi pensada para atrair as fam\u00edlias brasilandenses e movimentar a economia criativa. Al\u00e9m das diversas barracas com a venda de artesanato local, o evento contar\u00e1 com um animado bingo e atra\u00e7\u00e3o musical ao vivo, garantindo lazer e entretenimento para todas as idades.<\/p>\n<p>A celebra\u00e7\u00e3o da data no munic\u00edpio possui um importante respaldo legal. O Dia do Artes\u00e3o foi institu\u00eddo oficialmente no calend\u00e1rio municipal atrav\u00e9s da\u00a0<strong>Lei n\u00ba 3078\/2023<\/strong>, um projeto criado pela ent\u00e3o vereadora e atual prefeita de Brasil\u00e2ndia, M\u00e1rcia Amaral. A legisla\u00e7\u00e3o tem como objetivo principal fomentar e valorizar esses profissionais, reconhecendo a import\u00e2ncia vital do artesanato para a cultura, o turismo e a economia da cidade.<\/p>\n<p><strong>Inscri\u00e7\u00f5es para Expositores<\/strong><\/p>\n<p>Os artes\u00e3os interessados em comercializar seus produtos durante a feira devem assegurar seus espa\u00e7os com anteced\u00eancia. A Coordenadoria de Eventos estipulou o dia\u00a0<strong>13 de mar\u00e7o<\/strong>\u00a0como data limite para a reserva das barracas, garantindo assim a organiza\u00e7\u00e3o do espa\u00e7o.<\/p>\n<p>A Prefeitura convida toda a comunidade a prestigiar o evento, apoiar os pequenos empreendedores e celebrar a riqueza da arte produzida pelas m\u00e3os da nossa gente.<\/p>\n","protected":false},"excerpt":{"rendered":"<p>O talento manual e a identidade cultural de Brasil\u00e2ndia ganhar\u00e3o destaque em pra\u00e7a p\u00fablica na pr\u00f3xima quarta-feira,\u00a018 de mar\u00e7o. Em celebra\u00e7\u00e3o ao Dia do Artes\u00e3o, a Prefeitura Municipal, por meio da Coordenadoria de Eventos, promover\u00e1 a tradicional\u00a0Feira do Artes\u00e3o\u00a0na Pra\u00e7a Ostelino Cardoso da Silva, que fica no bairro Jo\u00e3o Paulo da Silva, a partir das [&hellip;]<\/p>\n","protected":false},"author":5,"featured_media":44285,"comment_status":"open","ping_status":"open","sticky":false,"template":"","format":"standard","meta":{"om_disable_all_campaigns":false,"_monsterinsights_skip_tracking":false,"_monsterinsights_sitenote_active":false,"_monsterinsights_sitenote_note":"","_monsterinsights_sitenote_category":0,"footnotes":""},"categories":[26,30,266,193],"tags":[],"aioseo_notices":[],"_links":{"self":[{"href":"https:\/\/expressaoms.com.br\/index.php\/wp-json\/wp\/v2\/posts\/44284"}],"collection":[{"href":"https:\/\/expressaoms.com.br\/index.php\/wp-json\/wp\/v2\/posts"}],"about":[{"href":"https:\/\/expressaoms.com.br\/index.php\/wp-json\/wp\/v2\/types\/post"}],"author":[{"embeddable":true,"href":"https:\/\/expressaoms.com.br\/index.php\/wp-json\/wp\/v2\/users\/5"}],"replies":[{"embeddable":true,"href":"https:\/\/expressaoms.com.br\/index.php\/wp-json\/wp\/v2\/comments?post=44284"}],"version-history":[{"count":1,"href":"https:\/\/expressaoms.com.br\/index.php\/wp-json\/wp\/v2\/posts\/44284\/revisions"}],"predecessor-version":[{"id":44286,"href":"https:\/\/expressaoms.com.br\/index.php\/wp-json\/wp\/v2\/posts\/44284\/revisions\/44286"}],"wp:featuredmedia":[{"embeddable":true,"href":"https:\/\/expressaoms.com.br\/index.php\/wp-json\/wp\/v2\/media\/44285"}],"wp:attachment":[{"href":"https:\/\/expressaoms.com.br\/index.php\/wp-json\/wp\/v2\/media?parent=44284"}],"wp:term":[{"taxonomy":"category","embeddable":true,"href":"https:\/\/expressaoms.com.br\/index.php\/wp-json\/wp\/v2\/categories?post=44284"},{"taxonomy":"post_tag","embeddable":true,"href":"https:\/\/expressaoms.com.br\/index.php\/wp-json\/wp\/v2\/tags?post=44284"}],"curies":[{"name":"wp","href":"https:\/\/api.w.org\/{rel}","templated":true}]}}