{"id":44292,"date":"2026-03-09T16:24:05","date_gmt":"2026-03-09T20:24:05","guid":{"rendered":"https:\/\/expressaoms.com.br\/?p=44292"},"modified":"2026-03-09T16:24:05","modified_gmt":"2026-03-09T20:24:05","slug":"sed-abre-inscricoes-para-processo-seletivo-de-845-agentes-de-limpeza-e-merenda-nesta-quarta-feira-11","status":"publish","type":"post","link":"https:\/\/expressaoms.com.br\/index.php\/2026\/03\/09\/sed-abre-inscricoes-para-processo-seletivo-de-845-agentes-de-limpeza-e-merenda-nesta-quarta-feira-11\/","title":{"rendered":"SED abre inscri\u00e7\u00f5es para processo seletivo de 845 agentes de limpeza e merenda nesta quarta-feira (11)"},"content":{"rendered":"<p class=\"has-text-align-center\"><em>As inscri\u00e7\u00f5es ser\u00e3o realizadas exclusivamente via Internet no per\u00edodo de 11 a 18 de mar\u00e7o, observando-se o hor\u00e1rio de MS, devendo o interessado acessar o site do E-CONCURSO MS, no endere\u00e7o\u00a0<a href=\"http:\/\/www.econcursoms.ms.gov.br\/\">www.econcursoms.ms.gov.br<\/a><\/em><\/p>\n<p>A SED (Secretaria de Estado de Educa\u00e7\u00e3o) e SAD (Secretaria de Estado de Administra\u00e7\u00e3o) publicaram na manh\u00e3 desta segunda-feira (09), no DOE (Di\u00e1rio Oficial Eletr\u00f4nico) n. 12.094,<a href=\"https:\/\/www.sed.ms.gov.br\/wp-content\/uploads\/2026\/03\/DO12094_09_03_2026.pdf-PROTEGIDO.pdf\">\u00a0Edital n.1\/2026 \u2013 SAD\/SED\/ADM26\/2026<\/a>, da abertura das inscri\u00e7\u00f5es para o Processo Seletivo Simplificado para fun\u00e7\u00f5es de Agente de Limpeza e Agente de Merenda.<\/p>\n<p>O Processo Seletivo Simplificado, destinado \u00e0 sele\u00e7\u00e3o de pessoal, por meio de contrata\u00e7\u00e3o tempor\u00e1ria, de 845 (oitocentos e quarenta e cinco) Agentes de Atividades Educacionais, para atuar na presta\u00e7\u00e3o de servi\u00e7os nas fun\u00e7\u00f5es de Agente de Limpeza e Agente de Merenda, com a finalidade de atender demanda tempor\u00e1ria de excepcional interesse p\u00fablico existente nas escolas da REE (Rede Estadual de Ensino).<\/p>\n<p>Poder\u00e1 participar do Processo Seletivo Simplificado todo profissional que possua os requisitos b\u00e1sicos e demais condi\u00e7\u00f5es exigidas para o exerc\u00edcio da fun\u00e7\u00e3o, conforme especificado no item 2 deste Edital, bem como nos dispositivos normativos atinentes \u00e0 mat\u00e9ria.<\/p>\n<p><strong>Vagas<\/strong><\/p>\n<p>\u00c9 assegurado \u00e0 pessoa com defici\u00eancia \u2013 PCD, ao negro e ao ind\u00edgena, o direito de se inscrever no Processo Seletivo Simplificado \u2013 SAD\/SED\/ADM26\/2026, bem como a respectiva reserva de vagas, com efetua\u00e7\u00e3o, preenchimentos, documenta\u00e7\u00f5es, impedimentos, especificados no edital.<\/p>\n<p>Dentre as vagas oferecidas, ser\u00e1 reservado o percentual de 20% (vinte por cento) para negros, 5% (cinco por cento) para pessoas com defici\u00eancia e 3% (tr\u00eas por cento) para ind\u00edgenas, para aos candidatos aprovados e habilitados como cotistas, observando as legisla\u00e7\u00f5es pertinentes, al\u00e9m do disposto nas condi\u00e7\u00f5es e procedimentos especificados\u00a0<a href=\"https:\/\/www.sed.ms.gov.br\/wp-content\/uploads\/2026\/03\/DO12094_09_03_2026.pdf-PROTEGIDO.pdf\">no Edital<\/a>.<\/p>\n<p><strong>Exclusividade<\/strong><\/p>\n<p>Haver\u00e1 exclusividade para candidatos ind\u00edgenas concorrerem \u00e0s vagas destinadas \u00e0s escolas estaduais localizadas nas Aldeias Ind\u00edgenas, conforme o quantitativo expresso no Edital.<\/p>\n<p>Para fins de contrata\u00e7\u00e3o de candidatos para atuarem nas escolas estaduais localizadas nas Aldeias Ind\u00edgenas, existindo candidatos ind\u00edgenas aprovados, estes concorrer\u00e3o em exclusividade na ordem classificat\u00f3ria para atuarem nas respectivas aldeias, sendo habilitados e classificados, tendo em vista a necessidade do cumprimento da Conven\u00e7\u00e3o n. 169, da Organiza\u00e7\u00e3o Internacional do Trabalho \u2013 OIT sobre os Povos Ind\u00edgenas e Tribais, promulgada pelo Decreto Federal n. 5.051, de 19 de abril de 2004.<\/p>\n<p>Para os candidatos que se autodeclararem ind\u00edgenas participarem de forma priorit\u00e1ria nas vagas destinadas em aldeias ind\u00edgenas, dever\u00e3o no ato da realiza\u00e7\u00e3o de inscri\u00e7\u00e3o, em conjunto com a entrega f\u00edsica dos documentos, bem como os t\u00edtulos para avalia\u00e7\u00e3o curricular, apresentar c\u00f3pia documental especificada no edital.<\/p>\n<p><strong>Etapas<\/strong><\/p>\n<p>O Processo Seletivo Simplificado constar\u00e1 das seguintes etapas: a) Etapa I: Inscri\u00e7\u00e3o, de car\u00e1ter eliminat\u00f3rio; b) Etapa II: Avalia\u00e7\u00e3o Curricular, de car\u00e1ter eliminat\u00f3rio e classificat\u00f3rio.<\/p>\n<p>As informa\u00e7\u00f5es relativas \u00e0 realiza\u00e7\u00e3o das etapas e das demais atividades e procedimentos pertinentes ao Processo Seletivo Simplificado ser\u00e3o dadas a conhecer por meio de editais pr\u00f3prios, a serem publicados no Di\u00e1rio Oficial Eletr\u00f4nico, no endere\u00e7o https:\/\/www.diariooficial.ms.gov.br\/ e disponibilizado, via Internet, no site\u00a0\u00a0<a href=\"http:\/\/www.econcursoms.ms.gov.br\/\">www.econcursoms.ms.gov.br<\/a>.<\/p>\n<p><strong>Inscri\u00e7\u00f5es<\/strong><\/p>\n<p>As inscri\u00e7\u00f5es ser\u00e3o realizadas exclusivamente via Internet no per\u00edodo de 11 a 18 de mar\u00e7o, observando-se o hor\u00e1rio de MS, devendo o interessado acessar o site do E-CONCURSO MS, no endere\u00e7o\u00a0<a href=\"http:\/\/www.econcursoms.ms.gov.br\/\">www.econcursoms.ms.gov.br<\/a>\u00a0e acessar a \u00e1rea do candidato, observando as normas e os procedimentos especificados\u00a0<a href=\"https:\/\/www.sed.ms.gov.br\/wp-content\/uploads\/2026\/03\/DO12094_09_03_2026.pdf-PROTEGIDO.pdf\">no Edital.<\/a><\/p>\n<p>A rela\u00e7\u00e3o dos candidatos que tiveram suas inscri\u00e7\u00f5es no Processo Seletivo Simplificado deferidas e indeferidas, ser\u00e1 divulgada por meio de edital pr\u00f3prio, a ser publicado no Di\u00e1rio Oficial Eletr\u00f4nico, no endere\u00e7o https:\/\/www.diariooficial.ms.gov.br\/, e disponibilizado, via Internet, no site\u00a0 www.econcursoms.ms.gov.br, em ordem alfab\u00e9tica.<\/p>\n<p>Apenas ser\u00e3o objeto de an\u00e1lise na Etapa da Avalia\u00e7\u00e3o Curricular, os documentos apresentados pelos candidatos que tiverem suas inscri\u00e7\u00f5es no Processo Seletivo Simplificado \u2013 SAD\/SED\/ADM26\/2026, deferidas.<\/p>\n<p><strong>Avalia\u00e7\u00e3o Curricular<\/strong><\/p>\n<p>A Avalia\u00e7\u00e3o Curricular, de car\u00e1ter eliminat\u00f3rio e classificat\u00f3rio, ser\u00e1 efetuada sob responsabilidade da Comiss\u00e3o de Avalia\u00e7\u00e3o e Sele\u00e7\u00e3o da Coordenadoria de Processos Seletivos \u2013 CPROS\/SSIP\/SAD, designada para este fim, observando-se o estabelecido no Edital.<\/p>\n<p>A Avalia\u00e7\u00e3o Curricular valer\u00e1 de 0 (zero) at\u00e9 10 (dez) pontos, mesmo que a soma dos valores dos t\u00edtulos apresentados pelo candidato seja superior a esse valor, e ser\u00e1 realizada de acordo com as especifica\u00e7\u00f5es contidas no quadro de pontua\u00e7\u00e3o correspondentes a fun\u00e7\u00e3o, constante no edital.<\/p>\n<p>O prazo de validade do Processo Seletivo Simplificado \u2013 SAD\/SED\/ADM26\/2026 ser\u00e1 de 1 (um) ano, contado a partir da data da publica\u00e7\u00e3o do respectivo ato de homologa\u00e7\u00e3o no Di\u00e1rio Oficial Eletr\u00f4nico, podendo ser prorrogado uma vez, por igual per\u00edodo.<\/p>\n","protected":false},"excerpt":{"rendered":"<p>As inscri\u00e7\u00f5es ser\u00e3o realizadas exclusivamente via Internet no per\u00edodo de 11 a 18 de mar\u00e7o, observando-se o hor\u00e1rio de MS, devendo o interessado acessar o site do E-CONCURSO MS, no endere\u00e7o\u00a0www.econcursoms.ms.gov.br A SED (Secretaria de Estado de Educa\u00e7\u00e3o) e SAD (Secretaria de Estado de Administra\u00e7\u00e3o) publicaram na manh\u00e3 desta segunda-feira (09), no DOE (Di\u00e1rio Oficial [&hellip;]<\/p>\n","protected":false},"author":5,"featured_media":44293,"comment_status":"open","ping_status":"open","sticky":false,"template":"","format":"standard","meta":{"om_disable_all_campaigns":false,"_monsterinsights_skip_tracking":false,"_monsterinsights_sitenote_active":false,"_monsterinsights_sitenote_note":"","_monsterinsights_sitenote_category":0,"footnotes":""},"categories":[30,36,266,193],"tags":[],"aioseo_notices":[],"_links":{"self":[{"href":"https:\/\/expressaoms.com.br\/index.php\/wp-json\/wp\/v2\/posts\/44292"}],"collection":[{"href":"https:\/\/expressaoms.com.br\/index.php\/wp-json\/wp\/v2\/posts"}],"about":[{"href":"https:\/\/expressaoms.com.br\/index.php\/wp-json\/wp\/v2\/types\/post"}],"author":[{"embeddable":true,"href":"https:\/\/expressaoms.com.br\/index.php\/wp-json\/wp\/v2\/users\/5"}],"replies":[{"embeddable":true,"href":"https:\/\/expressaoms.com.br\/index.php\/wp-json\/wp\/v2\/comments?post=44292"}],"version-history":[{"count":1,"href":"https:\/\/expressaoms.com.br\/index.php\/wp-json\/wp\/v2\/posts\/44292\/revisions"}],"predecessor-version":[{"id":44294,"href":"https:\/\/expressaoms.com.br\/index.php\/wp-json\/wp\/v2\/posts\/44292\/revisions\/44294"}],"wp:featuredmedia":[{"embeddable":true,"href":"https:\/\/expressaoms.com.br\/index.php\/wp-json\/wp\/v2\/media\/44293"}],"wp:attachment":[{"href":"https:\/\/expressaoms.com.br\/index.php\/wp-json\/wp\/v2\/media?parent=44292"}],"wp:term":[{"taxonomy":"category","embeddable":true,"href":"https:\/\/expressaoms.com.br\/index.php\/wp-json\/wp\/v2\/categories?post=44292"},{"taxonomy":"post_tag","embeddable":true,"href":"https:\/\/expressaoms.com.br\/index.php\/wp-json\/wp\/v2\/tags?post=44292"}],"curies":[{"name":"wp","href":"https:\/\/api.w.org\/{rel}","templated":true}]}}