{"id":44295,"date":"2026-03-09T16:26:36","date_gmt":"2026-03-09T20:26:36","guid":{"rendered":"https:\/\/expressaoms.com.br\/?p=44295"},"modified":"2026-03-09T16:26:36","modified_gmt":"2026-03-09T20:26:36","slug":"dam-tl-cumpre-mandado-de-prisao-preventiva-em-face-de-suspeito-de-feminicidio-tentado","status":"publish","type":"post","link":"https:\/\/expressaoms.com.br\/index.php\/2026\/03\/09\/dam-tl-cumpre-mandado-de-prisao-preventiva-em-face-de-suspeito-de-feminicidio-tentado\/","title":{"rendered":"DAM-TL cumpre mandado de pris\u00e3o preventiva em face de suspeito de feminic\u00eddio tentado"},"content":{"rendered":"<p>A Delegacia de Atendimento \u00e0 Mulher (DAM) de Tr\u00eas Lagoas informa que, na data de hoje (09), o suspeito L.V.d.C., de 29 anos, apresentou-se na unidade especializada.<\/p>\n<p>Na ocasi\u00e3o, foi dado cumprimento ao mandado de pris\u00e3o preventiva expedido em seu desfavor pela pr\u00e1tica, em tese, do crime de tentativa de feminic\u00eddio, ocorrido no \u00faltimo dia 07 de mar\u00e7o de 2026, no assentamento conhecido como Portal do Faia, zona rural do munic\u00edpio.<\/p>\n<p>Conforme apurado, a v\u00edtima foi atingida por golpe de arma branca na regi\u00e3o da face, sofrendo ferimento grave e sendo socorrida ao hospital, onde recebeu atendimento m\u00e9dico.<\/p>\n<p>Ap\u00f3s tomar conhecimento dos fatos e diante dos elementos colhidos durante as dilig\u00eancias policiais, a Autoridade Policial representou pela pris\u00e3o preventiva do investigado, a qual foi deferida pelo Poder Judici\u00e1rio.<\/p>\n<p>Com a apresenta\u00e7\u00e3o do suspeito na unidade policial, o mandado judicial foi devidamente cumprido, sendo o preso encaminhado para os procedimentos legais e posteriormente colocado \u00e0 disposi\u00e7\u00e3o da Justi\u00e7a.<\/p>\n<p>A Pol\u00edcia Civil reafirma seu compromisso no enfrentamento \u00e0 viol\u00eancia contra a mulher e orienta que casos dessa natureza sejam denunciados \u00e0s autoridades.<\/p>\n","protected":false},"excerpt":{"rendered":"<p>A Delegacia de Atendimento \u00e0 Mulher (DAM) de Tr\u00eas Lagoas informa que, na data de hoje (09), o suspeito L.V.d.C., de 29 anos, apresentou-se na unidade especializada. Na ocasi\u00e3o, foi dado cumprimento ao mandado de pris\u00e3o preventiva expedido em seu desfavor pela pr\u00e1tica, em tese, do crime de tentativa de feminic\u00eddio, ocorrido no \u00faltimo dia [&hellip;]<\/p>\n","protected":false},"author":5,"featured_media":44296,"comment_status":"open","ping_status":"open","sticky":false,"template":"","format":"standard","meta":{"om_disable_all_campaigns":false,"_monsterinsights_skip_tracking":false,"_monsterinsights_sitenote_active":false,"_monsterinsights_sitenote_note":"","_monsterinsights_sitenote_category":0,"footnotes":""},"categories":[30,266,41,193,48],"tags":[],"aioseo_notices":[],"_links":{"self":[{"href":"https:\/\/expressaoms.com.br\/index.php\/wp-json\/wp\/v2\/posts\/44295"}],"collection":[{"href":"https:\/\/expressaoms.com.br\/index.php\/wp-json\/wp\/v2\/posts"}],"about":[{"href":"https:\/\/expressaoms.com.br\/index.php\/wp-json\/wp\/v2\/types\/post"}],"author":[{"embeddable":true,"href":"https:\/\/expressaoms.com.br\/index.php\/wp-json\/wp\/v2\/users\/5"}],"replies":[{"embeddable":true,"href":"https:\/\/expressaoms.com.br\/index.php\/wp-json\/wp\/v2\/comments?post=44295"}],"version-history":[{"count":1,"href":"https:\/\/expressaoms.com.br\/index.php\/wp-json\/wp\/v2\/posts\/44295\/revisions"}],"predecessor-version":[{"id":44297,"href":"https:\/\/expressaoms.com.br\/index.php\/wp-json\/wp\/v2\/posts\/44295\/revisions\/44297"}],"wp:featuredmedia":[{"embeddable":true,"href":"https:\/\/expressaoms.com.br\/index.php\/wp-json\/wp\/v2\/media\/44296"}],"wp:attachment":[{"href":"https:\/\/expressaoms.com.br\/index.php\/wp-json\/wp\/v2\/media?parent=44295"}],"wp:term":[{"taxonomy":"category","embeddable":true,"href":"https:\/\/expressaoms.com.br\/index.php\/wp-json\/wp\/v2\/categories?post=44295"},{"taxonomy":"post_tag","embeddable":true,"href":"https:\/\/expressaoms.com.br\/index.php\/wp-json\/wp\/v2\/tags?post=44295"}],"curies":[{"name":"wp","href":"https:\/\/api.w.org\/{rel}","templated":true}]}}