{"id":44304,"date":"2026-03-10T08:38:49","date_gmt":"2026-03-10T12:38:49","guid":{"rendered":"https:\/\/expressaoms.com.br\/?p=44304"},"modified":"2026-03-10T08:38:49","modified_gmt":"2026-03-10T12:38:49","slug":"municipio-retifica-edital-de-pregao-para-contratacao-de-servicos-de-limpeza-com-dedicacao-exclusiva-de-mao-de-obra","status":"publish","type":"post","link":"https:\/\/expressaoms.com.br\/index.php\/2026\/03\/10\/municipio-retifica-edital-de-pregao-para-contratacao-de-servicos-de-limpeza-com-dedicacao-exclusiva-de-mao-de-obra\/","title":{"rendered":"Munic\u00edpio retifica edital de preg\u00e3o para contrata\u00e7\u00e3o de servi\u00e7os de limpeza com dedica\u00e7\u00e3o exclusiva de m\u00e3o de obra"},"content":{"rendered":"<div class=\"ds-message _63c77b1\">\n<div class=\"ds-markdown\">\n<p class=\"ds-markdown-paragraph\">A Diretoria de Compras e Licita\u00e7\u00f5es da Prefeitura Municipal de Tr\u00eas Lagoas divulgou, nesta semana, a primeira retifica\u00e7\u00e3o do aviso de licita\u00e7\u00e3o referente ao Preg\u00e3o Eletr\u00f4nico n\u00ba 012\/2026. O certame, que visa a contrata\u00e7\u00e3o de servi\u00e7os especializados de limpeza e conserva\u00e7\u00e3o para os pr\u00e9dios p\u00fablicos, teve seu edital ajustado, mas manteve a data de abertura das propostas para o dia 25 de mar\u00e7o.<\/p>\n<p class=\"ds-markdown-paragraph\">De acordo com o documento oficial, registrado sob o C\u00f3digo TCE n\u00ba\u00a02BBB1C7574B77371CC99FCD7949B1E23F20E087B, o objeto da licita\u00e7\u00e3o \u00e9 o &#8220;Registro de pre\u00e7os para contrata\u00e7\u00e3o, sob demanda, de servi\u00e7os de limpeza, asseio e conserva\u00e7\u00e3o em \u00e1reas internas, externas, hospitalares, esquadrias e fachadas&#8221;.<\/p>\n<p class=\"ds-markdown-paragraph\">A novidade do processo \u00e9 a exig\u00eancia de\u00a0regime de dedica\u00e7\u00e3o exclusiva de m\u00e3o de obra, al\u00e9m do fornecimento de uma solu\u00e7\u00e3o integrada que inclui gest\u00e3o, fiscaliza\u00e7\u00e3o dos servi\u00e7os prestados e o fornecimento de todos os insumos e equipamentos necess\u00e1rios para a execu\u00e7\u00e3o das atividades.<\/p>\n<p class=\"ds-markdown-paragraph\"><strong>Como participar<\/strong><br \/>\nA modalidade escolhida foi o Preg\u00e3o Eletr\u00f4nico, do tipo\u00a0Menor Pre\u00e7o (Global), seguindo os preceitos da nova Lei de Licita\u00e7\u00f5es (Lei n\u00ba 14.133\/2021). A disputa eletr\u00f4nica est\u00e1 marcada para o dia\u00a025 de mar\u00e7o de 2026, \u00e0s 09h00 (hor\u00e1rio de Bras\u00edlia), no Portal de Licita\u00e7\u00f5es Compras BR, atrav\u00e9s do endere\u00e7o\u00a0<a href=\"http:\/\/www.comprasbr.com.br\/\" target=\"_blank\" rel=\"noopener noreferrer\">www.comprasbr.com.br<\/a>.<\/p>\n<p class=\"ds-markdown-paragraph\">A retifica\u00e7\u00e3o, neste caso, serve para ajustes pontuais no instrumento convocat\u00f3rio sem alterar a data de abertura, o que mant\u00e9m o calend\u00e1rio previsto pela administra\u00e7\u00e3o municipal. Os interessados devem ficar atentos \u00e0s altera\u00e7\u00f5es publicadas nos canais oficiais.<\/p>\n<p class=\"ds-markdown-paragraph\">Os editais completos e seus anexos est\u00e3o dispon\u00edveis gratuitamente para download nos seguintes canais:<\/p>\n<ul>\n<li>\n<p class=\"ds-markdown-paragraph\">Portal Compras BR:\u00a0<a href=\"http:\/\/www.comprasbr.com.br\/\" target=\"_blank\" rel=\"noopener noreferrer\">www.comprasbr.com.br<\/a><\/p>\n<\/li>\n<li>\n<p class=\"ds-markdown-paragraph\">Site oficial da Prefeitura:\u00a0<a href=\"http:\/\/www.treslagoas.ms.gov.br\/\" target=\"_blank\" rel=\"noopener noreferrer\">www.treslagoas.ms.gov.br<\/a><\/p>\n<\/li>\n<li>\n<p class=\"ds-markdown-paragraph\">Portal Nacional de Contrata\u00e7\u00f5es P\u00fablicas (PNCP):\u00a0<a href=\"https:\/\/pncp.gov.br\/\" target=\"_blank\" rel=\"noopener noreferrer\">https:\/\/pncp.gov.br\/<\/a><\/p>\n<\/li>\n<li>\n<p class=\"ds-markdown-paragraph\">Presencialmente: Protocolo da Diretoria de Compras e Licita\u00e7\u00f5es<\/p>\n<\/li>\n<\/ul>\n<\/div>\n<\/div>\n<div class=\"ds-flex _0a3d93b\">\n<div class=\"ds-flex _965abe9 _54866f7\">\n<div class=\"db183363 ds-icon-button ds-icon-button--m ds-icon-button--sizing-container\" tabindex=\"0\" role=\"button\" aria-disabled=\"false\">\n<div class=\"ds-icon\"><\/div>\n<\/div>\n<\/div>\n<\/div>\n","protected":false},"excerpt":{"rendered":"<p>A Diretoria de Compras e Licita\u00e7\u00f5es da Prefeitura Municipal de Tr\u00eas Lagoas divulgou, nesta semana, a primeira retifica\u00e7\u00e3o do aviso de licita\u00e7\u00e3o referente ao Preg\u00e3o Eletr\u00f4nico n\u00ba 012\/2026. O certame, que visa a contrata\u00e7\u00e3o de servi\u00e7os especializados de limpeza e conserva\u00e7\u00e3o para os pr\u00e9dios p\u00fablicos, teve seu edital ajustado, mas manteve a data de abertura [&hellip;]<\/p>\n","protected":false},"author":5,"featured_media":44305,"comment_status":"open","ping_status":"open","sticky":false,"template":"","format":"standard","meta":{"om_disable_all_campaigns":false,"_monsterinsights_skip_tracking":false,"_monsterinsights_sitenote_active":false,"_monsterinsights_sitenote_note":"","_monsterinsights_sitenote_category":0,"footnotes":""},"categories":[30,266,193,48],"tags":[],"aioseo_notices":[],"_links":{"self":[{"href":"https:\/\/expressaoms.com.br\/index.php\/wp-json\/wp\/v2\/posts\/44304"}],"collection":[{"href":"https:\/\/expressaoms.com.br\/index.php\/wp-json\/wp\/v2\/posts"}],"about":[{"href":"https:\/\/expressaoms.com.br\/index.php\/wp-json\/wp\/v2\/types\/post"}],"author":[{"embeddable":true,"href":"https:\/\/expressaoms.com.br\/index.php\/wp-json\/wp\/v2\/users\/5"}],"replies":[{"embeddable":true,"href":"https:\/\/expressaoms.com.br\/index.php\/wp-json\/wp\/v2\/comments?post=44304"}],"version-history":[{"count":1,"href":"https:\/\/expressaoms.com.br\/index.php\/wp-json\/wp\/v2\/posts\/44304\/revisions"}],"predecessor-version":[{"id":44306,"href":"https:\/\/expressaoms.com.br\/index.php\/wp-json\/wp\/v2\/posts\/44304\/revisions\/44306"}],"wp:featuredmedia":[{"embeddable":true,"href":"https:\/\/expressaoms.com.br\/index.php\/wp-json\/wp\/v2\/media\/44305"}],"wp:attachment":[{"href":"https:\/\/expressaoms.com.br\/index.php\/wp-json\/wp\/v2\/media?parent=44304"}],"wp:term":[{"taxonomy":"category","embeddable":true,"href":"https:\/\/expressaoms.com.br\/index.php\/wp-json\/wp\/v2\/categories?post=44304"},{"taxonomy":"post_tag","embeddable":true,"href":"https:\/\/expressaoms.com.br\/index.php\/wp-json\/wp\/v2\/tags?post=44304"}],"curies":[{"name":"wp","href":"https:\/\/api.w.org\/{rel}","templated":true}]}}