{"id":44311,"date":"2026-03-10T09:38:56","date_gmt":"2026-03-10T13:38:56","guid":{"rendered":"https:\/\/expressaoms.com.br\/?p=44311"},"modified":"2026-03-10T09:38:56","modified_gmt":"2026-03-10T13:38:56","slug":"semed-divulga-classificacao-de-docentes-para-aulas-complementares-na-rede-municipal-de-tres-lagoas","status":"publish","type":"post","link":"https:\/\/expressaoms.com.br\/index.php\/2026\/03\/10\/semed-divulga-classificacao-de-docentes-para-aulas-complementares-na-rede-municipal-de-tres-lagoas\/","title":{"rendered":"SEMED divulga classifica\u00e7\u00e3o de docentes para aulas complementares na rede municipal de Tr\u00eas Lagoas"},"content":{"rendered":"<p class=\"ds-markdown-paragraph\">\u00a0A Secretaria Municipal de Educa\u00e7\u00e3o (SEMED) publicou\u00a0 a Portaria n\u00ba 022\/SEMED\/2026, que torna p\u00fablica a classifica\u00e7\u00e3o dos docentes habilitados para o processo de atribui\u00e7\u00e3o de aulas complementares na Rede Municipal de Ensino. O documento, assinado pela secret\u00e1ria Angela Maria de Brito, estabelece as regras e os prazos para a regulariza\u00e7\u00e3o documental e a convoca\u00e7\u00e3o dos profissionais classificados.<\/p>\n<p class=\"ds-markdown-paragraph\">De acordo com a portaria, a atribui\u00e7\u00e3o das aulas complementares \u00e9 destinada a professores efetivos da rede municipal, em car\u00e1ter tempor\u00e1rio, desde que a carga hor\u00e1ria total n\u00e3o ultrapasse o limite de 40 horas semanais, conforme prev\u00ea o artigo 17 da Lei n\u00ba 2425\/2010, que institui o Plano de Cargos, Carreira e Remunera\u00e7\u00e3o dos Trabalhadores da Educa\u00e7\u00e3o B\u00e1sica.<\/p>\n<p class=\"ds-markdown-paragraph\">A medida \u00e9 regulamentada pela Resolu\u00e7\u00e3o n\u00ba 004\/SEMED\/NRH\/2026, que orienta todo o processo de inscri\u00e7\u00e3o, classifica\u00e7\u00e3o e atribui\u00e7\u00e3o.<\/p>\n<p class=\"ds-markdown-paragraph\">O Anexo I da portaria traz a rela\u00e7\u00e3o dos docentes classificados, conforme crit\u00e9rios estabelecidos nos artigos 5\u00ba, 6\u00ba e 7\u00ba da resolu\u00e7\u00e3o. J\u00e1 o Anexo II lista os candidatos que tiveram suas inscri\u00e7\u00f5es indeferidas. Segundo a secretaria, os indeferimentos ocorreram em raz\u00e3o do descumprimento dos prazos estabelecidos para a Etapa 1 (inscri\u00e7\u00e3o) e\/ou Etapa 2 (entrega de documentos), com base nos artigos 2\u00ba, 4\u00ba, 5\u00ba, 7\u00ba e 11\u00ba da Resolu\u00e7\u00e3o n\u00ba 004.<\/p>\n<p class=\"ds-markdown-paragraph\">A portaria tamb\u00e9m esclarece a situa\u00e7\u00e3o dos candidatos que conclu\u00edram a Etapa 1, mas apresentaram pend\u00eancias na documenta\u00e7\u00e3o durante a Etapa 2. Esses profissionais dever\u00e3o regularizar sua situa\u00e7\u00e3o at\u00e9 o momento da atribui\u00e7\u00e3o das aulas, sob pena de n\u00e3o participarem do processo.<\/p>\n<p class=\"ds-markdown-paragraph\">O artigo 4\u00ba da portaria convoca os docentes classificados para o processo de atribui\u00e7\u00e3o e regulariza\u00e7\u00e3o documental. As datas, hor\u00e1rios e locais est\u00e3o definidos no Anexo III da publica\u00e7\u00e3o, e devem ser rigorosamente observados pelos profissionais.<\/p>\n<p class=\"ds-markdown-paragraph\">A SEMED refor\u00e7a a import\u00e2ncia de os docentes comparecerem nos prazos estipulados, munidos da documenta\u00e7\u00e3o necess\u00e1ria, para garantir a participa\u00e7\u00e3o no processo e o preenchimento das vagas dispon\u00edveis para aulas complementares na rede municipal.<\/p>\n<p class=\"ds-markdown-paragraph\">A portaria completa e seus anexos est\u00e3o dispon\u00edveis para consulta no Di\u00e1rio Oficial do Munic\u00edpio e nos canais oficiais da Prefeitura de Tr\u00eas Lagoas.<\/p>\n","protected":false},"excerpt":{"rendered":"<p>\u00a0A Secretaria Municipal de Educa\u00e7\u00e3o (SEMED) publicou\u00a0 a Portaria n\u00ba 022\/SEMED\/2026, que torna p\u00fablica a classifica\u00e7\u00e3o dos docentes habilitados para o processo de atribui\u00e7\u00e3o de aulas complementares na Rede Municipal de Ensino. O documento, assinado pela secret\u00e1ria Angela Maria de Brito, estabelece as regras e os prazos para a regulariza\u00e7\u00e3o documental e a convoca\u00e7\u00e3o dos [&hellip;]<\/p>\n","protected":false},"author":5,"featured_media":44312,"comment_status":"open","ping_status":"open","sticky":false,"template":"","format":"standard","meta":{"om_disable_all_campaigns":false,"_monsterinsights_skip_tracking":false,"_monsterinsights_sitenote_active":false,"_monsterinsights_sitenote_note":"","_monsterinsights_sitenote_category":0,"footnotes":""},"categories":[30,32,266,193,48],"tags":[],"aioseo_notices":[],"_links":{"self":[{"href":"https:\/\/expressaoms.com.br\/index.php\/wp-json\/wp\/v2\/posts\/44311"}],"collection":[{"href":"https:\/\/expressaoms.com.br\/index.php\/wp-json\/wp\/v2\/posts"}],"about":[{"href":"https:\/\/expressaoms.com.br\/index.php\/wp-json\/wp\/v2\/types\/post"}],"author":[{"embeddable":true,"href":"https:\/\/expressaoms.com.br\/index.php\/wp-json\/wp\/v2\/users\/5"}],"replies":[{"embeddable":true,"href":"https:\/\/expressaoms.com.br\/index.php\/wp-json\/wp\/v2\/comments?post=44311"}],"version-history":[{"count":1,"href":"https:\/\/expressaoms.com.br\/index.php\/wp-json\/wp\/v2\/posts\/44311\/revisions"}],"predecessor-version":[{"id":44313,"href":"https:\/\/expressaoms.com.br\/index.php\/wp-json\/wp\/v2\/posts\/44311\/revisions\/44313"}],"wp:featuredmedia":[{"embeddable":true,"href":"https:\/\/expressaoms.com.br\/index.php\/wp-json\/wp\/v2\/media\/44312"}],"wp:attachment":[{"href":"https:\/\/expressaoms.com.br\/index.php\/wp-json\/wp\/v2\/media?parent=44311"}],"wp:term":[{"taxonomy":"category","embeddable":true,"href":"https:\/\/expressaoms.com.br\/index.php\/wp-json\/wp\/v2\/categories?post=44311"},{"taxonomy":"post_tag","embeddable":true,"href":"https:\/\/expressaoms.com.br\/index.php\/wp-json\/wp\/v2\/tags?post=44311"}],"curies":[{"name":"wp","href":"https:\/\/api.w.org\/{rel}","templated":true}]}}