{"id":44317,"date":"2026-03-10T10:13:30","date_gmt":"2026-03-10T14:13:30","guid":{"rendered":"https:\/\/expressaoms.com.br\/?p=44317"},"modified":"2026-03-10T10:13:30","modified_gmt":"2026-03-10T14:13:30","slug":"novo-leilao-do-aeroporto-de-brasilia-inclui-bonito-dourados-e-tres-lagoas-em-pacote-de-concessao","status":"publish","type":"post","link":"https:\/\/expressaoms.com.br\/index.php\/2026\/03\/10\/novo-leilao-do-aeroporto-de-brasilia-inclui-bonito-dourados-e-tres-lagoas-em-pacote-de-concessao\/","title":{"rendered":"Novo leil\u00e3o do Aeroporto de Bras\u00edlia inclui Bonito, Dourados e Tr\u00eas Lagoas em pacote de concess\u00e3o"},"content":{"rendered":"<p class=\"ds-markdown-paragraph\">\u00a0O novo leil\u00e3o do Aeroporto Internacional Juscelino Kubitschek, em Bras\u00edlia, poder\u00e1 trazer impactos diretos para Mato Grosso do Sul. O modelo de concess\u00e3o que est\u00e1 sendo estruturado pelo Minist\u00e9rio de Portos e Aeroportos prev\u00ea que a empresa vencedora assuma tamb\u00e9m a administra\u00e7\u00e3o de dez aeroportos regionais \u2014 entre eles tr\u00eas localizados em cidades sul-mato-grossenses.<\/p>\n<p class=\"ds-markdown-paragraph\">A proposta inclui os aeroportos de Bonito, Dourados e Tr\u00eas Lagoas, que passariam a integrar o pacote da concess\u00e3o do terminal da capital federal. A estrat\u00e9gia do governo federal \u00e9 utilizar aeroportos de grande porte e alta rentabilidade como &#8220;\u00e2ncoras&#8221; para viabilizar investimentos, moderniza\u00e7\u00e3o e gest\u00e3o profissional em aeroportos regionais espalhados pelo pa\u00eds.<\/p>\n<h2>Lote completo<\/h2>\n<p class=\"ds-markdown-paragraph\">Al\u00e9m das tr\u00eas cidades de Mato Grosso do Sul, o lote dever\u00e1 incluir os aeroportos de:<\/p>\n<ul>\n<li>\n<p class=\"ds-markdown-paragraph\">Alto Para\u00edso (GO)<\/p>\n<\/li>\n<li>\n<p class=\"ds-markdown-paragraph\">Barreiras (BA)<\/p>\n<\/li>\n<li>\n<p class=\"ds-markdown-paragraph\">C\u00e1ceres (MT)<\/p>\n<\/li>\n<li>\n<p class=\"ds-markdown-paragraph\">Ju\u00edna (MT)<\/p>\n<\/li>\n<li>\n<p class=\"ds-markdown-paragraph\">Ponta Grossa (PR)<\/p>\n<\/li>\n<li>\n<p class=\"ds-markdown-paragraph\">S\u00e3o Miguel do Araguaia (GO)<\/p>\n<\/li>\n<li>\n<p class=\"ds-markdown-paragraph\">Tangar\u00e1 da Serra (MT)<\/p>\n<\/li>\n<\/ul>\n<p class=\"ds-markdown-paragraph\">O conjunto re\u00fane terminais com diferentes perfis operacionais e potencial de desenvolvimento, formando um bloco que ser\u00e1 administrado pela futura concession\u00e1ria.<\/p>\n<p class=\"ds-markdown-paragraph\">Para Mato Grosso do Sul, a iniciativa pode representar uma nova etapa de fortalecimento da infraestrutura aeroportu\u00e1ria regional. Cada um dos tr\u00eas munic\u00edpios contemplados possui caracter\u00edsticas e demandas espec\u00edficas:<\/p>\n<p class=\"ds-markdown-paragraph\"><strong>Bonito<\/strong>, reconhecido internacionalmente como um dos principais destinos de ecoturismo do Brasil, depende diretamente da conectividade a\u00e9rea para sustentar o crescimento da atividade tur\u00edstica e ampliar o fluxo de visitantes. A melhoria da infraestrutura aeroportu\u00e1ria \u00e9 considerada estrat\u00e9gica para o setor.<\/p>\n<p class=\"ds-markdown-paragraph\"><strong>Dourados<\/strong>\u00a0consolida-se como um importante polo regional de com\u00e9rcio, servi\u00e7os e agroneg\u00f3cio, com demandas crescentes por log\u00edstica e transporte a\u00e9reo eficientes para atender sua pujante atividade econ\u00f4mica.<\/p>\n<p class=\"ds-markdown-paragraph\"><strong>Tr\u00eas Lagoas<\/strong>\u00a0destaca-se pela forte presen\u00e7a industrial, especialmente impulsionada pelo setor de celulose, demandando maior integra\u00e7\u00e3o log\u00edstica e facilidades no transporte a\u00e9reo para executivos, t\u00e9cnicos e cargas.<\/p>\n<p class=\"ds-markdown-paragraph\">O modelo de concess\u00e3o ainda passar\u00e1 pela an\u00e1lise do Tribunal de Contas da Uni\u00e3o (TCU). A expectativa do governo federal \u00e9 que o processo seja levado ao plen\u00e1rio da Corte em abril, o que pode permitir a realiza\u00e7\u00e3o do leil\u00e3o no segundo semestre deste ano.<\/p>\n<p class=\"ds-markdown-paragraph\">De acordo com o Minist\u00e9rio de Portos e Aeroportos, a inclus\u00e3o de aeroportos regionais em concess\u00f5es maiores busca assegurar investimentos, moderniza\u00e7\u00e3o e melhoria na gest\u00e3o dessas estruturas, que muitas vezes apresentam baixo movimento, mas s\u00e3o consideradas fundamentais para o desenvolvimento econ\u00f4mico e a integra\u00e7\u00e3o regional.<\/p>\n<p class=\"ds-markdown-paragraph\">Atualmente, o Aeroporto Internacional de Bras\u00edlia \u00e9 administrado pela concession\u00e1ria Infram\u00e9rica, respons\u00e1vel pela gest\u00e3o desde 2012. A empresa, no entanto, tem apontado dificuldades financeiras no contrato e solicitado ao governo federal o reequil\u00edbrio econ\u00f4mico da concess\u00e3o, o que abre caminho para o novo modelo que est\u00e1 sendo desenhado.<\/p>\n<p class=\"ds-markdown-paragraph\"><em>(*) Com informa\u00e7\u00f5es do Campo Grande News.<\/em><\/p>\n","protected":false},"excerpt":{"rendered":"<p>\u00a0O novo leil\u00e3o do Aeroporto Internacional Juscelino Kubitschek, em Bras\u00edlia, poder\u00e1 trazer impactos diretos para Mato Grosso do Sul. O modelo de concess\u00e3o que est\u00e1 sendo estruturado pelo Minist\u00e9rio de Portos e Aeroportos prev\u00ea que a empresa vencedora assuma tamb\u00e9m a administra\u00e7\u00e3o de dez aeroportos regionais \u2014 entre eles tr\u00eas localizados em cidades sul-mato-grossenses. A [&hellip;]<\/p>\n","protected":false},"author":5,"featured_media":44318,"comment_status":"open","ping_status":"open","sticky":false,"template":"","format":"standard","meta":{"om_disable_all_campaigns":false,"_monsterinsights_skip_tracking":false,"_monsterinsights_sitenote_active":false,"_monsterinsights_sitenote_note":"","_monsterinsights_sitenote_category":0,"footnotes":""},"categories":[30,266,193,48],"tags":[],"aioseo_notices":[],"_links":{"self":[{"href":"https:\/\/expressaoms.com.br\/index.php\/wp-json\/wp\/v2\/posts\/44317"}],"collection":[{"href":"https:\/\/expressaoms.com.br\/index.php\/wp-json\/wp\/v2\/posts"}],"about":[{"href":"https:\/\/expressaoms.com.br\/index.php\/wp-json\/wp\/v2\/types\/post"}],"author":[{"embeddable":true,"href":"https:\/\/expressaoms.com.br\/index.php\/wp-json\/wp\/v2\/users\/5"}],"replies":[{"embeddable":true,"href":"https:\/\/expressaoms.com.br\/index.php\/wp-json\/wp\/v2\/comments?post=44317"}],"version-history":[{"count":1,"href":"https:\/\/expressaoms.com.br\/index.php\/wp-json\/wp\/v2\/posts\/44317\/revisions"}],"predecessor-version":[{"id":44319,"href":"https:\/\/expressaoms.com.br\/index.php\/wp-json\/wp\/v2\/posts\/44317\/revisions\/44319"}],"wp:featuredmedia":[{"embeddable":true,"href":"https:\/\/expressaoms.com.br\/index.php\/wp-json\/wp\/v2\/media\/44318"}],"wp:attachment":[{"href":"https:\/\/expressaoms.com.br\/index.php\/wp-json\/wp\/v2\/media?parent=44317"}],"wp:term":[{"taxonomy":"category","embeddable":true,"href":"https:\/\/expressaoms.com.br\/index.php\/wp-json\/wp\/v2\/categories?post=44317"},{"taxonomy":"post_tag","embeddable":true,"href":"https:\/\/expressaoms.com.br\/index.php\/wp-json\/wp\/v2\/tags?post=44317"}],"curies":[{"name":"wp","href":"https:\/\/api.w.org\/{rel}","templated":true}]}}