{"id":44326,"date":"2026-03-10T14:36:26","date_gmt":"2026-03-10T18:36:26","guid":{"rendered":"https:\/\/expressaoms.com.br\/?p=44326"},"modified":"2026-03-10T10:39:26","modified_gmt":"2026-03-10T14:39:26","slug":"um-ano-apos-assassinato-de-jornalista-reu-nao-presta-depoimento-e-justica-aguarda-pericia-em-celular","status":"publish","type":"post","link":"https:\/\/expressaoms.com.br\/index.php\/2026\/03\/10\/um-ano-apos-assassinato-de-jornalista-reu-nao-presta-depoimento-e-justica-aguarda-pericia-em-celular\/","title":{"rendered":"Um ano ap\u00f3s assassinato de jornalista, r\u00e9u n\u00e3o presta depoimento e Justi\u00e7a aguarda per\u00edcia em celular"},"content":{"rendered":"<p class=\"ds-markdown-paragraph\">Mais de um ano ap\u00f3s o assassinato da jornalista Vanessa Ricarte, o r\u00e9u pelo crime participou de mais uma audi\u00eancia sem que seu interrogat\u00f3rio fosse realizado. A segunda audi\u00eancia de instru\u00e7\u00e3o do caso ocorreu nesta segunda-feira (9), mas o depoimento de Caio Cesar Nascimento Pereira foi adiado porque a per\u00edcia no celular apreendido pela pol\u00edcia ainda n\u00e3o foi conclu\u00edda.<\/p>\n<p class=\"ds-markdown-paragraph\">Vanessa Ricarte, de 42 anos, foi assassinada no dia 12 de fevereiro de 2025. O processo tramita sob sigilo na 1\u00aa Vara do Tribunal do J\u00fari, sob condu\u00e7\u00e3o do juiz Carlos Alberto Garcete.<\/p>\n<p class=\"ds-markdown-paragraph\">Durante a audi\u00eancia desta segunda-feira, o assessor de imprensa Joilson Francelino, amigo da v\u00edtima, foi ouvido pela primeira vez na condi\u00e7\u00e3o de v\u00edtima. Inicialmente, ele figurava no processo apenas como testemunha, mas passou a ser considerado v\u00edtima de tentativa de homic\u00eddio ap\u00f3s decis\u00e3o do juiz.<\/p>\n<p class=\"ds-markdown-paragraph\">Segundo o advogado Pablo Arthur Buarque Gusm\u00e3o, que atua como assistente de acusa\u00e7\u00e3o de Joilson Francelino, a mudan\u00e7a ocorreu ap\u00f3s recurso apresentado ao Tribunal de Justi\u00e7a.<\/p>\n<p class=\"ds-markdown-paragraph\">\u201cO Joilson figura como v\u00edtima agora. Antes ele estava como testemunha. Houve um recurso em sentido estrito no Tribunal de Justi\u00e7a que reformou a decis\u00e3o inicial do doutor Garcete e hoje foi a audi\u00eancia em continua\u00e7\u00e3o em que ele foi ouvido na condi\u00e7\u00e3o de v\u00edtima\u201d, afirmou.<\/p>\n<p class=\"ds-markdown-paragraph\">De acordo com o advogado, Joilson relatou em audi\u00eancia a din\u00e2mica do crime ocorrido no dia da morte de Vanessa, incluindo o momento em que teria sido atacado pelo r\u00e9u.<\/p>\n<p class=\"ds-markdown-paragraph\">\u201cEle narrou todo o fato, como aconteceu na percep\u00e7\u00e3o dele. O v\u00eddeo foi gravado e consta nos autos. Inclusive ele participou do momento em que o r\u00e9u corre atr\u00e1s dele com uma faca e tenta desferir o golpe. Se n\u00e3o houvesse aquela porta em que o Joilson se apoiou e aquela geladeira ali, provavelmente o Joilson hoje n\u00e3o estaria mais aqui\u201d, disse.<\/p>\n<p class=\"ds-markdown-paragraph\">Com a mudan\u00e7a no enquadramento, Joilson passou a ser v\u00edtima de tentativa de homic\u00eddio qualificado por motivo f\u00fatil.<\/p>\n<p class=\"ds-markdown-paragraph\">A defesa do r\u00e9u afirmou que o interrogat\u00f3rio n\u00e3o foi realizado porque o processo ainda aguarda a conclus\u00e3o da per\u00edcia no celular apreendido com Caio.<\/p>\n<p class=\"ds-markdown-paragraph\">\u201cO interrogat\u00f3rio do Caio n\u00e3o aconteceu porque existe um detalhe no processo criminal em que todas as pessoas acusadas t\u00eam o direito de falar por \u00faltimo. Primeiro se re\u00fane todo o acervo de provas e depois ele, na qualidade de autodefesa, explica o que concorda ou n\u00e3o\u201d, afirmou o advogado Renato Franco.<\/p>\n<p class=\"ds-markdown-paragraph\">Segundo ele, a den\u00fancia tamb\u00e9m recebeu um aditamento do Minist\u00e9rio P\u00fablico durante o andamento do processo.<\/p>\n<p class=\"ds-markdown-paragraph\">\u201cO Minist\u00e9rio P\u00fablico analisou todas as provas e produziu novos elementos. Com isso houve um aditamento, que \u00e9 quando se somam outras condutas que tamb\u00e9m podem ser enquadradas como crime\u201d, explicou.<\/p>\n<p class=\"ds-markdown-paragraph\">Entre os crimes citados est\u00e3o persegui\u00e7\u00e3o, cyberstalking, exposi\u00e7\u00e3o pornogr\u00e1fica n\u00e3o consentida e viol\u00eancia psicol\u00f3gica.<\/p>\n<p class=\"ds-markdown-paragraph\">\u201cS\u00e3o crimes bastante modernos e que est\u00e3o ligados a elementos que precisam ser esclarecidos pela per\u00edcia que est\u00e1 com o Gaeco. Essas nuances precisam ser esclarecidas antes do interrogat\u00f3rio\u201d, disse.<\/p>\n<p class=\"ds-markdown-paragraph\">De acordo com a defesa, ainda n\u00e3o h\u00e1 data definida para a pr\u00f3xima audi\u00eancia e o interrogat\u00f3rio deve ocorrer ap\u00f3s a conclus\u00e3o da per\u00edcia.<\/p>\n<p class=\"ds-markdown-paragraph\">\u201cO interrogat\u00f3rio deve acontecer depois da manifesta\u00e7\u00e3o do Gaeco, que \u00e9 onde se encontra o celular para que seja realizada essa per\u00edcia. Agora vamos aguardar essa manifesta\u00e7\u00e3o\u201d, afirmou.<\/p>\n<p class=\"ds-markdown-paragraph\">Ainda segundo Gusm\u00e3o, a audi\u00eancia n\u00e3o avan\u00e7ou para o interrogat\u00f3rio do r\u00e9u porque a per\u00edcia nos aparelhos celulares apreendidos ainda n\u00e3o foi conclu\u00edda.<\/p>\n<p class=\"ds-markdown-paragraph\">\u201cN\u00e3o conseguiram quebrar a criptografia dos aparelhos celulares, que s\u00e3o iPhones. Por isso existem quest\u00f5es relacionadas a crimes de persegui\u00e7\u00e3o, viol\u00eancia psicol\u00f3gica e a quest\u00e3o da nudez. O juiz encerrou a audi\u00eancia apenas com a oitiva da v\u00edtima\u201d, explicou.<\/p>\n<p class=\"ds-markdown-paragraph\">O advogado acrescentou que ainda n\u00e3o h\u00e1 retorno oficial sobre o andamento da per\u00edcia.<\/p>\n<p class=\"ds-markdown-paragraph\">\u201cN\u00e3o temos uma devolutiva positiva nem negativa. Disseram anteriormente que n\u00e3o conseguiram quebrar e estavam tentando. Se conseguirem, haver\u00e1 um laudo e n\u00f3s seremos intimados para nos manifestar sobre a per\u00edcia dos aparelhos celulares\u201d, afirmou.<\/p>\n<p class=\"ds-markdown-paragraph\">Segundo ele, o juiz deve concluir a ata da audi\u00eancia e abrir prazo para manifesta\u00e7\u00e3o do Gaeco (Grupo de Atua\u00e7\u00e3o Especial de Combate ao Crime Organizado).<\/p>\n<p class=\"ds-markdown-paragraph\">\u201cO doutor Garcete vai finalizar a ata de audi\u00eancia, disponibilizar no processo e conceder o prazo de cinco dias para que eles manifestem se v\u00e3o conseguir ou n\u00e3o quebrar a criptografia. Depois disso ser\u00e1 agendada uma nova audi\u00eancia\u201d, disse.<\/p>\n<p class=\"ds-markdown-paragraph\">O advogado Andr\u00e9 Gomes, que representa a fam\u00edlia de Vanessa e tamb\u00e9m atua como assistente de acusa\u00e7\u00e3o, afirmou que o depoimento de Joilson foi importante para esclarecer pontos da acusa\u00e7\u00e3o.<\/p>\n<p class=\"ds-markdown-paragraph\">\u201cHoje, na oitiva do Joilson, que tamb\u00e9m \u00e9 v\u00edtima nesse caso, ele prestou depoimento novamente, desta vez na qualidade de v\u00edtima. O depoimento dele foi excelente e contribuiu muito para a acusa\u00e7\u00e3o e para que a Justi\u00e7a realmente seja feita\u201d, declarou.<\/p>\n<p class=\"ds-markdown-paragraph\">Segundo ele, a decis\u00e3o de adiar o interrogat\u00f3rio do r\u00e9u foi tomada para aguardar o relat\u00f3rio da per\u00edcia no celular.<\/p>\n<p class=\"ds-markdown-paragraph\">\u201cO doutor Garcete entendeu por bem, atendendo a uma solicita\u00e7\u00e3o do Minist\u00e9rio P\u00fablico, aguardar os relat\u00f3rios que est\u00e3o sendo produzidos a partir do levantamento criptogr\u00e1fico do celular do r\u00e9u\u201d, disse.<\/p>\n<p class=\"ds-markdown-paragraph\">Ap\u00f3s a conclus\u00e3o da per\u00edcia, o juiz deve marcar uma nova audi\u00eancia para ouvir o acusado. Na sequ\u00eancia, o processo seguir\u00e1 para a decis\u00e3o de pron\u00fancia, que definir\u00e1 se o caso ser\u00e1 levado a julgamento pelo Tribunal do J\u00fari.<\/p>\n<p class=\"ds-markdown-paragraph\">Apesar da espera pela per\u00edcia, Gomes afirma que a acusa\u00e7\u00e3o entende que j\u00e1 existem provas suficientes no processo.<\/p>\n<p class=\"ds-markdown-paragraph\">\u201cN\u00f3s j\u00e1 temos toda a extra\u00e7\u00e3o de dados dos equipamentos, inclusive do WhatsApp da v\u00edtima. Entendemos que j\u00e1 existem elementos para comprovar a materialidade dos crimes, n\u00e3o s\u00f3 do feminic\u00eddio, mas tamb\u00e9m da persegui\u00e7\u00e3o, das amea\u00e7as e da exposi\u00e7\u00e3o da nudez\u201d, afirmou.<\/p>\n<p class=\"ds-markdown-paragraph\">Ele destacou ainda que o depoimento desta segunda-feira ajudou a esclarecer a tentativa de homic\u00eddio contra Joilson.<\/p>\n<p class=\"ds-markdown-paragraph\">\u201cO depoimento dele foi muito importante porque corroborou e esclareceu como ocorreu a tentativa de homic\u00eddio, a persegui\u00e7\u00e3o at\u00e9 o im\u00f3vel e todas as situa\u00e7\u00f5es que ele sofreu. Ele explicou bem a din\u00e2mica do que aconteceu l\u00e1 dentro\u201d, disse.<\/p>\n<h3>Relembre o caso<\/h3>\n<p class=\"ds-markdown-paragraph\">Vanessa Ricarte, de 42 anos, foi assassinada no dia 12 de fevereiro de 2025 pelo ex-noivo, o m\u00fasico Caio Cesar Nascimento Pereira. Horas antes do crime, ela havia procurado a Deam (Delegacia Especializada de Atendimento \u00e0 Mulher) para denunciar viol\u00eancia e solicitar medida protetiva de urg\u00eancia.<\/p>\n<p class=\"ds-markdown-paragraph\">Ela relatou epis\u00f3dios de agress\u00e3o e amea\u00e7as, mas, segundo familiares, n\u00e3o recebeu acolhimento adequado. Em um \u00e1udio enviado a um amigo no mesmo dia, a jornalista contou que foi atendida de forma \u201cfria e seca\u201d e orientada a voltar para casa, sem garantia de seguran\u00e7a.<\/p>\n<p class=\"ds-markdown-paragraph\">O caso provocou forte repercuss\u00e3o nacional e questionamentos sobre os protocolos de atendimento a mulheres em situa\u00e7\u00e3o de risco.<\/p>\n<p class=\"ds-markdown-paragraph\">A decis\u00e3o judicial que determinava o afastamento do agressor ainda n\u00e3o havia sido comunicada quando Vanessa foi atacada. Ela foi esfaqueada tr\u00eas vezes na entrada da casa onde morava, no Bairro S\u00e3o Francisco.<\/p>\n","protected":false},"excerpt":{"rendered":"<p>Mais de um ano ap\u00f3s o assassinato da jornalista Vanessa Ricarte, o r\u00e9u pelo crime participou de mais uma audi\u00eancia sem que seu interrogat\u00f3rio fosse realizado. A segunda audi\u00eancia de instru\u00e7\u00e3o do caso ocorreu nesta segunda-feira (9), mas o depoimento de Caio Cesar Nascimento Pereira foi adiado porque a per\u00edcia no celular apreendido pela pol\u00edcia [&hellip;]<\/p>\n","protected":false},"author":5,"featured_media":44327,"comment_status":"open","ping_status":"open","sticky":false,"template":"","format":"standard","meta":{"om_disable_all_campaigns":false,"_monsterinsights_skip_tracking":false,"_monsterinsights_sitenote_active":false,"_monsterinsights_sitenote_note":"","_monsterinsights_sitenote_category":0,"footnotes":""},"categories":[27,30,37,266,41,193],"tags":[],"aioseo_notices":[],"_links":{"self":[{"href":"https:\/\/expressaoms.com.br\/index.php\/wp-json\/wp\/v2\/posts\/44326"}],"collection":[{"href":"https:\/\/expressaoms.com.br\/index.php\/wp-json\/wp\/v2\/posts"}],"about":[{"href":"https:\/\/expressaoms.com.br\/index.php\/wp-json\/wp\/v2\/types\/post"}],"author":[{"embeddable":true,"href":"https:\/\/expressaoms.com.br\/index.php\/wp-json\/wp\/v2\/users\/5"}],"replies":[{"embeddable":true,"href":"https:\/\/expressaoms.com.br\/index.php\/wp-json\/wp\/v2\/comments?post=44326"}],"version-history":[{"count":1,"href":"https:\/\/expressaoms.com.br\/index.php\/wp-json\/wp\/v2\/posts\/44326\/revisions"}],"predecessor-version":[{"id":44328,"href":"https:\/\/expressaoms.com.br\/index.php\/wp-json\/wp\/v2\/posts\/44326\/revisions\/44328"}],"wp:featuredmedia":[{"embeddable":true,"href":"https:\/\/expressaoms.com.br\/index.php\/wp-json\/wp\/v2\/media\/44327"}],"wp:attachment":[{"href":"https:\/\/expressaoms.com.br\/index.php\/wp-json\/wp\/v2\/media?parent=44326"}],"wp:term":[{"taxonomy":"category","embeddable":true,"href":"https:\/\/expressaoms.com.br\/index.php\/wp-json\/wp\/v2\/categories?post=44326"},{"taxonomy":"post_tag","embeddable":true,"href":"https:\/\/expressaoms.com.br\/index.php\/wp-json\/wp\/v2\/tags?post=44326"}],"curies":[{"name":"wp","href":"https:\/\/api.w.org\/{rel}","templated":true}]}}