{"id":44329,"date":"2026-03-10T12:15:45","date_gmt":"2026-03-10T16:15:45","guid":{"rendered":"https:\/\/expressaoms.com.br\/?p=44329"},"modified":"2026-03-10T12:15:45","modified_gmt":"2026-03-10T16:15:45","slug":"vereadores-aprovam-programa-de-fiscalizacao-de-residuos-e-homenagens-durante-sessao-ordinaria","status":"publish","type":"post","link":"https:\/\/expressaoms.com.br\/index.php\/2026\/03\/10\/vereadores-aprovam-programa-de-fiscalizacao-de-residuos-e-homenagens-durante-sessao-ordinaria\/","title":{"rendered":"Vereadores aprovam programa de fiscaliza\u00e7\u00e3o de res\u00edduos e homenagens durante sess\u00e3o ordin\u00e1ria"},"content":{"rendered":"<p class=\"ds-markdown-paragraph\">Na 5\u00aa sess\u00e3o ordin\u00e1ria realizada nesta ter\u00e7a-feira (10), os vereadores de Tr\u00eas Lagoas analisaram cinco projetos, sendo dois projetos de lei e tr\u00eas projetos de decreto legislativo, que agora seguem para tramita\u00e7\u00e3o nas comiss\u00f5es permanentes.<\/p>\n<p class=\"ds-markdown-paragraph\">Entre as propostas em destaque est\u00e1 o Projeto de Lei 033\/2026, de autoria do vereador Fernando Lucas de Souza Jurado, que institui o Programa Municipal de Fiscaliza\u00e7\u00e3o Colaborativa de Res\u00edduos S\u00f3lidos. A iniciativa tem como objetivo fortalecer o controle e a repress\u00e3o ao descarte irregular de res\u00edduos em bens p\u00fablicos e \u00e1reas de uso comum da popula\u00e7\u00e3o.<\/p>\n<p class=\"ds-markdown-paragraph\">J\u00e1 o Projeto de Lei 034\/2026, apresentado pela vereadora Evalda dos Reis Ferreira, prop\u00f5e altera\u00e7\u00e3o na Lei n\u00ba 1.739\/2001, que institui o Dia do Agente Comunit\u00e1rio de Sa\u00fade. A data passa a ser comemorada anualmente em 4 de outubro, em reconhecimento aos relevantes servi\u00e7os prestados por esses profissionais \u00e0 sa\u00fade p\u00fablica municipal.<\/p>\n<h2>T\u00edtulos e honrarias<\/h2>\n<p class=\"ds-markdown-paragraph\">Tr\u00eas projetos de decreto legislativo concedem homenagens a personalidades locais. O Projeto de Decreto Legislativo 018\/2026, do vereador Adriano Cezar Rodrigues, concede o T\u00edtulo de Cidad\u00e3o Tr\u00eas-lagoense ao senhor Rafael de Andrade Farias.<\/p>\n<p class=\"ds-markdown-paragraph\">J\u00e1 os Projetos de Decreto Legislativo 019\/2026 e 020\/2026 conferem o Diploma &#8220;Mulher Not\u00e1vel&#8221;. O primeiro, de autoria do vereador Vagner Ten\u00f3rio da Silva, homenageia a senhora Rosimeire Cardoso de Oliveira Chaves. O segundo, proposto pelo vereador Antonio Luiz Teixeira Empke Jr, concede a honraria \u00e0 vereadora Sirlene dos Santos Pereira.<\/p>\n<h2>Requerimentos aprovados<\/h2>\n<p class=\"ds-markdown-paragraph\">Durante a Ordem do Dia, o plen\u00e1rio aprovou ainda sete requerimentos, incluindo pedidos de audi\u00eancias p\u00fablicas, mo\u00e7\u00f5es de pesar e congratula\u00e7\u00f5es.<\/p>\n<p class=\"ds-markdown-paragraph\">Destaque para o Requerimento 023\/2026, do vereador Fernando Lucas de Souza Jurado, que solicita audi\u00eancia p\u00fablica sobre o tema &#8220;Viol\u00eancia contra a mulher&#8221;, marcada para o dia 12 de mar\u00e7o, \u00e0s 19h. O mesmo vereador tamb\u00e9m prop\u00f4s o Requerimento 025\/2026, para debate sobre &#8220;Como vencer burocracia com ideias inovadoras&#8221;, agendado para 26 de mar\u00e7o, \u00e0s 18h30.<\/p>\n<p class=\"ds-markdown-paragraph\">Entre as homenagens aprovadas est\u00e3o mo\u00e7\u00f5es de congratula\u00e7\u00e3o para o senhor Florentino de Freitas Barbosa (Requerimento 026\/2026, de Adriano Cezar Rodrigues) e para a senhora Iara Neves de Souza (Requerimento 029\/2026, de Maria Aparecida Diogo), esta \u00faltima em alus\u00e3o ao Dia Internacional da Mulher.<\/p>\n<p class=\"ds-markdown-paragraph\">O Requerimento 024\/2026, do vereador Pedro Machado Gon\u00e7alves J\u00fanior, manifesta mo\u00e7\u00e3o de pesar pelo falecimento do senhor Edvaldo Dagoberto Barbosa. J\u00e1 o Requerimento 027\/2026, de Robson Fegruglia, concede mo\u00e7\u00e3o de reconhecimento ao senhor Milton Jorge Del Petro pelos servi\u00e7os prestados ao munic\u00edpio.<\/p>\n<p class=\"ds-markdown-paragraph\">Por fim, o Requerimento 028\/2026, da vereadora Evalda dos Reis Ferreira, solicita a realiza\u00e7\u00e3o de Sess\u00e3o Solene para entrega de honrarias no dia 10 de mar\u00e7o, \u00e0s 18h30.<\/p>\n","protected":false},"excerpt":{"rendered":"<p>Na 5\u00aa sess\u00e3o ordin\u00e1ria realizada nesta ter\u00e7a-feira (10), os vereadores de Tr\u00eas Lagoas analisaram cinco projetos, sendo dois projetos de lei e tr\u00eas projetos de decreto legislativo, que agora seguem para tramita\u00e7\u00e3o nas comiss\u00f5es permanentes. Entre as propostas em destaque est\u00e1 o Projeto de Lei 033\/2026, de autoria do vereador Fernando Lucas de Souza Jurado, [&hellip;]<\/p>\n","protected":false},"author":5,"featured_media":44330,"comment_status":"open","ping_status":"open","sticky":false,"template":"","format":"standard","meta":{"om_disable_all_campaigns":false,"_monsterinsights_skip_tracking":false,"_monsterinsights_sitenote_active":false,"_monsterinsights_sitenote_note":"","_monsterinsights_sitenote_category":0,"footnotes":""},"categories":[30,266,42,193,48],"tags":[],"aioseo_notices":[],"_links":{"self":[{"href":"https:\/\/expressaoms.com.br\/index.php\/wp-json\/wp\/v2\/posts\/44329"}],"collection":[{"href":"https:\/\/expressaoms.com.br\/index.php\/wp-json\/wp\/v2\/posts"}],"about":[{"href":"https:\/\/expressaoms.com.br\/index.php\/wp-json\/wp\/v2\/types\/post"}],"author":[{"embeddable":true,"href":"https:\/\/expressaoms.com.br\/index.php\/wp-json\/wp\/v2\/users\/5"}],"replies":[{"embeddable":true,"href":"https:\/\/expressaoms.com.br\/index.php\/wp-json\/wp\/v2\/comments?post=44329"}],"version-history":[{"count":1,"href":"https:\/\/expressaoms.com.br\/index.php\/wp-json\/wp\/v2\/posts\/44329\/revisions"}],"predecessor-version":[{"id":44331,"href":"https:\/\/expressaoms.com.br\/index.php\/wp-json\/wp\/v2\/posts\/44329\/revisions\/44331"}],"wp:featuredmedia":[{"embeddable":true,"href":"https:\/\/expressaoms.com.br\/index.php\/wp-json\/wp\/v2\/media\/44330"}],"wp:attachment":[{"href":"https:\/\/expressaoms.com.br\/index.php\/wp-json\/wp\/v2\/media?parent=44329"}],"wp:term":[{"taxonomy":"category","embeddable":true,"href":"https:\/\/expressaoms.com.br\/index.php\/wp-json\/wp\/v2\/categories?post=44329"},{"taxonomy":"post_tag","embeddable":true,"href":"https:\/\/expressaoms.com.br\/index.php\/wp-json\/wp\/v2\/tags?post=44329"}],"curies":[{"name":"wp","href":"https:\/\/api.w.org\/{rel}","templated":true}]}}