{"id":44338,"date":"2026-03-10T15:46:06","date_gmt":"2026-03-10T19:46:06","guid":{"rendered":"https:\/\/expressaoms.com.br\/?p=44338"},"modified":"2026-03-10T15:46:06","modified_gmt":"2026-03-10T19:46:06","slug":"paulo-correa-homenageia-liderancas-femininas-que-fazem-a-diferenca-em-ms","status":"publish","type":"post","link":"https:\/\/expressaoms.com.br\/index.php\/2026\/03\/10\/paulo-correa-homenageia-liderancas-femininas-que-fazem-a-diferenca-em-ms\/","title":{"rendered":"Paulo Corr\u00eaa homenageia lideran\u00e7as femininas que fazem a diferen\u00e7a em MS"},"content":{"rendered":"<p>Em reconhecimento ao protagonismo feminino na sociedade, em especial na administra\u00e7\u00e3o p\u00fablica, o deputado estadual Paulo Corr\u00eaa (PSDB), 1\u00ba secret\u00e1rio da Assembleia Legislativa de Mato Grosso do Sul, homenageou nesta ter\u00e7a-feira (10), com o Trof\u00e9u Celina Jallad, tr\u00eas mulheres que se destacam na gest\u00e3o p\u00fablica sul-mato-grossense.<\/p>\n<p>A solenidade reconhece a atua\u00e7\u00e3o feminina em diferentes \u00e1reas da administra\u00e7\u00e3o p\u00fablica e valoriza lideran\u00e7as que contribuem para o desenvolvimento dos munic\u00edpios e para a melhoria da qualidade de vida da popula\u00e7\u00e3o.<\/p>\n<p>Foram agraciadas com a honraria a prefeita de \u00c1gua Clara, Gerolina Alves; a prefeita de Bodoquena, Girleide Rovari; e a vice-prefeita de Cassil\u00e2ndia, Sumara Ferreira Leal.<\/p>\n<p>\u201cEssas tr\u00eas mulheres representam muito bem a for\u00e7a e a capacidade de lideran\u00e7a feminina em Mato Grosso do Sul. Cada uma, \u00e0 sua maneira, tem contribu\u00eddo para transformar a realidade de suas cidades, com trabalho s\u00e9rio, sensibilidade e compromisso com as pessoas. \u00c9 uma honra poder reconhecer publicamente o trabalho de mulheres que fazem a diferen\u00e7a na vida da popula\u00e7\u00e3o\u201d, destacou Paulo Corr\u00eaa.<\/p>\n<div class=\"wp-block-image\">\n<figure class=\"alignleft size-large is-resized\"><img fetchpriority=\"high\" decoding=\"async\" class=\"wp-image-14114\" src=\"https:\/\/deppaulocorrea.com.br\/wp-content\/uploads\/2026\/03\/WhatsApp-Image-2026-03-10-at-13.55.10-1024x683.jpeg\" sizes=\"(max-width: 1024px) 100vw, 1024px\" srcset=\"https:\/\/deppaulocorrea.com.br\/wp-content\/uploads\/2026\/03\/WhatsApp-Image-2026-03-10-at-13.55.10-1024x683.jpeg 1024w, https:\/\/deppaulocorrea.com.br\/wp-content\/uploads\/2026\/03\/WhatsApp-Image-2026-03-10-at-13.55.10-300x200.jpeg 300w, https:\/\/deppaulocorrea.com.br\/wp-content\/uploads\/2026\/03\/WhatsApp-Image-2026-03-10-at-13.55.10-768x512.jpeg 768w, https:\/\/deppaulocorrea.com.br\/wp-content\/uploads\/2026\/03\/WhatsApp-Image-2026-03-10-at-13.55.10.jpeg 1280w\" alt=\"\" width=\"1024\" height=\"683\" \/><\/figure>\n<\/div>\n<p>Ao comentar a import\u00e2ncia da presen\u00e7a feminina na gest\u00e3o p\u00fablica, Paulo Corr\u00eaa ressaltou que a participa\u00e7\u00e3o das mulheres fortalece a constru\u00e7\u00e3o de pol\u00edticas p\u00fablicas mais eficientes. \u201cAs mulheres t\u00eam um olhar diferenciado e d\u00e3o um toque especial a todos os espa\u00e7os que ocupam. Quando est\u00e3o nos espa\u00e7os de decis\u00e3o, ajudam a construir pol\u00edticas p\u00fablicas mais eficazes e mais pr\u00f3ximas da realidade das pessoas. N\u00f3s, homens, ainda temos muito a aprender com a sensibilidade, a dedica\u00e7\u00e3o e a capacidade de gest\u00e3o das mulheres\u201d, afirmou.<\/p>\n<p><strong>Homenageadas<\/strong><\/p>\n<p>Prefeita de \u00c1gua Clara, Gerolina Alves est\u00e1 \u00e0 frente da administra\u00e7\u00e3o municipal desde 2021 e foi reeleita com ampla aprova\u00e7\u00e3o popular. Durante sua gest\u00e3o, o munic\u00edpio se destacou pela gera\u00e7\u00e3o de empregos e por investimentos em \u00e1reas como infraestrutura, sa\u00fade, educa\u00e7\u00e3o e qualidade de vida da popula\u00e7\u00e3o.<\/p>\n<p>J\u00e1 a prefeita de Bodoquena, Girleide Rovari, possui trajet\u00f3ria marcada pela atua\u00e7\u00e3o na gest\u00e3o p\u00fablica e na educa\u00e7\u00e3o. Eleita em 2024, sua administra\u00e7\u00e3o tem como prioridades o fortalecimento do turismo local, o desenvolvimento econ\u00f4mico e a melhoria cont\u00ednua dos servi\u00e7os p\u00fablicos oferecidos \u00e0 popula\u00e7\u00e3o.<\/p>\n<p>Em Cassil\u00e2ndia, a vice-prefeita Sumara Ferreira Leal tamb\u00e9m se destaca pela atua\u00e7\u00e3o social e pol\u00edtica. Fisioterapeuta de forma\u00e7\u00e3o, ela j\u00e1 exerceu mandato como vereadora e atualmente, al\u00e9m da vice-prefeitura, responde pela Secretaria Municipal de Turismo, Esporte e Cultura, defendendo pautas como transpar\u00eancia na gest\u00e3o p\u00fablica e o fortalecimento da participa\u00e7\u00e3o feminina na pol\u00edtica.<\/p>\n<div class=\"wp-block-image\">\n<figure class=\"alignright size-large is-resized\"><img decoding=\"async\" class=\"wp-image-14115\" src=\"https:\/\/deppaulocorrea.com.br\/wp-content\/uploads\/2026\/03\/WhatsApp-Image-2026-03-10-at-14.01.38-1024x683.jpeg\" sizes=\"(max-width: 1024px) 100vw, 1024px\" srcset=\"https:\/\/deppaulocorrea.com.br\/wp-content\/uploads\/2026\/03\/WhatsApp-Image-2026-03-10-at-14.01.38-1024x683.jpeg 1024w, https:\/\/deppaulocorrea.com.br\/wp-content\/uploads\/2026\/03\/WhatsApp-Image-2026-03-10-at-14.01.38-300x200.jpeg 300w, https:\/\/deppaulocorrea.com.br\/wp-content\/uploads\/2026\/03\/WhatsApp-Image-2026-03-10-at-14.01.38-768x512.jpeg 768w, https:\/\/deppaulocorrea.com.br\/wp-content\/uploads\/2026\/03\/WhatsApp-Image-2026-03-10-at-14.01.38.jpeg 1027w\" alt=\"\" width=\"1024\" height=\"683\" \/><\/figure>\n<\/div>\n<p>\u201cEssas tr\u00eas mulheres representam muito bem a for\u00e7a e a capacidade de lideran\u00e7a feminina em Mato Grosso do Sul. Cada uma, \u00e0 sua maneira, tem contribu\u00eddo para transformar a realidade de suas cidades, com trabalho s\u00e9rio, sensibilidade e compromisso com as pessoas. \u00c9 uma honra poder reconhecer publicamente o trabalho de mulheres que fazem a diferen\u00e7a na vida da popula\u00e7\u00e3o\u201d, finalizou Paulo Corr\u00eaa.<\/p>\n","protected":false},"excerpt":{"rendered":"<p>Em reconhecimento ao protagonismo feminino na sociedade, em especial na administra\u00e7\u00e3o p\u00fablica, o deputado estadual Paulo Corr\u00eaa (PSDB), 1\u00ba secret\u00e1rio da Assembleia Legislativa de Mato Grosso do Sul, homenageou nesta ter\u00e7a-feira (10), com o Trof\u00e9u Celina Jallad, tr\u00eas mulheres que se destacam na gest\u00e3o p\u00fablica sul-mato-grossense. A solenidade reconhece a atua\u00e7\u00e3o feminina em diferentes \u00e1reas [&hellip;]<\/p>\n","protected":false},"author":5,"featured_media":44339,"comment_status":"open","ping_status":"open","sticky":false,"template":"","format":"standard","meta":{"om_disable_all_campaigns":false,"_monsterinsights_skip_tracking":false,"_monsterinsights_sitenote_active":false,"_monsterinsights_sitenote_note":"","_monsterinsights_sitenote_category":0,"footnotes":""},"categories":[30,266,42,193],"tags":[],"aioseo_notices":[],"_links":{"self":[{"href":"https:\/\/expressaoms.com.br\/index.php\/wp-json\/wp\/v2\/posts\/44338"}],"collection":[{"href":"https:\/\/expressaoms.com.br\/index.php\/wp-json\/wp\/v2\/posts"}],"about":[{"href":"https:\/\/expressaoms.com.br\/index.php\/wp-json\/wp\/v2\/types\/post"}],"author":[{"embeddable":true,"href":"https:\/\/expressaoms.com.br\/index.php\/wp-json\/wp\/v2\/users\/5"}],"replies":[{"embeddable":true,"href":"https:\/\/expressaoms.com.br\/index.php\/wp-json\/wp\/v2\/comments?post=44338"}],"version-history":[{"count":1,"href":"https:\/\/expressaoms.com.br\/index.php\/wp-json\/wp\/v2\/posts\/44338\/revisions"}],"predecessor-version":[{"id":44340,"href":"https:\/\/expressaoms.com.br\/index.php\/wp-json\/wp\/v2\/posts\/44338\/revisions\/44340"}],"wp:featuredmedia":[{"embeddable":true,"href":"https:\/\/expressaoms.com.br\/index.php\/wp-json\/wp\/v2\/media\/44339"}],"wp:attachment":[{"href":"https:\/\/expressaoms.com.br\/index.php\/wp-json\/wp\/v2\/media?parent=44338"}],"wp:term":[{"taxonomy":"category","embeddable":true,"href":"https:\/\/expressaoms.com.br\/index.php\/wp-json\/wp\/v2\/categories?post=44338"},{"taxonomy":"post_tag","embeddable":true,"href":"https:\/\/expressaoms.com.br\/index.php\/wp-json\/wp\/v2\/tags?post=44338"}],"curies":[{"name":"wp","href":"https:\/\/api.w.org\/{rel}","templated":true}]}}