{"id":44347,"date":"2026-03-11T08:07:28","date_gmt":"2026-03-11T12:07:28","guid":{"rendered":"https:\/\/expressaoms.com.br\/?p=44347"},"modified":"2026-03-11T08:07:28","modified_gmt":"2026-03-11T12:07:28","slug":"prefeitura-de-tres-lagoas-convoca-aprovados-em-processo-seletivo-da-educacao","status":"publish","type":"post","link":"https:\/\/expressaoms.com.br\/index.php\/2026\/03\/11\/prefeitura-de-tres-lagoas-convoca-aprovados-em-processo-seletivo-da-educacao\/","title":{"rendered":"Prefeitura de Tr\u00eas Lagoas convoca aprovados em processo seletivo da educa\u00e7\u00e3o"},"content":{"rendered":"<p class=\"ds-markdown-paragraph\">A Prefeitura de Tr\u00eas Lagoas, por meio da Secretaria Municipal de Gest\u00e3o de Pessoas, publicou nesta quarta-feira (11) a Resolu\u00e7\u00e3o n\u00ba 016\/SEGP\/PMTL\/2026, que convoca os candidatos aprovados no Processo Seletivo da Secretaria Municipal de Educa\u00e7\u00e3o \u2013 edital 001\/2025 para contrata\u00e7\u00e3o por excepcional interesse p\u00fablico.<\/p>\n<p class=\"ds-markdown-paragraph\">A secret\u00e1ria Municipal de Gest\u00e3o de Pessoas, Vanessa dos Santos S\u00eana, assina o documento que regulamenta a convoca\u00e7\u00e3o dos professores tempor\u00e1rios para o ano letivo de 2026, seguindo a ordem de classifica\u00e7\u00e3o do certame.<\/p>\n<h2>Etapas da convoca\u00e7\u00e3o<\/h2>\n<p class=\"ds-markdown-paragraph\">O processo de convoca\u00e7\u00e3o ser\u00e1 realizado em tr\u00eas etapas obrigat\u00f3rias:<\/p>\n<p class=\"ds-markdown-paragraph\"><strong>1. Entrega de documentos:<\/strong>\u00a0Os candidatos dever\u00e3o apresentar toda a documenta\u00e7\u00e3o exigida no edital na Secretaria Municipal de Educa\u00e7\u00e3o, localizada na Rua Alexandre Costa, n\u00ba 130 (port\u00e3o lateral pela Rua Parana\u00edba). A entrega completa \u00e9 crit\u00e9rio obrigat\u00f3rio para prosseguimento no processo.<\/p>\n<p class=\"ds-markdown-paragraph\"><strong>2. Exames admissionais:<\/strong>\u00a0Ap\u00f3s a aprova\u00e7\u00e3o na primeira etapa, os candidatos ser\u00e3o submetidos a exames m\u00e9dicos para avalia\u00e7\u00e3o da aptid\u00e3o f\u00edsica e mental, que dever\u00e3o ser realizados no Departamento de Seguran\u00e7a, Sa\u00fade e Qualidade de Vida, na Rua Munir Thom\u00e9, 949 \u2013 Centro.<\/p>\n<p class=\"ds-markdown-paragraph\"><strong>3. Lota\u00e7\u00e3o:<\/strong>\u00a0Conclu\u00eddas as etapas anteriores, ser\u00e1 realizada a designa\u00e7\u00e3o dos candidatos aprovados para os locais de trabalho.<\/p>\n<h2>Documenta\u00e7\u00e3o exigida<\/h2>\n<p class=\"ds-markdown-paragraph\">Os convocados dever\u00e3o apresentar c\u00f3pias autenticadas ou originais acompanhados de c\u00f3pias simples dos seguintes documentos:<\/p>\n<ul>\n<li>\n<p class=\"ds-markdown-paragraph\">Comprovante de escolaridade (diploma e hist\u00f3rico) e cursos de especializa\u00e7\u00e3o<\/p>\n<\/li>\n<li>\n<p class=\"ds-markdown-paragraph\">Certid\u00e3o de casamento ou nascimento<\/p>\n<\/li>\n<li>\n<p class=\"ds-markdown-paragraph\">Carteira de Identidade<\/p>\n<\/li>\n<li>\n<p class=\"ds-markdown-paragraph\">T\u00edtulo de Eleitor e comprovantes da \u00faltima elei\u00e7\u00e3o<\/p>\n<\/li>\n<li>\n<p class=\"ds-markdown-paragraph\">CPF<\/p>\n<\/li>\n<li>\n<p class=\"ds-markdown-paragraph\">PIS\/PASEP<\/p>\n<\/li>\n<li>\n<p class=\"ds-markdown-paragraph\">Carteira de Trabalho (frente e verso ou vers\u00e3o digital impressa)<\/p>\n<\/li>\n<li>\n<p class=\"ds-markdown-paragraph\">Comprovante de resid\u00eancia<\/p>\n<\/li>\n<li>\n<p class=\"ds-markdown-paragraph\">Duas fotos 3&#215;4<\/p>\n<\/li>\n<li>\n<p class=\"ds-markdown-paragraph\">Certid\u00e3o de Reservista (para candidatos do sexo masculino)<\/p>\n<\/li>\n<li>\n<p class=\"ds-markdown-paragraph\">Declara\u00e7\u00e3o de Imposto de Renda \u2013 exerc\u00edcio 2025<\/p>\n<\/li>\n<li>\n<p class=\"ds-markdown-paragraph\">Certid\u00f5es negativas de antecedentes criminais e c\u00edvel (Justi\u00e7a Federal e Estadual)<\/p>\n<\/li>\n<li>\n<p class=\"ds-markdown-paragraph\">Certid\u00e3o Negativa de Improbidade Administrativa<\/p>\n<\/li>\n<li>\n<p class=\"ds-markdown-paragraph\">C\u00f3pia do cart\u00e3o do Banco Bradesco ou comprovante de abertura de conta<\/p>\n<\/li>\n<\/ul>\n<p class=\"ds-markdown-paragraph\">Para candidatos com dependentes, tamb\u00e9m s\u00e3o exigidos certid\u00e3o de nascimento e CPF dos filhos, carteira de vacina (para menores de 5 anos), comprovante de frequ\u00eancia escolar (para filhos de 6 a 14 anos) e documenta\u00e7\u00e3o do c\u00f4njuge\/companheiro.<\/p>\n<h2>Exames laboratoriais<\/h2>\n<p class=\"ds-markdown-paragraph\">Os candidatos convocados para os cargos de Atendente de Educa\u00e7\u00e3o Infantil, Profissional de Apoio \u00e0 Inclus\u00e3o Escolar, Psic\u00f3logo, Tutor de Educa\u00e7\u00e3o Integral, Profissional de Ensino Fundamental e Professor de Arte dever\u00e3o apresentar:<\/p>\n<ul>\n<li>\n<p class=\"ds-markdown-paragraph\">Glicemia em jejum<\/p>\n<\/li>\n<li>\n<p class=\"ds-markdown-paragraph\">Hemograma completo<\/p>\n<\/li>\n<\/ul>\n<p class=\"ds-markdown-paragraph\">Os exames laboratoriais s\u00e3o de responsabilidade e custeio do candidato, conforme estabelecido no artigo 4\u00ba da resolu\u00e7\u00e3o.<\/p>\n<p class=\"ds-markdown-paragraph\">Em caso de impossibilidade de comparecimento do candidato, ser\u00e1 permitida a representa\u00e7\u00e3o por meio de procura\u00e7\u00e3o particular com firma reconhecida, devendo o procurador apresentar documento de identidade original.<\/p>\n<p class=\"ds-markdown-paragraph\">Para situa\u00e7\u00f5es de perda, roubo ou furto de documentos, o candidato dever\u00e1 apresentar boletim de ocorr\u00eancia expedido h\u00e1 no m\u00e1ximo 30 dias.<\/p>\n<h2>Impedimentos para lota\u00e7\u00e3o<\/h2>\n<p class=\"ds-markdown-paragraph\">N\u00e3o ser\u00e3o lotados os candidatos que apresentarem:<\/p>\n<ul>\n<li>\n<p class=\"ds-markdown-paragraph\">Acumula\u00e7\u00e3o ilegal de cargos<\/p>\n<\/li>\n<li>\n<p class=\"ds-markdown-paragraph\">Aposentadoria por invalidez ou compuls\u00f3ria<\/p>\n<\/li>\n<li>\n<p class=\"ds-markdown-paragraph\">Inaptid\u00e3o em avalia\u00e7\u00e3o m\u00e9dica<\/p>\n<\/li>\n<li>\n<p class=\"ds-markdown-paragraph\">Falta de comprova\u00e7\u00e3o da forma\u00e7\u00e3o exigida<\/p>\n<\/li>\n<\/ul>\n<p class=\"ds-markdown-paragraph\">A resolu\u00e7\u00e3o entra em vigor na data de sua publica\u00e7\u00e3o, e os candidatos devem ficar atentos aos prazos e hor\u00e1rios estabelecidos nos anexos da convoca\u00e7\u00e3o para evitar aglomera\u00e7\u00f5es no interior e imedia\u00e7\u00f5es da Secretaria Municipal de Educa\u00e7\u00e3o.<\/p>\n","protected":false},"excerpt":{"rendered":"<p>A Prefeitura de Tr\u00eas Lagoas, por meio da Secretaria Municipal de Gest\u00e3o de Pessoas, publicou nesta quarta-feira (11) a Resolu\u00e7\u00e3o n\u00ba 016\/SEGP\/PMTL\/2026, que convoca os candidatos aprovados no Processo Seletivo da Secretaria Municipal de Educa\u00e7\u00e3o \u2013 edital 001\/2025 para contrata\u00e7\u00e3o por excepcional interesse p\u00fablico. A secret\u00e1ria Municipal de Gest\u00e3o de Pessoas, Vanessa dos Santos S\u00eana, [&hellip;]<\/p>\n","protected":false},"author":5,"featured_media":44348,"comment_status":"open","ping_status":"open","sticky":false,"template":"","format":"standard","meta":{"om_disable_all_campaigns":false,"_monsterinsights_skip_tracking":false,"_monsterinsights_sitenote_active":false,"_monsterinsights_sitenote_note":"","_monsterinsights_sitenote_category":0,"footnotes":""},"categories":[30,32,266,193,48],"tags":[],"aioseo_notices":[],"_links":{"self":[{"href":"https:\/\/expressaoms.com.br\/index.php\/wp-json\/wp\/v2\/posts\/44347"}],"collection":[{"href":"https:\/\/expressaoms.com.br\/index.php\/wp-json\/wp\/v2\/posts"}],"about":[{"href":"https:\/\/expressaoms.com.br\/index.php\/wp-json\/wp\/v2\/types\/post"}],"author":[{"embeddable":true,"href":"https:\/\/expressaoms.com.br\/index.php\/wp-json\/wp\/v2\/users\/5"}],"replies":[{"embeddable":true,"href":"https:\/\/expressaoms.com.br\/index.php\/wp-json\/wp\/v2\/comments?post=44347"}],"version-history":[{"count":1,"href":"https:\/\/expressaoms.com.br\/index.php\/wp-json\/wp\/v2\/posts\/44347\/revisions"}],"predecessor-version":[{"id":44349,"href":"https:\/\/expressaoms.com.br\/index.php\/wp-json\/wp\/v2\/posts\/44347\/revisions\/44349"}],"wp:featuredmedia":[{"embeddable":true,"href":"https:\/\/expressaoms.com.br\/index.php\/wp-json\/wp\/v2\/media\/44348"}],"wp:attachment":[{"href":"https:\/\/expressaoms.com.br\/index.php\/wp-json\/wp\/v2\/media?parent=44347"}],"wp:term":[{"taxonomy":"category","embeddable":true,"href":"https:\/\/expressaoms.com.br\/index.php\/wp-json\/wp\/v2\/categories?post=44347"},{"taxonomy":"post_tag","embeddable":true,"href":"https:\/\/expressaoms.com.br\/index.php\/wp-json\/wp\/v2\/tags?post=44347"}],"curies":[{"name":"wp","href":"https:\/\/api.w.org\/{rel}","templated":true}]}}