{"id":44350,"date":"2026-03-11T08:26:28","date_gmt":"2026-03-11T12:26:28","guid":{"rendered":"https:\/\/expressaoms.com.br\/?p=44350"},"modified":"2026-03-11T08:26:28","modified_gmt":"2026-03-11T12:26:28","slug":"tragedia-na-br-262-mulher-morre-em-acidente-com-veiculo-da-saude-de-agua-clara","status":"publish","type":"post","link":"https:\/\/expressaoms.com.br\/index.php\/2026\/03\/11\/tragedia-na-br-262-mulher-morre-em-acidente-com-veiculo-da-saude-de-agua-clara\/","title":{"rendered":"Trag\u00e9dia na BR-262: Mulher morre em acidente com ve\u00edculo da Sa\u00fade de \u00c1gua Clara"},"content":{"rendered":"<p class=\"ds-markdown-paragraph\">Um grave acidente envolvendo um ve\u00edculo oficial da Secretaria Municipal de Sa\u00fade de \u00c1gua Clara (MS) chocou a popula\u00e7\u00e3o na noite desta ter\u00e7a-feira (11). A colis\u00e3o ocorreu nas proximidades do Posto Jardim, \u00e0s margens da BR-262, e resultou na morte de uma mulher no local, al\u00e9m de deixar outras duas pessoas gravemente feridas.<\/p>\n<p class=\"ds-markdown-paragraph\">A v\u00edtima fatal foi identificada como Rosemari Pereira, esposa de um empres\u00e1rio bastante conhecido no munic\u00edpio. A not\u00edcia de sua morte causou grande como\u00e7\u00e3o entre familiares, amigos e moradores de \u00c1gua Clara, que acompanham com apreens\u00e3o os desdobramentos do ocorrido.<\/p>\n<p class=\"ds-markdown-paragraph\">De acordo com as primeiras informa\u00e7\u00f5es apuradas no local, o ve\u00edculo da Secretaria Municipal de Sa\u00fade transportava ocupantes no momento da colis\u00e3o. Rosemari n\u00e3o resistiu \u00e0 gravidade dos ferimentos e morreu ainda no local do acidente. As outras duas pessoas envolvidas foram socorridas em estado grave e encaminhadas para atendimento m\u00e9dico.<\/p>\n<p class=\"ds-markdown-paragraph\">No momento do acidente, chovia na regi\u00e3o, o que pode ter contribu\u00eddo para a ocorr\u00eancia. No entanto, as circunst\u00e2ncias exatas da colis\u00e3o ainda n\u00e3o foram esclarecidas. As causas dever\u00e3o ser investigadas pelas autoridades competentes, que realizar\u00e3o per\u00edcia no local para determinar a din\u00e2mica do acidente.<\/p>\n<p class=\"ds-markdown-paragraph\">Familiares das v\u00edtimas permanecem reunidos em frente ao Hospital Municipal Nossa Senhora Aparecida, em \u00c1gua Clara, aguardando informa\u00e7\u00f5es sobre o estado de sa\u00fade dos feridos e a confirma\u00e7\u00e3o oficial das identidades das demais pessoas envolvidas. A situa\u00e7\u00e3o tem gerado grande apreens\u00e3o e como\u00e7\u00e3o entre moradores e conhecidos da fam\u00edlia, que se mobilizam em solidariedade.<\/p>\n<p class=\"ds-markdown-paragraph\">O munic\u00edpio de \u00c1gua Clara, que j\u00e1 se preparava para as festividades de fim de ano, agora vive momentos de luto e expectativa pela recupera\u00e7\u00e3o dos feridos. At\u00e9 o momento, a Prefeitura Municipal e a Secretaria de Sa\u00fade n\u00e3o se pronunciaram oficialmente sobre o acidente.<\/p>\n<p class=\"ds-markdown-paragraph\">A reportagem continuar\u00e1 acompanhando o caso e trar\u00e1 atualiza\u00e7\u00f5es assim que novas informa\u00e7\u00f5es forem divulgadas pelas autoridades.<\/p>\n","protected":false},"excerpt":{"rendered":"<p>Um grave acidente envolvendo um ve\u00edculo oficial da Secretaria Municipal de Sa\u00fade de \u00c1gua Clara (MS) chocou a popula\u00e7\u00e3o na noite desta ter\u00e7a-feira (11). A colis\u00e3o ocorreu nas proximidades do Posto Jardim, \u00e0s margens da BR-262, e resultou na morte de uma mulher no local, al\u00e9m de deixar outras duas pessoas gravemente feridas. A v\u00edtima [&hellip;]<\/p>\n","protected":false},"author":5,"featured_media":44351,"comment_status":"open","ping_status":"open","sticky":false,"template":"","format":"standard","meta":{"om_disable_all_campaigns":false,"_monsterinsights_skip_tracking":false,"_monsterinsights_sitenote_active":false,"_monsterinsights_sitenote_note":"","_monsterinsights_sitenote_category":0,"footnotes":""},"categories":[189,30,266,41,193],"tags":[],"aioseo_notices":[],"_links":{"self":[{"href":"https:\/\/expressaoms.com.br\/index.php\/wp-json\/wp\/v2\/posts\/44350"}],"collection":[{"href":"https:\/\/expressaoms.com.br\/index.php\/wp-json\/wp\/v2\/posts"}],"about":[{"href":"https:\/\/expressaoms.com.br\/index.php\/wp-json\/wp\/v2\/types\/post"}],"author":[{"embeddable":true,"href":"https:\/\/expressaoms.com.br\/index.php\/wp-json\/wp\/v2\/users\/5"}],"replies":[{"embeddable":true,"href":"https:\/\/expressaoms.com.br\/index.php\/wp-json\/wp\/v2\/comments?post=44350"}],"version-history":[{"count":1,"href":"https:\/\/expressaoms.com.br\/index.php\/wp-json\/wp\/v2\/posts\/44350\/revisions"}],"predecessor-version":[{"id":44352,"href":"https:\/\/expressaoms.com.br\/index.php\/wp-json\/wp\/v2\/posts\/44350\/revisions\/44352"}],"wp:featuredmedia":[{"embeddable":true,"href":"https:\/\/expressaoms.com.br\/index.php\/wp-json\/wp\/v2\/media\/44351"}],"wp:attachment":[{"href":"https:\/\/expressaoms.com.br\/index.php\/wp-json\/wp\/v2\/media?parent=44350"}],"wp:term":[{"taxonomy":"category","embeddable":true,"href":"https:\/\/expressaoms.com.br\/index.php\/wp-json\/wp\/v2\/categories?post=44350"},{"taxonomy":"post_tag","embeddable":true,"href":"https:\/\/expressaoms.com.br\/index.php\/wp-json\/wp\/v2\/tags?post=44350"}],"curies":[{"name":"wp","href":"https:\/\/api.w.org\/{rel}","templated":true}]}}