{"id":44356,"date":"2026-03-11T08:33:50","date_gmt":"2026-03-11T12:33:50","guid":{"rendered":"https:\/\/expressaoms.com.br\/?p=44356"},"modified":"2026-03-11T08:33:50","modified_gmt":"2026-03-11T12:33:50","slug":"tre-ms-e-governo-do-estado-abrem-processos-seletivos-para-estagio-com-bolsas-de-ate-r-1-020","status":"publish","type":"post","link":"https:\/\/expressaoms.com.br\/index.php\/2026\/03\/11\/tre-ms-e-governo-do-estado-abrem-processos-seletivos-para-estagio-com-bolsas-de-ate-r-1-020\/","title":{"rendered":"TRE-MS e Governo do Estado abrem processos seletivos para est\u00e1gio com bolsas de at\u00e9 R$ 1.020"},"content":{"rendered":"<div class=\"ds-message _63c77b1\">\n<div class=\"ds-markdown\">\n<p class=\"ds-markdown-paragraph\">Estudantes de Mato Grosso do Sul t\u00eam duas oportunidades de ingresso no servi\u00e7o p\u00fablico por meio de processos seletivos de est\u00e1gio. O Tribunal Regional Eleitoral (TRE-MS) e o Governo do Estado, por meio do Programa MS Multiplica, est\u00e3o com inscri\u00e7\u00f5es abertas para forma\u00e7\u00e3o de cadastro de reserva em diversas \u00e1reas e n\u00edveis de ensino.<\/p>\n<p class=\"ds-markdown-paragraph\">As sele\u00e7\u00f5es oferecem bolsas que variam de R$ 605 a um sal\u00e1rio m\u00ednimo, al\u00e9m de benef\u00edcios como aux\u00edlio-transporte e seguro contra acidentes pessoais. As inscri\u00e7\u00f5es s\u00e3o gratuitas e devem ser realizadas exclusivamente pela internet.<\/p>\n<p class=\"ds-markdown-paragraph\">O Tribunal Regional Eleitoral de Mato Grosso do Sul lan\u00e7ou dois editais para forma\u00e7\u00e3o de cadastro reserva de estagi\u00e1rios, contemplando oportunidades na sede do tribunal, em Campo Grande, e em zonas eleitorais no interior do estado.<\/p>\n<h3>Est\u00e1gio de n\u00edvel superior<\/h3>\n<p class=\"ds-markdown-paragraph\">As inscri\u00e7\u00f5es para o est\u00e1gio de n\u00edvel superior seguem abertas at\u00e9 o dia\u00a0<strong>20 de mar\u00e7o de 2026<\/strong>\u00a0e devem ser realizadas por meio da plataforma Empregar J\u00e1. As vagas s\u00e3o destinadas \u00e0 sede do tribunal, localizada no Parque dos Poderes, em Campo Grande, para estudantes dos seguintes cursos:<\/p>\n<ul>\n<li>\n<p class=\"ds-markdown-paragraph\">Administra\u00e7\u00e3o<\/p>\n<\/li>\n<li>\n<p class=\"ds-markdown-paragraph\">Ci\u00eancias Cont\u00e1beis<\/p>\n<\/li>\n<li>\n<p class=\"ds-markdown-paragraph\">Comunica\u00e7\u00e3o Social (Jornalismo e Publicidade e Propaganda)<\/p>\n<\/li>\n<li>\n<p class=\"ds-markdown-paragraph\">Direito<\/p>\n<\/li>\n<li>\n<p class=\"ds-markdown-paragraph\">Engenharia Ambiental<\/p>\n<\/li>\n<li>\n<p class=\"ds-markdown-paragraph\">Engenharia Civil<\/p>\n<\/li>\n<li>\n<p class=\"ds-markdown-paragraph\">Inform\u00e1tica<\/p>\n<\/li>\n<li>\n<p class=\"ds-markdown-paragraph\">Ci\u00eancias Matem\u00e1ticas<\/p>\n<\/li>\n<\/ul>\n<p class=\"ds-markdown-paragraph\">Para participar, o candidato deve ter no m\u00ednimo 16 anos, estar matriculado e frequentando regularmente um curso de ensino superior, al\u00e9m de estar em situa\u00e7\u00e3o regular com a Justi\u00e7a Eleitoral e n\u00e3o possuir filia\u00e7\u00e3o partid\u00e1ria.<\/p>\n<p class=\"ds-markdown-paragraph\">Os selecionados receber\u00e3o bolsa mensal de R$ 1.020, vale-transporte e cumprir\u00e3o jornada de cinco horas di\u00e1rias, totalizando 25 horas semanais.<\/p>\n<p class=\"ds-markdown-paragraph\">O TRE-MS tamb\u00e9m abriu processo seletivo para forma\u00e7\u00e3o de cadastro reserva de estagi\u00e1rios de n\u00edvel m\u00e9dio, com oportunidades para as zonas eleitorais nos munic\u00edpios de:<\/p>\n<ul>\n<li>\n<p class=\"ds-markdown-paragraph\">Bonito<\/p>\n<\/li>\n<li>\n<p class=\"ds-markdown-paragraph\">Brasil\u00e2ndia<\/p>\n<\/li>\n<li>\n<p class=\"ds-markdown-paragraph\">Campo Grande<\/p>\n<\/li>\n<li>\n<p class=\"ds-markdown-paragraph\">Chapad\u00e3o do Sul<\/p>\n<\/li>\n<li>\n<p class=\"ds-markdown-paragraph\">Miranda<\/p>\n<\/li>\n<li>\n<p class=\"ds-markdown-paragraph\">Parana\u00edba<\/p>\n<\/li>\n<li>\n<p class=\"ds-markdown-paragraph\">Rio Verde de Mato Grosso<\/p>\n<\/li>\n<li>\n<p class=\"ds-markdown-paragraph\">S\u00e3o Gabriel do Oeste<\/p>\n<\/li>\n<\/ul>\n<p class=\"ds-markdown-paragraph\">As inscri\u00e7\u00f5es v\u00e3o at\u00e9 o dia\u00a0<strong>13 de mar\u00e7o de 2026<\/strong>, tamb\u00e9m pela plataforma Empregar J\u00e1. A bolsa mensal para esta modalidade \u00e9 de\u00a0<strong>R$ 605<\/strong>, al\u00e9m de vale-transporte.<\/p>\n<h2>Governo do Estado lan\u00e7a Programa MS Multiplica<\/h2>\n<p class=\"ds-markdown-paragraph\">O Governo de Mato Grosso do Sul abriu processo seletivo para o Programa de Est\u00e1gio MS Multiplica, iniciativa voltada a estudantes de gradua\u00e7\u00e3o interessados em atuar em \u00f3rg\u00e3os da administra\u00e7\u00e3o p\u00fablica estadual.<\/p>\n<p class=\"ds-markdown-paragraph\">O edital foi publicado no Di\u00e1rio Oficial n\u00ba 12.095 e prev\u00ea a forma\u00e7\u00e3o de cadastro de reserva para universit\u00e1rios matriculados nos\u00a0dois \u00faltimos anos\u00a0de cursos de gradua\u00e7\u00e3o em institui\u00e7\u00f5es de ensino superior que aderiram ao programa.<\/p>\n<p class=\"ds-markdown-paragraph\">A sele\u00e7\u00e3o \u00e9 coordenada pela Secretaria de Estado de Administra\u00e7\u00e3o (SAD) em parceria com a Secretaria de Estado de Governo e Gest\u00e3o Estrat\u00e9gica (Segov), a Secretaria de Estado de Educa\u00e7\u00e3o (SED), a Funda\u00e7\u00e3o Escola de Governo (Escolagov-MS) e a Fundect.<\/p>\n<h3>Bolsa e benef\u00edcios<\/h3>\n<p class=\"ds-markdown-paragraph\">Os estudantes selecionados receber\u00e3o\u00a0<strong>bolsa mensal equivalente a um sal\u00e1rio m\u00ednimo<\/strong>, al\u00e9m de aux\u00edlio-transporte e seguro contra acidentes pessoais. A carga hor\u00e1ria ser\u00e1 de 25 horas semanais, com jornada di\u00e1ria de cinco horas.<\/p>\n<p class=\"ds-markdown-paragraph\">O edital tamb\u00e9m prev\u00ea reserva de vagas para a\u00e7\u00f5es afirmativas, com:<\/p>\n<ul>\n<li>\n<p class=\"ds-markdown-paragraph\"><strong>20%<\/strong>\u00a0para candidatos negros<\/p>\n<\/li>\n<li>\n<p class=\"ds-markdown-paragraph\"><strong>3%<\/strong>\u00a0para candidatos ind\u00edgenas<\/p>\n<\/li>\n<li>\n<p class=\"ds-markdown-paragraph\"><strong>5%<\/strong>\u00a0para pessoas com defici\u00eancia<\/p>\n<\/li>\n<\/ul>\n<p class=\"ds-markdown-paragraph\">As convoca\u00e7\u00f5es ocorrer\u00e3o conforme a necessidade dos \u00f3rg\u00e3os do Poder Executivo estadual.<\/p>\n<p class=\"ds-markdown-paragraph\">Um dos diferenciais do programa \u00e9 a forma\u00e7\u00e3o voltada \u00e0 agenda ESG (Ambiental, Social e Governan\u00e7a) e \u00e0 Agenda Ambiental na Administra\u00e7\u00e3o P\u00fablica (A3P). Al\u00e9m das atividades pr\u00e1ticas, os estagi\u00e1rios participar\u00e3o de forma\u00e7\u00e3o continuada promovida pela Escolagov-MS, com conte\u00fados relacionados \u00e0 administra\u00e7\u00e3o p\u00fablica, \u00e9tica, governan\u00e7a e sustentabilidade.<\/p>\n<p class=\"ds-markdown-paragraph\">Durante o est\u00e1gio, os participantes tamb\u00e9m desenvolver\u00e3o projetos coletivos voltados \u00e0 inova\u00e7\u00e3o e melhoria da gest\u00e3o p\u00fablica, com acompanhamento de mentores especializados.<\/p>\n<h3>Processo seletivo em duas etapas<\/h3>\n<p class=\"ds-markdown-paragraph\">A sele\u00e7\u00e3o ser\u00e1 composta por duas etapas eliminat\u00f3rias e classificat\u00f3rias:<\/p>\n<ol start=\"1\">\n<li>\n<p class=\"ds-markdown-paragraph\"><strong>An\u00e1lise do hist\u00f3rico escolar<\/strong>: exigida m\u00e9dia geral m\u00ednima de 6,0<\/p>\n<\/li>\n<li>\n<p class=\"ds-markdown-paragraph\"><strong>Curso de forma\u00e7\u00e3o on-line<\/strong>: com carga hor\u00e1ria de 30 horas, abordando estrutura do Estado, normas do est\u00e1gio p\u00fablico e introdu\u00e7\u00e3o ao ESG no setor p\u00fablico<\/p>\n<\/li>\n<\/ol>\n<p class=\"ds-markdown-paragraph\">A nota final ser\u00e1 calculada a partir da m\u00e9dia acad\u00eamica do candidato e do desempenho no curso de forma\u00e7\u00e3o.<\/p>\n<h3>Cronograma MS Multiplica<\/h3>\n<ul>\n<li>\n<p class=\"ds-markdown-paragraph\"><strong>Inscri\u00e7\u00f5es:<\/strong>\u00a013 a 23 de mar\u00e7o de 2026<\/p>\n<\/li>\n<li>\n<p class=\"ds-markdown-paragraph\"><strong>Resultado final:<\/strong>\u00a018 de maio de 2026<\/p>\n<\/li>\n<li>\n<p class=\"ds-markdown-paragraph\"><strong>In\u00edcio previsto dos est\u00e1gios:<\/strong>\u00a0a partir de 1\u00ba de junho de 2026, conforme abertura de vagas<\/p>\n<\/li>\n<\/ul>\n<p class=\"ds-markdown-paragraph\">O edital completo e mais informa\u00e7\u00f5es sobre o processo seletivo do Governo do Estado est\u00e3o dispon\u00edveis no site oficial. J\u00e1 os editais do TRE-MS podem ser acessados na plataforma Empregar J\u00e1.<\/p>\n<\/div>\n<\/div>\n","protected":false},"excerpt":{"rendered":"<p>Estudantes de Mato Grosso do Sul t\u00eam duas oportunidades de ingresso no servi\u00e7o p\u00fablico por meio de processos seletivos de est\u00e1gio. O Tribunal Regional Eleitoral (TRE-MS) e o Governo do Estado, por meio do Programa MS Multiplica, est\u00e3o com inscri\u00e7\u00f5es abertas para forma\u00e7\u00e3o de cadastro de reserva em diversas \u00e1reas e n\u00edveis de ensino. As [&hellip;]<\/p>\n","protected":false},"author":5,"featured_media":44357,"comment_status":"open","ping_status":"open","sticky":false,"template":"","format":"standard","meta":{"om_disable_all_campaigns":false,"_monsterinsights_skip_tracking":false,"_monsterinsights_sitenote_active":false,"_monsterinsights_sitenote_note":"","_monsterinsights_sitenote_category":0,"footnotes":""},"categories":[30,33,266,318,193],"tags":[],"aioseo_notices":[],"_links":{"self":[{"href":"https:\/\/expressaoms.com.br\/index.php\/wp-json\/wp\/v2\/posts\/44356"}],"collection":[{"href":"https:\/\/expressaoms.com.br\/index.php\/wp-json\/wp\/v2\/posts"}],"about":[{"href":"https:\/\/expressaoms.com.br\/index.php\/wp-json\/wp\/v2\/types\/post"}],"author":[{"embeddable":true,"href":"https:\/\/expressaoms.com.br\/index.php\/wp-json\/wp\/v2\/users\/5"}],"replies":[{"embeddable":true,"href":"https:\/\/expressaoms.com.br\/index.php\/wp-json\/wp\/v2\/comments?post=44356"}],"version-history":[{"count":1,"href":"https:\/\/expressaoms.com.br\/index.php\/wp-json\/wp\/v2\/posts\/44356\/revisions"}],"predecessor-version":[{"id":44358,"href":"https:\/\/expressaoms.com.br\/index.php\/wp-json\/wp\/v2\/posts\/44356\/revisions\/44358"}],"wp:featuredmedia":[{"embeddable":true,"href":"https:\/\/expressaoms.com.br\/index.php\/wp-json\/wp\/v2\/media\/44357"}],"wp:attachment":[{"href":"https:\/\/expressaoms.com.br\/index.php\/wp-json\/wp\/v2\/media?parent=44356"}],"wp:term":[{"taxonomy":"category","embeddable":true,"href":"https:\/\/expressaoms.com.br\/index.php\/wp-json\/wp\/v2\/categories?post=44356"},{"taxonomy":"post_tag","embeddable":true,"href":"https:\/\/expressaoms.com.br\/index.php\/wp-json\/wp\/v2\/tags?post=44356"}],"curies":[{"name":"wp","href":"https:\/\/api.w.org\/{rel}","templated":true}]}}