{"id":44359,"date":"2026-03-11T08:39:26","date_gmt":"2026-03-11T12:39:26","guid":{"rendered":"https:\/\/expressaoms.com.br\/?p=44359"},"modified":"2026-03-11T08:39:26","modified_gmt":"2026-03-11T12:39:26","slug":"sejuvel-sub-16-e-campea-da-copa-dos-campeoes-em-sao-jose-do-rio-preto","status":"publish","type":"post","link":"https:\/\/expressaoms.com.br\/index.php\/2026\/03\/11\/sejuvel-sub-16-e-campea-da-copa-dos-campeoes-em-sao-jose-do-rio-preto\/","title":{"rendered":"Sejuvel Sub-16 \u00e9 campe\u00e3 da Copa dos Campe\u00f5es em S\u00e3o Jos\u00e9 do Rio Preto"},"content":{"rendered":"<p>A equipe Sub-16 da Secretaria Municipal de Esporte, Juventude e Lazer (Sejuvel), de Tr\u00eas Lagoas, conquistou um importante t\u00edtulo no \u00faltimo s\u00e1bado, 7 de mar\u00e7o. O time sagrou-se campe\u00e3o da Copa dos Campe\u00f5es, disputada em S\u00e3o Jos\u00e9 do Rio Preto, ap\u00f3s vencer a equipe de Catanduva por 2 a 0 na grande final.<\/p>\n<p>A partida foi equilibrada durante o primeiro tempo, mas a equipe tr\u00eas-lagoense voltou mais determinada para a etapa final. Os gols que garantiram o t\u00edtulo foram marcados no segundo tempo pelos atletas Cristorfey e Biel, assegurando a vit\u00f3ria e a conquista da competi\u00e7\u00e3o.<\/p>\n<p>O t\u00e9cnico Renato Ribeiro destacou que o resultado \u00e9 fruto do trabalho e da dedica\u00e7\u00e3o de toda a equipe ao longo da prepara\u00e7\u00e3o. \u201cEsse t\u00edtulo \u00e9 resultado de muito trabalho. A equipe estava bem preparada para a competi\u00e7\u00e3o. Agrade\u00e7o ao prefeito Dr. Cassiano Maia pelo apoio incondicional, \u00e0 Sejuvel e tamb\u00e9m aos pais dos atletas, que est\u00e3o sempre presentes, incentivando e acompanhando nossos jogadores\u201d, afirmou o treinador.<\/p>\n","protected":false},"excerpt":{"rendered":"<p>A equipe Sub-16 da Secretaria Municipal de Esporte, Juventude e Lazer (Sejuvel), de Tr\u00eas Lagoas, conquistou um importante t\u00edtulo no \u00faltimo s\u00e1bado, 7 de mar\u00e7o. O time sagrou-se campe\u00e3o da Copa dos Campe\u00f5es, disputada em S\u00e3o Jos\u00e9 do Rio Preto, ap\u00f3s vencer a equipe de Catanduva por 2 a 0 na grande final. A partida [&hellip;]<\/p>\n","protected":false},"author":5,"featured_media":44360,"comment_status":"open","ping_status":"open","sticky":false,"template":"","format":"standard","meta":{"om_disable_all_campaigns":false,"_monsterinsights_skip_tracking":false,"_monsterinsights_sitenote_active":false,"_monsterinsights_sitenote_note":"","_monsterinsights_sitenote_category":0,"footnotes":""},"categories":[30,34,36,266,193,48],"tags":[],"aioseo_notices":[],"_links":{"self":[{"href":"https:\/\/expressaoms.com.br\/index.php\/wp-json\/wp\/v2\/posts\/44359"}],"collection":[{"href":"https:\/\/expressaoms.com.br\/index.php\/wp-json\/wp\/v2\/posts"}],"about":[{"href":"https:\/\/expressaoms.com.br\/index.php\/wp-json\/wp\/v2\/types\/post"}],"author":[{"embeddable":true,"href":"https:\/\/expressaoms.com.br\/index.php\/wp-json\/wp\/v2\/users\/5"}],"replies":[{"embeddable":true,"href":"https:\/\/expressaoms.com.br\/index.php\/wp-json\/wp\/v2\/comments?post=44359"}],"version-history":[{"count":1,"href":"https:\/\/expressaoms.com.br\/index.php\/wp-json\/wp\/v2\/posts\/44359\/revisions"}],"predecessor-version":[{"id":44361,"href":"https:\/\/expressaoms.com.br\/index.php\/wp-json\/wp\/v2\/posts\/44359\/revisions\/44361"}],"wp:featuredmedia":[{"embeddable":true,"href":"https:\/\/expressaoms.com.br\/index.php\/wp-json\/wp\/v2\/media\/44360"}],"wp:attachment":[{"href":"https:\/\/expressaoms.com.br\/index.php\/wp-json\/wp\/v2\/media?parent=44359"}],"wp:term":[{"taxonomy":"category","embeddable":true,"href":"https:\/\/expressaoms.com.br\/index.php\/wp-json\/wp\/v2\/categories?post=44359"},{"taxonomy":"post_tag","embeddable":true,"href":"https:\/\/expressaoms.com.br\/index.php\/wp-json\/wp\/v2\/tags?post=44359"}],"curies":[{"name":"wp","href":"https:\/\/api.w.org\/{rel}","templated":true}]}}