{"id":44362,"date":"2026-03-11T08:52:45","date_gmt":"2026-03-11T12:52:45","guid":{"rendered":"https:\/\/expressaoms.com.br\/?p=44362"},"modified":"2026-03-11T08:52:45","modified_gmt":"2026-03-11T12:52:45","slug":"mato-grosso-do-sul-cria-cadastro-publico-de-condenados-por-violencia-domestica","status":"publish","type":"post","link":"https:\/\/expressaoms.com.br\/index.php\/2026\/03\/11\/mato-grosso-do-sul-cria-cadastro-publico-de-condenados-por-violencia-domestica\/","title":{"rendered":"Mato Grosso do Sul cria cadastro p\u00fablico de condenados por viol\u00eancia dom\u00e9stica"},"content":{"rendered":"<div class=\"ds-message _63c77b1\">\n<div class=\"ds-markdown\">\n<p class=\"ds-markdown-paragraph\">O Governo de Mato Grosso do Sul sancionou a Lei 6.552\/2026, que cria o Cadastro Estadual de Pessoas Condenadas por Crimes de Viol\u00eancia Dom\u00e9stica e Familiar. A medida foi publicada no Di\u00e1rio Oficial do Estado na \u00faltima segunda-feira (9) e entra em vigor em 30 dias\u00a0.<\/p>\n<p class=\"ds-markdown-paragraph\">De autoria do deputado estadual Pedrossian Neto (PSD), a nova legisla\u00e7\u00e3o determina que pessoas com condena\u00e7\u00e3o definitiva por crimes cometidos no contexto de viol\u00eancia dom\u00e9stica passem a integrar uma lista mantida pelo Estado, disponibilizada no site da Secretaria de Estado de Justi\u00e7a e Seguran\u00e7a P\u00fablica (Sejusp)\u00a0.<\/p>\n<p class=\"ds-markdown-paragraph\">Segundo o texto da lei, apenas condenados com decis\u00e3o transitada em julgado, ou seja, quando n\u00e3o h\u00e1 mais possibilidade de recurso, poder\u00e3o ser inclu\u00eddos no cadastro\u00a0.<\/p>\n<h2>Quais crimes entram no cadastro<\/h2>\n<p class=\"ds-markdown-paragraph\">Ser\u00e3o inclu\u00eddos no cadastro os condenados por crimes relacionados \u00e0 viol\u00eancia dom\u00e9stica previstos na Lei Maria da Penha (Lei Federal 11.340\/2006). Isso inclui casos que envolvam\u00a0:<\/p>\n<ul>\n<li>\n<p class=\"ds-markdown-paragraph\"><strong>Viol\u00eancia f\u00edsica<\/strong><\/p>\n<\/li>\n<li>\n<p class=\"ds-markdown-paragraph\"><strong>Viol\u00eancia psicol\u00f3gica<\/strong><\/p>\n<\/li>\n<li>\n<p class=\"ds-markdown-paragraph\"><strong>Viol\u00eancia sexual<\/strong><\/p>\n<\/li>\n<li>\n<p class=\"ds-markdown-paragraph\"><strong>Viol\u00eancia patrimonial<\/strong><\/p>\n<\/li>\n<li>\n<p class=\"ds-markdown-paragraph\"><strong>Viol\u00eancia moral<\/strong><\/p>\n<\/li>\n<\/ul>\n<h2>Informa\u00e7\u00f5es dispon\u00edveis<\/h2>\n<p class=\"ds-markdown-paragraph\">O cadastro dever\u00e1 reunir informa\u00e7\u00f5es b\u00e1sicas sobre os condenados, como\u00a0:<\/p>\n<ul>\n<li>\n<p class=\"ds-markdown-paragraph\">Dados pessoais completos<\/p>\n<\/li>\n<li>\n<p class=\"ds-markdown-paragraph\">Foto de frente para identifica\u00e7\u00e3o<\/p>\n<\/li>\n<li>\n<p class=\"ds-markdown-paragraph\">Caracter\u00edsticas f\u00edsicas<\/p>\n<\/li>\n<li>\n<p class=\"ds-markdown-paragraph\">Idade<\/p>\n<\/li>\n<li>\n<p class=\"ds-markdown-paragraph\">Hist\u00f3rico de crimes<\/p>\n<\/li>\n<\/ul>\n<p class=\"ds-markdown-paragraph\">Apesar da divulga\u00e7\u00e3o, a lei estabelece que os nomes das v\u00edtimas n\u00e3o poder\u00e3o aparecer em nenhum momento, para preservar a identidade e a seguran\u00e7a delas\u00a0.<\/p>\n<h2>Quem poder\u00e1 acessar<\/h2>\n<p class=\"ds-markdown-paragraph\">O cadastro ser\u00e1 p\u00fablico, mas com limites. Qualquer cidad\u00e3o poder\u00e1 consultar apenas a identifica\u00e7\u00e3o e a foto das pessoas registradas\u00a0.<\/p>\n<p class=\"ds-markdown-paragraph\">J\u00e1 o acesso completo \u00e0s informa\u00e7\u00f5es ser\u00e1 restrito a autoridades e institui\u00e7\u00f5es, como\u00a0:<\/p>\n<ul>\n<li>\n<p class=\"ds-markdown-paragraph\">Pol\u00edcia Civil<\/p>\n<\/li>\n<li>\n<p class=\"ds-markdown-paragraph\">Pol\u00edcia Militar<\/p>\n<\/li>\n<li>\n<p class=\"ds-markdown-paragraph\">Conselhos Tutelares<\/p>\n<\/li>\n<li>\n<p class=\"ds-markdown-paragraph\">Minist\u00e9rio P\u00fablico<\/p>\n<\/li>\n<li>\n<p class=\"ds-markdown-paragraph\">Poder Judici\u00e1rio<\/p>\n<\/li>\n<\/ul>\n<p class=\"ds-markdown-paragraph\">Outras autoridades tamb\u00e9m poder\u00e3o acessar os dados, desde que tenham autoriza\u00e7\u00e3o da Secretaria de Justi\u00e7a e Seguran\u00e7a P\u00fablica\u00a0.<\/p>\n<p class=\"ds-markdown-paragraph\">Para sair do cadastro, o condenado dever\u00e1 apresentar um pedido \u00e0 Sejusp comprovando que cumpriu integralmente a pena. A solicita\u00e7\u00e3o dever\u00e1 ser analisada em at\u00e9 60 dias\u00a0.<\/p>\n<p class=\"ds-markdown-paragraph\">O autor da lei, deputado Pedrossian Neto, defendeu a ferramenta como forma de aumentar a seguran\u00e7a das mulheres e da popula\u00e7\u00e3o sul-mato-grossense. &#8220;Para que a gente tenha ideia dos n\u00fameros que estamos vendo em Mato Grosso do Sul sobre viol\u00eancia dom\u00e9stica, apenas ano passado tivemos aqui na capital a expedi\u00e7\u00e3o de 5 mil medidas protetivas, 60 boletins de ocorr\u00eancia por dia&#8221;, destacou\u00a0.<\/p>\n<p class=\"ds-markdown-paragraph\">O parlamentar tamb\u00e9m ressaltou que, na \u00faltima d\u00e9cada, foram registrados 200 mil boletins de ocorr\u00eancia por viol\u00eancia dom\u00e9stica no estado, que tem cerca de 1,5 milh\u00e3o de mulheres. &#8220;Quase 15% foram v\u00edtimas e tiveram coragem de denunciar, mas devem existir muito mais mulheres v\u00edtimas de viol\u00eancia. Todas as mulheres t\u00eam direito de saber com quem elas est\u00e3o relacionando. \u00c9 um Mato Grosso do Sul que n\u00e3o se cala diante do feminic\u00eddio&#8221;, afirmou\u00a0.<\/p>\n<p class=\"ds-markdown-paragraph\">A nova lei passa a valer 30 dias ap\u00f3s a publica\u00e7\u00e3o no Di\u00e1rio Oficial\u00a0.<\/p>\n<\/div>\n<\/div>\n<div class=\"ds-theme\"><\/div>\n<div class=\"ds-flex _0a3d93b\">\n<div class=\"ds-flex _965abe9 _54866f7\">\n<div class=\"db183363 ds-icon-button ds-icon-button--m ds-icon-button--sizing-container\" tabindex=\"0\" role=\"button\" aria-disabled=\"false\"><\/div>\n<\/div>\n<\/div>\n","protected":false},"excerpt":{"rendered":"<p>O Governo de Mato Grosso do Sul sancionou a Lei 6.552\/2026, que cria o Cadastro Estadual de Pessoas Condenadas por Crimes de Viol\u00eancia Dom\u00e9stica e Familiar. A medida foi publicada no Di\u00e1rio Oficial do Estado na \u00faltima segunda-feira (9) e entra em vigor em 30 dias\u00a0. De autoria do deputado estadual Pedrossian Neto (PSD), a [&hellip;]<\/p>\n","protected":false},"author":5,"featured_media":44363,"comment_status":"open","ping_status":"open","sticky":false,"template":"","format":"standard","meta":{"om_disable_all_campaigns":false,"_monsterinsights_skip_tracking":false,"_monsterinsights_sitenote_active":false,"_monsterinsights_sitenote_note":"","_monsterinsights_sitenote_category":0,"footnotes":""},"categories":[30,37,266,193],"tags":[],"aioseo_notices":[],"_links":{"self":[{"href":"https:\/\/expressaoms.com.br\/index.php\/wp-json\/wp\/v2\/posts\/44362"}],"collection":[{"href":"https:\/\/expressaoms.com.br\/index.php\/wp-json\/wp\/v2\/posts"}],"about":[{"href":"https:\/\/expressaoms.com.br\/index.php\/wp-json\/wp\/v2\/types\/post"}],"author":[{"embeddable":true,"href":"https:\/\/expressaoms.com.br\/index.php\/wp-json\/wp\/v2\/users\/5"}],"replies":[{"embeddable":true,"href":"https:\/\/expressaoms.com.br\/index.php\/wp-json\/wp\/v2\/comments?post=44362"}],"version-history":[{"count":1,"href":"https:\/\/expressaoms.com.br\/index.php\/wp-json\/wp\/v2\/posts\/44362\/revisions"}],"predecessor-version":[{"id":44364,"href":"https:\/\/expressaoms.com.br\/index.php\/wp-json\/wp\/v2\/posts\/44362\/revisions\/44364"}],"wp:featuredmedia":[{"embeddable":true,"href":"https:\/\/expressaoms.com.br\/index.php\/wp-json\/wp\/v2\/media\/44363"}],"wp:attachment":[{"href":"https:\/\/expressaoms.com.br\/index.php\/wp-json\/wp\/v2\/media?parent=44362"}],"wp:term":[{"taxonomy":"category","embeddable":true,"href":"https:\/\/expressaoms.com.br\/index.php\/wp-json\/wp\/v2\/categories?post=44362"},{"taxonomy":"post_tag","embeddable":true,"href":"https:\/\/expressaoms.com.br\/index.php\/wp-json\/wp\/v2\/tags?post=44362"}],"curies":[{"name":"wp","href":"https:\/\/api.w.org\/{rel}","templated":true}]}}