{"id":44365,"date":"2026-03-11T09:57:23","date_gmt":"2026-03-11T13:57:23","guid":{"rendered":"https:\/\/expressaoms.com.br\/?p=44365"},"modified":"2026-03-11T08:58:55","modified_gmt":"2026-03-11T12:58:55","slug":"procon-tl-orienta-consumidores-durante-a-semana-do-consumidor","status":"publish","type":"post","link":"https:\/\/expressaoms.com.br\/index.php\/2026\/03\/11\/procon-tl-orienta-consumidores-durante-a-semana-do-consumidor\/","title":{"rendered":"PROCON-TL orienta consumidores durante a Semana do Consumidor"},"content":{"rendered":"<p>Em alus\u00e3o \u00e0 Semana do Consumidor, celebrada no m\u00eas de mar\u00e7o e marcada pelo Dia Mundial do Consumidor, comemorado em 15 de mar\u00e7o, a Prefeitura de Tr\u00eas Lagoas, por meio do Programa Municipal de Prote\u00e7\u00e3o e Defesa do Consumidor de Tr\u00eas Lagoas (PROCON-TL), refor\u00e7a \u00e0 popula\u00e7\u00e3o a import\u00e2ncia de conhecer e exercer os direitos garantidos pelo C\u00f3digo de Defesa do Consumidor (CDC).<\/p>\n<p>Entre os principais direitos assegurados pela legisla\u00e7\u00e3o est\u00e3o o acesso \u00e0 Justi\u00e7a para a preven\u00e7\u00e3o ou repara\u00e7\u00e3o de danos, a prote\u00e7\u00e3o contra pr\u00e1ticas abusivas, o direito \u00e0 informa\u00e7\u00e3o clara e adequada sobre produtos e servi\u00e7os, al\u00e9m da garantia de repara\u00e7\u00e3o por danos materiais e morais causados por fornecedores.<\/p>\n<p>Outro ponto importante previsto no C\u00f3digo de Defesa do Consumidor refere-se \u00e0 forma de cobran\u00e7a de d\u00edvidas. Embora a cobran\u00e7a seja permitida, o consumidor n\u00e3o pode ser exposto ao rid\u00edculo, constrangido ou amea\u00e7ado durante o processo.<\/p>\n<p>O CDC tamb\u00e9m estabelece regras para os contratos de consumo, que devem ser apresentados de maneira clara e compreens\u00edvel antes da contrata\u00e7\u00e3o do servi\u00e7o ou da aquisi\u00e7\u00e3o de um produto. Cl\u00e1usulas consideradas abusivas podem ser declaradas nulas, garantindo maior prote\u00e7\u00e3o ao consumidor.<\/p>\n<p>A legisla\u00e7\u00e3o determina ainda que os produtos e servi\u00e7os oferecidos no mercado devem atender \u00e0s especifica\u00e7\u00f5es adequadas de qualidade e seguran\u00e7a. Caso apresentem defeitos ou irregularidades, o fornecedor \u00e9 respons\u00e1vel por reparar os danos causados ao consumidor.<\/p>\n<p>De acordo com o assessor especial do PROCON-TL, Edson Soares de Gois Junior, a informa\u00e7\u00e3o \u00e9 a principal ferramenta de defesa do consumidor. \u201cA Semana do Consumidor \u00e9 um momento importante para refor\u00e7ar a import\u00e2ncia de conhecer o C\u00f3digo de Defesa do Consumidor. Quando o cidad\u00e3o sabe quais s\u00e3o seus direitos, ele se torna mais protegido nas rela\u00e7\u00f5es de consumo e pode buscar orienta\u00e7\u00e3o sempre que necess\u00e1rio\u201d, destacou.<\/p>\n<p>O Procon orienta ainda que consumidores que enfrentarem problemas relacionados a compras, presta\u00e7\u00e3o de servi\u00e7os ou cobran\u00e7as indevidas procurem o \u00f3rg\u00e3o para receber orienta\u00e7\u00e3o e, quando necess\u00e1rio, registrar reclama\u00e7\u00f5es.<\/p>\n<p>Como parte das a\u00e7\u00f5es da Semana do Consumidor, o PROCON-TL tamb\u00e9m est\u00e1 divulgando o C\u00f3digo de Defesa do Consumidor de bolso em formato digital. A iniciativa busca facilitar o acesso da popula\u00e7\u00e3o \u00e0s informa\u00e7\u00f5es b\u00e1sicas sobre seus direitos, promovendo mais transpar\u00eancia e equil\u00edbrio nas rela\u00e7\u00f5es de consumo.<\/p>\n<div class=\"wp-block-buttons is-layout-flex wp-block-buttons-is-layout-flex\">\n<div class=\"wp-block-button\"><a class=\"wp-block-button__link wp-element-button\" href=\"https:\/\/drive.google.com\/file\/d\/1x9RYBTxasrWqjfwoN3nS34H-vaZbEvJG\/view?usp=sharing\"><strong>PARA ACESSAR O MANUAL COMPLETO, CLIQUE AQUI<\/strong><\/a><\/div>\n<\/div>\n","protected":false},"excerpt":{"rendered":"<p>Em alus\u00e3o \u00e0 Semana do Consumidor, celebrada no m\u00eas de mar\u00e7o e marcada pelo Dia Mundial do Consumidor, comemorado em 15 de mar\u00e7o, a Prefeitura de Tr\u00eas Lagoas, por meio do Programa Municipal de Prote\u00e7\u00e3o e Defesa do Consumidor de Tr\u00eas Lagoas (PROCON-TL), refor\u00e7a \u00e0 popula\u00e7\u00e3o a import\u00e2ncia de conhecer e exercer os direitos garantidos [&hellip;]<\/p>\n","protected":false},"author":5,"featured_media":44366,"comment_status":"open","ping_status":"open","sticky":false,"template":"","format":"standard","meta":{"om_disable_all_campaigns":false,"_monsterinsights_skip_tracking":false,"_monsterinsights_sitenote_active":false,"_monsterinsights_sitenote_note":"","_monsterinsights_sitenote_category":0,"footnotes":""},"categories":[30,31,266,193,48],"tags":[],"aioseo_notices":[],"_links":{"self":[{"href":"https:\/\/expressaoms.com.br\/index.php\/wp-json\/wp\/v2\/posts\/44365"}],"collection":[{"href":"https:\/\/expressaoms.com.br\/index.php\/wp-json\/wp\/v2\/posts"}],"about":[{"href":"https:\/\/expressaoms.com.br\/index.php\/wp-json\/wp\/v2\/types\/post"}],"author":[{"embeddable":true,"href":"https:\/\/expressaoms.com.br\/index.php\/wp-json\/wp\/v2\/users\/5"}],"replies":[{"embeddable":true,"href":"https:\/\/expressaoms.com.br\/index.php\/wp-json\/wp\/v2\/comments?post=44365"}],"version-history":[{"count":1,"href":"https:\/\/expressaoms.com.br\/index.php\/wp-json\/wp\/v2\/posts\/44365\/revisions"}],"predecessor-version":[{"id":44367,"href":"https:\/\/expressaoms.com.br\/index.php\/wp-json\/wp\/v2\/posts\/44365\/revisions\/44367"}],"wp:featuredmedia":[{"embeddable":true,"href":"https:\/\/expressaoms.com.br\/index.php\/wp-json\/wp\/v2\/media\/44366"}],"wp:attachment":[{"href":"https:\/\/expressaoms.com.br\/index.php\/wp-json\/wp\/v2\/media?parent=44365"}],"wp:term":[{"taxonomy":"category","embeddable":true,"href":"https:\/\/expressaoms.com.br\/index.php\/wp-json\/wp\/v2\/categories?post=44365"},{"taxonomy":"post_tag","embeddable":true,"href":"https:\/\/expressaoms.com.br\/index.php\/wp-json\/wp\/v2\/tags?post=44365"}],"curies":[{"name":"wp","href":"https:\/\/api.w.org\/{rel}","templated":true}]}}