{"id":44375,"date":"2026-03-11T10:14:06","date_gmt":"2026-03-11T14:14:06","guid":{"rendered":"https:\/\/expressaoms.com.br\/?p=44375"},"modified":"2026-03-11T10:14:06","modified_gmt":"2026-03-11T14:14:06","slug":"sessao-solene-na-camara-de-tres-lagoas-homenageia-mulheres-que-se-destacam-na-comunidade","status":"publish","type":"post","link":"https:\/\/expressaoms.com.br\/index.php\/2026\/03\/11\/sessao-solene-na-camara-de-tres-lagoas-homenageia-mulheres-que-se-destacam-na-comunidade\/","title":{"rendered":"Sess\u00e3o Solene na C\u00e2mara de Tr\u00eas Lagoas homenageia mulheres que se destacam na comunidade"},"content":{"rendered":"<p class=\"ds-markdown-paragraph\">Na noite desta ter\u00e7a-feira (10), a C\u00e2mara de Vereadores de Tr\u00eas Lagoas foi palco de uma emocionante Sess\u00e3o Solene em celebra\u00e7\u00e3o ao Dia Internacional da Mulher. Proposta pelas vereadoras Evalda Reis, professora Maria Diogo e Sirlene dos Santos, a cerim\u00f4nia teve como objetivo reconhecer mulheres que se destacam por servi\u00e7os prestados \u00e0 comunidade tr\u00eas-lagoense, com a entrega de diplomas e mo\u00e7\u00f5es. O Plen\u00e1rio Ranulpho Marques Leal ficou lotado, reunindo familiares e amigos das homenageadas.<\/p>\n<p class=\"ds-markdown-paragraph\">Durante a solenidade, foram entregues os Diplomas Mulher Not\u00e1vel \u00e0s seguintes homenageadas: Anesia Gonzales; Cleire Louro de Souza Freitas; Dulce Helena Martins; Elizeth Quintino de Oliveira; Helenita Aparecida Falossi de Jesus; Mariana Correia de Souza; Michelle Menegueli da Silva; Paula Regina Pereira de Souza; Rosimeire Cardoso de Oliveira Chaves; Rozely Tiago de Freitas Dias; Sayara Quinteiro Martins Baetz; Sirlene dos Santos Pereira; e W\u00e2nia Marcia de Almeida Grespan.<\/p>\n<p class=\"ds-markdown-paragraph\">Tamb\u00e9m foram concedidas Mo\u00e7\u00f5es de Congratula\u00e7\u00e3o a Catarina Martinez Aranda, Iara Neves de Souza e Silvania Ribeiro de Moraes.<\/p>\n<h2>Mem\u00f3ria e luta contra o feminic\u00eddio<\/h2>\n<p class=\"ds-markdown-paragraph\">Em um momento simb\u00f3lico e de forte emo\u00e7\u00e3o, as sete v\u00edtimas de feminic\u00eddio registradas neste ano no estado foram lembradas com cartazes fixados em cadeiras do Plen\u00e1rio, trazendo frases como:<\/p>\n<ul>\n<li>\n<p class=\"ds-markdown-paragraph\">&#8220;Ela poderia estar aqui hoje. O feminic\u00eddio n\u00e3o deixou.&#8221;<\/p>\n<\/li>\n<li>\n<p class=\"ds-markdown-paragraph\">&#8220;Este lugar est\u00e1 vazio porque uma mulher foi silenciada pelo feminic\u00eddio.&#8221;<\/p>\n<\/li>\n<li>\n<p class=\"ds-markdown-paragraph\">&#8220;Este assento lembra uma vida interrompida pela viol\u00eancia contra a mulher.&#8221;<\/p>\n<\/li>\n<\/ul>\n<p class=\"ds-markdown-paragraph\">Na abertura da sess\u00e3o, a vereadora professora Maria Diogo expressou sua honra e alegria em promover a homenagem, destacando que existem muitas &#8220;mulheres not\u00e1veis&#8221; no munic\u00edpio. Ela tamb\u00e9m fez quest\u00e3o de lembrar o momento dif\u00edcil enfrentado atualmente no pa\u00eds e no estado de Mato Grosso do Sul, com tantos casos de viol\u00eancia contra a mulher. Em 2026, j\u00e1 s\u00e3o sete mulheres mortas em um per\u00edodo aproximado de 90 dias. &#8220;N\u00f3s n\u00e3o queremos ocupar o ranking nem pelo estado de MS, nem por Tr\u00eas Lagoas, com \u00edndice de feminic\u00eddio ou viol\u00eancia contra mulher. Para al\u00e9m de entregar esta homenagem, propomos uma reflex\u00e3o&#8221;, destacou.<\/p>\n<h2>Apresenta\u00e7\u00f5es culturais e discursos<\/h2>\n<p class=\"ds-markdown-paragraph\">A Sess\u00e3o Solene contou ainda com a apresenta\u00e7\u00e3o cultural de Franciele Soares, cantora e coordenadora da Procuradoria da Mulher da C\u00e2mara de Tr\u00eas Lagoas, al\u00e9m da exibi\u00e7\u00e3o de um v\u00eddeo institucional em homenagem \u00e0s mulheres do munic\u00edpio.<\/p>\n<p class=\"ds-markdown-paragraph\">Elizeth Quintino falou em nome das homenageadas: &#8220;Cada uma de n\u00f3s temos uma hist\u00f3ria e escrevemos uma biografia todos os dias. Basta ter garra, f\u00e9, amor e disposi\u00e7\u00e3o, que a gente chega l\u00e1&#8221;, frisou.<\/p>\n<p class=\"ds-markdown-paragraph\">A delegada Sayara Quinteiro Martins Baetz citou o n\u00famero de feminic\u00eddios no Brasil, no estado e na cidade, enfatizando que mulheres s\u00e3o mortas apenas por quest\u00f5es de g\u00eanero. Ela ressaltou a import\u00e2ncia das homenageadas: &#8220;Hoje eu tenho certeza que voc\u00eas salvam mulheres no dia a dia, num caf\u00e9, numa conversa, dentro das suas pr\u00f3prias casas. E, sendo as melhores servidoras nos seus locais de trabalho. E \u00e9 por isso que a gente est\u00e1 aqui, mulheres que salvam&#8221;.<\/p>\n<h2>Autoridades destacam exemplo e luta por pol\u00edticas p\u00fablicas<\/h2>\n<p class=\"ds-markdown-paragraph\">O presidente da C\u00e2mara, Tonh\u00e3o, mencionou a biografia das homenageadas: &#8220;Essas mulheres s\u00e3o exemplos, s\u00e3o refer\u00eancia e, de forma muito competente e aben\u00e7oadas por Deus, elas est\u00e3o fazendo toda uma din\u00e2mica que envolve e contempla o que n\u00f3s precisamos realmente: escutar, assimilar e praticar. N\u00e3o adianta s\u00f3 a gente fazer discurso. N\u00f3s precisamos fazer algo na pr\u00e1tica, na atitude. N\u00f3s precisamos ter respeito e preservar as mulheres pela import\u00e2ncia que elas t\u00eam&#8221;, destacou.<\/p>\n<p class=\"ds-markdown-paragraph\">A vereadora e procuradora da Mulher, Evalda Reis, salientou o m\u00e9rito das homenageadas: &#8220;Parab\u00e9ns pelo trabalho que cada uma exerce l\u00e1 fora. A alegria deste Parlamento de homenagear voc\u00eas. Muitas vezes, as pessoas n\u00e3o sabem o qu\u00e3o importante \u00e9 o trabalho de voc\u00eas por Tr\u00eas Lagoas. Parab\u00e9ns a cada uma de voc\u00eas. Existem tantas mulheres se dedicando na sociedade&#8221;. Ela ainda lembrou que o t\u00edtulo &#8220;Mulher Not\u00e1vel&#8221; foi proposto e aprovado em 2024, sendo esta a primeira sess\u00e3o para a concess\u00e3o do t\u00edtulo.<\/p>\n<p class=\"ds-markdown-paragraph\">Sirlene dos Santos, tamb\u00e9m homenageada da noite, falou da emo\u00e7\u00e3o de receber o t\u00edtulo e disse que todos os vereadores est\u00e3o na Casa de Leis para viabilizar pol\u00edticas p\u00fablicas voltadas \u00e0s mulheres. &#8220;A luta continua, n\u00e3o podemos desistir dos nossos ideais e sonhos. E precisamos de mais mulheres na pol\u00edtica, para somar e lutarmos pela nossa cidade. E que venham dias melhores em nossas vidas&#8221;, frisou.<\/p>\n<h2>Reconhecimento e encerramento<\/h2>\n<p class=\"ds-markdown-paragraph\">A sess\u00e3o foi marcada ainda pela entrega de um mimo das vereadoras \u00e0 servidora do Cerimonial Simone Satiko Macedo Nakamura, como reconhecimento pela sua dedica\u00e7\u00e3o na fun\u00e7\u00e3o.<\/p>\n<p class=\"ds-markdown-paragraph\">Encerrando a noite de homenagens, a vereadora professora Maria Diogo falou da labuta das mulheres, compondo hist\u00f3rias e trajet\u00f3rias, e do papel dos representantes do Legislativo Municipal: &#8220;\u00c9 um dia de dizer que esta Casa de Leis tem um papel fundamental no levantamento, no debate e na proposi\u00e7\u00e3o de pol\u00edticas p\u00fablicas para mulheres. A gente precisa avan\u00e7ar em muitos pontos, no or\u00e7amento p\u00fablico, para a rede de enfrentamento da viol\u00eancia das mulheres. A gente precisa de respeito&#8221;, finalizou.<\/p>\n","protected":false},"excerpt":{"rendered":"<p>Na noite desta ter\u00e7a-feira (10), a C\u00e2mara de Vereadores de Tr\u00eas Lagoas foi palco de uma emocionante Sess\u00e3o Solene em celebra\u00e7\u00e3o ao Dia Internacional da Mulher. Proposta pelas vereadoras Evalda Reis, professora Maria Diogo e Sirlene dos Santos, a cerim\u00f4nia teve como objetivo reconhecer mulheres que se destacam por servi\u00e7os prestados \u00e0 comunidade tr\u00eas-lagoense, com [&hellip;]<\/p>\n","protected":false},"author":5,"featured_media":44376,"comment_status":"open","ping_status":"open","sticky":false,"template":"","format":"standard","meta":{"om_disable_all_campaigns":false,"_monsterinsights_skip_tracking":false,"_monsterinsights_sitenote_active":false,"_monsterinsights_sitenote_note":"","_monsterinsights_sitenote_category":0,"footnotes":""},"categories":[30,266,42,193,48],"tags":[],"aioseo_notices":[],"_links":{"self":[{"href":"https:\/\/expressaoms.com.br\/index.php\/wp-json\/wp\/v2\/posts\/44375"}],"collection":[{"href":"https:\/\/expressaoms.com.br\/index.php\/wp-json\/wp\/v2\/posts"}],"about":[{"href":"https:\/\/expressaoms.com.br\/index.php\/wp-json\/wp\/v2\/types\/post"}],"author":[{"embeddable":true,"href":"https:\/\/expressaoms.com.br\/index.php\/wp-json\/wp\/v2\/users\/5"}],"replies":[{"embeddable":true,"href":"https:\/\/expressaoms.com.br\/index.php\/wp-json\/wp\/v2\/comments?post=44375"}],"version-history":[{"count":1,"href":"https:\/\/expressaoms.com.br\/index.php\/wp-json\/wp\/v2\/posts\/44375\/revisions"}],"predecessor-version":[{"id":44377,"href":"https:\/\/expressaoms.com.br\/index.php\/wp-json\/wp\/v2\/posts\/44375\/revisions\/44377"}],"wp:featuredmedia":[{"embeddable":true,"href":"https:\/\/expressaoms.com.br\/index.php\/wp-json\/wp\/v2\/media\/44376"}],"wp:attachment":[{"href":"https:\/\/expressaoms.com.br\/index.php\/wp-json\/wp\/v2\/media?parent=44375"}],"wp:term":[{"taxonomy":"category","embeddable":true,"href":"https:\/\/expressaoms.com.br\/index.php\/wp-json\/wp\/v2\/categories?post=44375"},{"taxonomy":"post_tag","embeddable":true,"href":"https:\/\/expressaoms.com.br\/index.php\/wp-json\/wp\/v2\/tags?post=44375"}],"curies":[{"name":"wp","href":"https:\/\/api.w.org\/{rel}","templated":true}]}}