{"id":44386,"date":"2026-03-12T11:14:20","date_gmt":"2026-03-12T15:14:20","guid":{"rendered":"https:\/\/expressaoms.com.br\/?p=44386"},"modified":"2026-03-12T11:14:20","modified_gmt":"2026-03-12T15:14:20","slug":"tres-lagoas-e-destaque-no-seminario-estadual-do-ms-alfabetiza-e-reforca-posicao-de-referencia-na-educacao","status":"publish","type":"post","link":"https:\/\/expressaoms.com.br\/index.php\/2026\/03\/12\/tres-lagoas-e-destaque-no-seminario-estadual-do-ms-alfabetiza-e-reforca-posicao-de-referencia-na-educacao\/","title":{"rendered":"Tr\u00eas Lagoas \u00e9 destaque no Semin\u00e1rio Estadual do MS Alfabetiza e refor\u00e7a posi\u00e7\u00e3o de refer\u00eancia na educa\u00e7\u00e3o"},"content":{"rendered":"<p>O prefeito de Tr\u00eas Lagoas, Dr. Cassiano Maia, participou nesta quarta-feira (11), do Semin\u00e1rio Estadual MS Alfabetiza, realizado em Campo Grande. Durante o encontro, o munic\u00edpio apresentou resultados e experi\u00eancias que t\u00eam consolidado a cidade como uma das principais refer\u00eancias em educa\u00e7\u00e3o em Mato Grosso do Sul.<\/p>\n<p>O reconhecimento vem sendo refor\u00e7ado por conquistas recentes, como o Selo Ouro da 2\u00aa edi\u00e7\u00e3o do Selo Nacional Compromisso com a Alfabetiza\u00e7\u00e3o 2025, concedido pelo Minist\u00e9rio da Educa\u00e7\u00e3o em fevereiro de 2026. Com essa premia\u00e7\u00e3o, Tr\u00eas Lagoas chegou ao evento com destaque nacional e liderando o ranking estadual de alfabetiza\u00e7\u00e3o.<\/p>\n<p>Promovido pela Secretaria de Estado de Educa\u00e7\u00e3o de Mato Grosso do Sul, o semin\u00e1rio reuniu gestores p\u00fablicos, educadores e especialistas de diversas regi\u00f5es do estado. O objetivo do encontro foi fortalecer o regime de colabora\u00e7\u00e3o entre estado e munic\u00edpios, al\u00e9m de alinhar estrat\u00e9gias e metas para a alfabetiza\u00e7\u00e3o em 2026.<\/p>\n<h2><strong>Pol\u00edtica Educacional<\/strong><\/h2>\n<p>Durante sua participa\u00e7\u00e3o, o prefeito abordou as diretrizes da pol\u00edtica educacional adotada no munic\u00edpio e destacou a aprova\u00e7\u00e3o do Plano Municipal da Primeira Inf\u00e2ncia como um passo importante para fortalecer as pol\u00edticas de alfabetiza\u00e7\u00e3o.<\/p>\n<p>Segundo Cassiano Maia, as diretrizes nacionais precisam ser adaptadas \u00e0 realidade de cada munic\u00edpio para que possam gerar resultados concretos. \u201cO Plano Nacional da Primeira Inf\u00e2ncia \u00e9 amplo, e n\u00f3s, gestores, precisamos lapidar e direcionar essas diretrizes para a realidade dos nossos munic\u00edpios\u201d, afirmou.<\/p>\n<p>O prefeito tamb\u00e9m apresentou metas previstas para 2026 na \u00e1rea educacional. Entre elas est\u00e1 a climatiza\u00e7\u00e3o de todas as salas de aula da rede municipal, uma das prioridades da gest\u00e3o neste segundo ano de mandato.<\/p>\n<h2><strong>Reconhecimento<\/strong><\/h2>\n<p>O desempenho de Tr\u00eas Lagoas foi destacado durante o evento pela coordenadora de Articula\u00e7\u00e3o Pedag\u00f3gica da SED, Maria Gorete Siqueira Silva. Ao apresentar o prefeito ao p\u00fablico, ela ressaltou os bons resultados alcan\u00e7ados pelo munic\u00edpio na alfabetiza\u00e7\u00e3o e o reconhecimento obtido por diversas escolas da rede municipal.<\/p>\n<p>\u201cTr\u00eas Lagoas \u00e9 um munic\u00edpio que tem se destacado muito, inclusive na premia\u00e7\u00e3o das escolas de destaque, em que 13 escolas do munic\u00edpio foram premiadas. Mais uma vez, Tr\u00eas Lagoas se destacou no ano passado pelos resultados da alfabetiza\u00e7\u00e3o\u201d, comentou.<\/p>\n<p>Durante a programa\u00e7\u00e3o, o munic\u00edpio tamb\u00e9m foi citado no momento de reconhecimento referente ao Selo Nacional Compromisso com a Alfabetiza\u00e7\u00e3o. Na leitura oficial das cidades premiadas na categoria Ouro, Tr\u00eas Lagoas apareceu entre os destaques, refor\u00e7ando o prest\u00edgio da rede municipal de ensino no cen\u00e1rio estadual.<br \/>\nO secret\u00e1rio de Estado de Educa\u00e7\u00e3o, H\u00e9lio Daher, tamb\u00e9m mencionou o munic\u00edpio como exemplo de continuidade administrativa na \u00e1rea educacional. Em sua fala, ele destacou que o atual prefeito assumiu uma rede com bons resultados e decidiu manter e aprimorar as iniciativas que j\u00e1 estavam apresentando resultados positivos.<\/p>\n<p>\u201c\u00c9 uma honra estar aqui contigo, prefeito, porque voc\u00ea n\u00e3o s\u00f3 continuou, como melhorou, implementou e criou programas adicionais pela cren\u00e7a na escola de tempo integral. Parab\u00e9ns por isso\u201d, declarou.<\/p>\n<h2><strong>\u201cLideran\u00e7a que alfabetiza\u201d<\/strong><\/h2>\n<p>Cassiano Maia participou da mesa redonda intitulada \u201cLideran\u00e7a que alfabetiza: responsabilidade pol\u00edtica com o futuro\u201d. O debate abordou o papel dos gestores p\u00fablicos na cria\u00e7\u00e3o de condi\u00e7\u00f5es institucionais, or\u00e7ament\u00e1rias e administrativas que garantam avan\u00e7os no processo de alfabetiza\u00e7\u00e3o.<\/p>\n<p>Ao comentar como a alfabetiza\u00e7\u00e3o est\u00e1 integrada \u00e0s prioridades da administra\u00e7\u00e3o municipal, o prefeito destacou que a educa\u00e7\u00e3o precisa ocupar posi\u00e7\u00e3o central nas pol\u00edticas p\u00fablicas e ressaltou que as a\u00e7\u00f5es desenvolvidas em Tr\u00eas Lagoas s\u00e3o baseadas em planejamento estrat\u00e9gico.<\/p>\n<p>Entre as medidas adotadas, ele destacou a amplia\u00e7\u00e3o do ensino em tempo integral como estrat\u00e9gia para o desenvolvimento educacional das crian\u00e7as. \u201cA minha primeira a\u00e7\u00e3o foi transformar uma das maiores escolas do munic\u00edpio, com praticamente mil alunos, em escola de tempo integral: a Escola Marlene de Noronha\u201d, lembrou.<\/p>\n<p>O prefeito tamb\u00e9m relacionou essa pol\u00edtica \u00e0 necessidade de ampliar o acesso \u00e0 educa\u00e7\u00e3o infantil e reduzir filas por vagas nas unidades escolares. Segundo ele, Tr\u00eas Lagoas j\u00e1 se aproxima de uma situa\u00e7\u00e3o de \u201cfila zero relativa\u201d, quando existe alternativa de atendimento, mesmo que n\u00e3o seja exatamente na unidade escolhida pela fam\u00edlia.<\/p>\n<h2><strong>Programas e a\u00e7\u00f5es educacionais<\/strong><\/h2>\n<p>Durante a apresenta\u00e7\u00e3o, Cassiano Maia tamb\u00e9m destacou iniciativas voltadas \u00e0 perman\u00eancia dos estudantes no ambiente escolar e ao atendimento de crian\u00e7as em situa\u00e7\u00e3o de maior vulnerabilidade.<\/p>\n<p>Entre os programas mencionados est\u00e1 o PROETI \u2013 Projeto Escola de Tempo Integral, criado como uma etapa de transi\u00e7\u00e3o para ampliar o acesso ao ensino integral. Atualmente, quatro escolas do munic\u00edpio participam do projeto, atendendo cerca de 120 alunos em cada unidade, com prioridade para estudantes em situa\u00e7\u00e3o de vulnerabilidade.<\/p>\n<p>O prefeito tamb\u00e9m citou o programa de refor\u00e7o escolar desenvolvido pela rede municipal, voltado ao acompanhamento das tarefas, est\u00edmulo aos alunos e melhoria do desempenho individual.<\/p>\n<p>Outro ponto ressaltado foi a valoriza\u00e7\u00e3o dos profissionais da educa\u00e7\u00e3o. Cassiano Maia destacou a import\u00e2ncia de sal\u00e1rios compat\u00edveis, plano de cargos e carreiras estruturado e estabilidade profissional para garantir qualidade no ensino. Hoje, aproximadamente 90% dos professores da rede municipal de Tr\u00eas Lagoas s\u00e3o servidores efetivos, fator que contribui para a estabilidade da educa\u00e7\u00e3o no munic\u00edpio.<\/p>\n<p>Na \u00e1rea de forma\u00e7\u00e3o continuada, o munic\u00edpio utiliza a plataforma do Centro de Pol\u00edticas P\u00fablicas e Avalia\u00e7\u00e3o da Educa\u00e7\u00e3o (CAEd) como ferramenta de diagn\u00f3stico e acompanhamento pedag\u00f3gico, al\u00e9m de incentivo \u00e0 capacita\u00e7\u00e3o dos educadores.<\/p>\n<p>O prefeito tamb\u00e9m ressaltou investimentos realizados em infraestrutura e tecnologia nas escolas da rede municipal. Segundo ele, praticamente todas as unidades escolares passaram por reformas ou melhorias estruturais nos \u00faltimos anos.<br \/>\nAl\u00e9m disso, a rede conta atualmente com lousas digitais em todas as salas de aula, tablets destinados aos alunos do 1\u00ba ao 5\u00ba ano e notebooks para todos os professores.<\/p>\n<div id=\"wg_162418_17733282563653\" class=\"woowgallery-wrapper wg-id-162418 type-woowgallery\">\n<div class=\"woowgallery-amron\">\n<div class=\"woow-gal-amron-masonry-collection\">\n<div class=\"woow-gal-amron-header\">\n<div><\/div>\n<\/div>\n<div class=\"woow-gal-amron-content\">\n<div class=\"woow-gal-amron-collection-column\">\n<div class=\"pgc-rev-original-prop-thumb-view woow-gal-amron-thumb\">\n<div class=\"pgc-rev-original-prop-thumb-main-wrap\"><\/div>\n<\/div>\n<\/div>\n<\/div>\n<\/div>\n<\/div>\n<\/div>\n","protected":false},"excerpt":{"rendered":"<p>O prefeito de Tr\u00eas Lagoas, Dr. Cassiano Maia, participou nesta quarta-feira (11), do Semin\u00e1rio Estadual MS Alfabetiza, realizado em Campo Grande. Durante o encontro, o munic\u00edpio apresentou resultados e experi\u00eancias que t\u00eam consolidado a cidade como uma das principais refer\u00eancias em educa\u00e7\u00e3o em Mato Grosso do Sul. O reconhecimento vem sendo refor\u00e7ado por conquistas recentes, [&hellip;]<\/p>\n","protected":false},"author":3,"featured_media":44387,"comment_status":"open","ping_status":"open","sticky":false,"template":"","format":"standard","meta":{"om_disable_all_campaigns":false,"_monsterinsights_skip_tracking":false,"_monsterinsights_sitenote_active":false,"_monsterinsights_sitenote_note":"","_monsterinsights_sitenote_category":0,"footnotes":""},"categories":[32,42,48],"tags":[],"aioseo_notices":[],"_links":{"self":[{"href":"https:\/\/expressaoms.com.br\/index.php\/wp-json\/wp\/v2\/posts\/44386"}],"collection":[{"href":"https:\/\/expressaoms.com.br\/index.php\/wp-json\/wp\/v2\/posts"}],"about":[{"href":"https:\/\/expressaoms.com.br\/index.php\/wp-json\/wp\/v2\/types\/post"}],"author":[{"embeddable":true,"href":"https:\/\/expressaoms.com.br\/index.php\/wp-json\/wp\/v2\/users\/3"}],"replies":[{"embeddable":true,"href":"https:\/\/expressaoms.com.br\/index.php\/wp-json\/wp\/v2\/comments?post=44386"}],"version-history":[{"count":1,"href":"https:\/\/expressaoms.com.br\/index.php\/wp-json\/wp\/v2\/posts\/44386\/revisions"}],"predecessor-version":[{"id":44388,"href":"https:\/\/expressaoms.com.br\/index.php\/wp-json\/wp\/v2\/posts\/44386\/revisions\/44388"}],"wp:featuredmedia":[{"embeddable":true,"href":"https:\/\/expressaoms.com.br\/index.php\/wp-json\/wp\/v2\/media\/44387"}],"wp:attachment":[{"href":"https:\/\/expressaoms.com.br\/index.php\/wp-json\/wp\/v2\/media?parent=44386"}],"wp:term":[{"taxonomy":"category","embeddable":true,"href":"https:\/\/expressaoms.com.br\/index.php\/wp-json\/wp\/v2\/categories?post=44386"},{"taxonomy":"post_tag","embeddable":true,"href":"https:\/\/expressaoms.com.br\/index.php\/wp-json\/wp\/v2\/tags?post=44386"}],"curies":[{"name":"wp","href":"https:\/\/api.w.org\/{rel}","templated":true}]}}