{"id":44389,"date":"2026-03-12T11:50:28","date_gmt":"2026-03-12T15:50:28","guid":{"rendered":"https:\/\/expressaoms.com.br\/?p=44389"},"modified":"2026-03-12T11:50:28","modified_gmt":"2026-03-12T15:50:28","slug":"simone-anuncia-que-disputara-vaga-ao-senado-por-sao-paulo","status":"publish","type":"post","link":"https:\/\/expressaoms.com.br\/index.php\/2026\/03\/12\/simone-anuncia-que-disputara-vaga-ao-senado-por-sao-paulo\/","title":{"rendered":"Simone anuncia que disputar\u00e1 vaga ao Senado por S\u00e3o Paulo"},"content":{"rendered":"<p>Durante evento realizado nesta quinta-feira (12), em Campo Grande, a ministra do Planejamento, Simone Tebet, anunciou que pretende disputar uma vaga no Senado por S\u00e3o Paulo nas elei\u00e7\u00f5es de 2026. A decis\u00e3o marca uma mudan\u00e7a na trajet\u00f3ria pol\u00edtica da sul-mato-grossense, que construiu a carreira eleitoral em Mato Grosso do Sul e chegou a ocupar cargos como prefeita, deputada estadual, vice-governadora e senadora.<\/p>\n<p>Tebet diz que fez quest\u00e3o de comunicar aqui a mudan\u00e7a do seu domic\u00edlio eleitoral, estado onde nasceu e iniciou a vida p\u00fablica, assim como o pai, Ramez Tebet. Segundo ela, o an\u00fancio na Capital foi uma forma de demonstrar gratid\u00e3o ao eleitorado local. \u201cAnunciar minha decis\u00e3o no Mato Grosso do Sul \u00e9 uma forma de expressar minha gratid\u00e3o ao estado onde nasci, onde mora minha fam\u00edlia, onde est\u00e3o meus amigos e a quem serei eternamente grata\u201d, afirmou.<\/p>\n<p>A ministra relatou que vinha sendo incentivada h\u00e1 meses a assumir um novo papel pol\u00edtico em \u00e2mbito nacional. \u201cH\u00e1 seis meses tenho sido positivamente instigada a cumprir um papel em nome do pa\u00eds\u201d, disse. Ao analisar o cen\u00e1rio eleitoral, ela destacou o desempenho obtido em S\u00e3o Paulo na elei\u00e7\u00e3o presidencial de 2022.<\/p>\n<blockquote><p>\u201cFiquei surpresa ao constatar que S\u00e3o Paulo me deu mais de um ter\u00e7o dos votos na elei\u00e7\u00e3o presidencial, demonstrando grande aceita\u00e7\u00e3o \u00e0s minhas ideias.\u201d<\/p><\/blockquote>\n<p>A decis\u00e3o tamb\u00e9m foi influenciada por articula\u00e7\u00f5es pol\u00edticas em Bras\u00edlia. Tebet revelou que o assunto foi discutido diretamente com o presidente Luiz In\u00e1cio Lula da Silva e com o vice-presidente Geraldo Alckmin. Segundo ela, o pedido para disputar o Senado paulista foi feito durante uma conversa com Lula no fim de janeiro e refor\u00e7ado em reuni\u00e3o reservada no in\u00edcio de mar\u00e7o.<\/p>\n<p>\u201cDiante da polariza\u00e7\u00e3o pol\u00edtica do pa\u00eds em 2026, compartilho que, em 27 de janeiro, durante uma conversa informal com o presidente Lula, de quase quatro horas no voo para o Panam\u00e1, discutimos o cen\u00e1rio pol\u00edtico brasileiro\u201d, relatou. \u201cNa semana passada, em reuni\u00e3o reservada com o presidente, a pedido tamb\u00e9m do vice-presidente Geraldo Alckmin, o presidente solicitou claramente que eu fosse candidata ao Senado por S\u00e3o Paulo.\u201d<\/p>\n<p>Antes de aceitar o convite, Tebet afirmou que precisava resolver uma quest\u00e3o pessoal. A m\u00e3e da ministra, \u00a0Fairte Nassar Tebet, ainda alimentava a expectativa de que ela continuasse disputando cargos em Mato Grosso do Sul. \u201cDecidi aceitar a miss\u00e3o ap\u00f3s obter a aprova\u00e7\u00e3o da minha m\u00e3e\u201d, contou. \u201cExpliquei a situa\u00e7\u00e3o a ela e ontem tomei a decis\u00e3o de cumprir o chamado.\u201d<\/p>\n<p>A ministra tamb\u00e9m ressaltou que mant\u00e9m la\u00e7os pessoais e acad\u00eamicos com S\u00e3o Paulo.<\/p>\n<blockquote><p>\u201cS\u00e3o Paulo representa uma ponte para mim. Foi onde fiz meu mestrado, onde constru\u00ed minha proje\u00e7\u00e3o pol\u00edtica e onde sempre visito minhas filhas.\u201d<\/p><\/blockquote>\n<p>Apesar do an\u00fancio da futura candidatura, Tebet ainda n\u00e3o definiu a filia\u00e7\u00e3o partid\u00e1ria, se continua ou n\u00e3o no MDB. O destino mais comentado nos bastidores hoje \u00e9 o PSB (Partido Socialista Brasileiro), de Alckimin.<\/p>\n<p>Segundo ela, a decis\u00e3o precisa ser tomada at\u00e9 o in\u00edcio de abril. A ministra tamb\u00e9m informou que deixar\u00e1 o cargo no governo federal para disputar a elei\u00e7\u00e3o. O prazo legal para desincompatibiliza\u00e7\u00e3o \u00e9 4 de abril, mas ela afirmou que pretende sair antes.<\/p>\n<blockquote><p>\u201cEm rela\u00e7\u00e3o \u00e0 minha sa\u00edda do governo, informo que o prazo final para deixar o Minist\u00e9rio \u00e9 4 de abril. Acredito que a transi\u00e7\u00e3o ocorrer\u00e1 at\u00e9 o final do m\u00eas\u201d, declarou.<\/p><\/blockquote>\n<p>O an\u00fancio ocorre poucos dias ap\u00f3s a divulga\u00e7\u00e3o de pesquisas eleitorais que colocam Tebet entre os nomes mais competitivos na disputa ao Senado em S\u00e3o Paulo, cen\u00e1rio que refor\u00e7ou as articula\u00e7\u00f5es para que ela concorra no maior col\u00e9gio eleitoral do pa\u00eds.<\/p>\n<pre>Com Campo Grande News<\/pre>\n","protected":false},"excerpt":{"rendered":"<p>Durante evento realizado nesta quinta-feira (12), em Campo Grande, a ministra do Planejamento, Simone Tebet, anunciou que pretende disputar uma vaga no Senado por S\u00e3o Paulo nas elei\u00e7\u00f5es de 2026. A decis\u00e3o marca uma mudan\u00e7a na trajet\u00f3ria pol\u00edtica da sul-mato-grossense, que construiu a carreira eleitoral em Mato Grosso do Sul e chegou a ocupar cargos [&hellip;]<\/p>\n","protected":false},"author":3,"featured_media":44390,"comment_status":"open","ping_status":"open","sticky":false,"template":"","format":"standard","meta":{"om_disable_all_campaigns":false,"_monsterinsights_skip_tracking":false,"_monsterinsights_sitenote_active":false,"_monsterinsights_sitenote_note":"","_monsterinsights_sitenote_category":0,"footnotes":""},"categories":[246,42],"tags":[],"aioseo_notices":[],"_links":{"self":[{"href":"https:\/\/expressaoms.com.br\/index.php\/wp-json\/wp\/v2\/posts\/44389"}],"collection":[{"href":"https:\/\/expressaoms.com.br\/index.php\/wp-json\/wp\/v2\/posts"}],"about":[{"href":"https:\/\/expressaoms.com.br\/index.php\/wp-json\/wp\/v2\/types\/post"}],"author":[{"embeddable":true,"href":"https:\/\/expressaoms.com.br\/index.php\/wp-json\/wp\/v2\/users\/3"}],"replies":[{"embeddable":true,"href":"https:\/\/expressaoms.com.br\/index.php\/wp-json\/wp\/v2\/comments?post=44389"}],"version-history":[{"count":1,"href":"https:\/\/expressaoms.com.br\/index.php\/wp-json\/wp\/v2\/posts\/44389\/revisions"}],"predecessor-version":[{"id":44391,"href":"https:\/\/expressaoms.com.br\/index.php\/wp-json\/wp\/v2\/posts\/44389\/revisions\/44391"}],"wp:featuredmedia":[{"embeddable":true,"href":"https:\/\/expressaoms.com.br\/index.php\/wp-json\/wp\/v2\/media\/44390"}],"wp:attachment":[{"href":"https:\/\/expressaoms.com.br\/index.php\/wp-json\/wp\/v2\/media?parent=44389"}],"wp:term":[{"taxonomy":"category","embeddable":true,"href":"https:\/\/expressaoms.com.br\/index.php\/wp-json\/wp\/v2\/categories?post=44389"},{"taxonomy":"post_tag","embeddable":true,"href":"https:\/\/expressaoms.com.br\/index.php\/wp-json\/wp\/v2\/tags?post=44389"}],"curies":[{"name":"wp","href":"https:\/\/api.w.org\/{rel}","templated":true}]}}