{"id":44392,"date":"2026-03-12T13:18:32","date_gmt":"2026-03-12T17:18:32","guid":{"rendered":"https:\/\/expressaoms.com.br\/?p=44392"},"modified":"2026-03-12T13:18:32","modified_gmt":"2026-03-12T17:18:32","slug":"novo-decreto-municipal-regulamenta-o-plano-de-contratacoes-anual-em-tres-lagoas","status":"publish","type":"post","link":"https:\/\/expressaoms.com.br\/index.php\/2026\/03\/12\/novo-decreto-municipal-regulamenta-o-plano-de-contratacoes-anual-em-tres-lagoas\/","title":{"rendered":"Novo decreto municipal regulamenta o plano de contrata\u00e7\u00f5es anual em Tr\u00eas Lagoas"},"content":{"rendered":"<p class=\"ds-markdown-paragraph\">A administra\u00e7\u00e3o p\u00fablica de Tr\u00eas Lagoas deu um passo significativo para a moderniza\u00e7\u00e3o de sua gest\u00e3o. Foi publicado no Di\u00e1rio Oficial da \u00faltima quinta-feira (12) o\u00a0Decreto N\u00ba 1.681, de 11 de mar\u00e7o de 2026, que regulamenta a elabora\u00e7\u00e3o do\u00a0Plano de Contrata\u00e7\u00f5es Anual (PCA)\u00a0no \u00e2mbito do Poder Executivo municipal, incluindo autarquias e funda\u00e7\u00f5es.<\/p>\n<p class=\"ds-markdown-paragraph\">Assinado pelo prefeito Cassiano Maia, o decreto estabelece as regras para que todos os \u00f3rg\u00e3os da administra\u00e7\u00e3o direta, aut\u00e1rquica e fundacional planejem com anteced\u00eancia as compras, obras e servi\u00e7os que pretendem contratar no exerc\u00edcio seguinte. A medida est\u00e1 alinhada com a Nova Lei de Licita\u00e7\u00f5es (Lei Federal n\u00ba 14.133\/2021) e revoga o decreto anterior de n\u00ba 1.221\/2025.<\/p>\n<h3>O que \u00e9 o PCA e qual seu objetivo?<\/h3>\n<p class=\"ds-markdown-paragraph\">O Plano de Contrata\u00e7\u00f5es Anual ser\u00e1 um documento oficial que consolidar\u00e1 todas as demandas que a Prefeitura, suas secretarias, fundos e entidades pretendem transformar em contrata\u00e7\u00f5es no ano seguinte. Mais do que uma formalidade, o PCA tem objetivos estrat\u00e9gicos, como:<\/p>\n<ul>\n<li>\n<p class=\"ds-markdown-paragraph\"><strong>Racionalizar gastos:<\/strong>\u00a0Promover compras centralizadas e compartilhadas entre diferentes secretarias para obter economia de escala e padronizar produtos e servi\u00e7os.<\/p>\n<\/li>\n<li>\n<p class=\"ds-markdown-paragraph\"><strong>Evitar o fracionamento de despesas:<\/strong>\u00a0Impedir que uma mesma compra seja parcelada para fugir da modalidade de licita\u00e7\u00e3o adequada.<\/p>\n<\/li>\n<li>\n<p class=\"ds-markdown-paragraph\"><strong>Alinhar-se ao or\u00e7amento:<\/strong>\u00a0Servir de subs\u00eddio para a elabora\u00e7\u00e3o das leis or\u00e7ament\u00e1rias, garantindo que o planejamento esteja de acordo com os recursos dispon\u00edveis.<\/p>\n<\/li>\n<li>\n<p class=\"ds-markdown-paragraph\"><strong>Dialogar com o mercado:<\/strong>\u00a0Sinalizar com anteced\u00eancia as inten\u00e7\u00f5es de compra do munic\u00edpio, permitindo que os fornecedores se preparem, o que aumenta a competitividade e a qualidade das propostas.<\/p>\n<\/li>\n<\/ul>\n<h3>Como vai funcionar na pr\u00e1tica?<\/h3>\n<p class=\"ds-markdown-paragraph\">O decreto define prazos e responsabilidades claras para a elabora\u00e7\u00e3o do plano. Para o ano de 2027, que ser\u00e1 o primeiro sob as novas regras, foi estabelecido um calend\u00e1rio de transi\u00e7\u00e3o.<\/p>\n<ul>\n<li>\n<p class=\"ds-markdown-paragraph\"><strong>Quem faz?<\/strong>\u00a0As \u00e1reas requisitantes (secretarias, fundos) preencher\u00e3o um\u00a0<strong>Documento de Formaliza\u00e7\u00e3o de Demanda (DFD\/PCA)<\/strong>, detalhando a justificativa, o objeto, a quantidade estimada, o valor preliminar e a prioridade da contrata\u00e7\u00e3o.<\/p>\n<\/li>\n<li>\n<p class=\"ds-markdown-paragraph\"><strong>Quem coordena?<\/strong>\u00a0Uma\u00a0<strong>Unidade de Planejamento de Contrata\u00e7\u00f5es (UPC)<\/strong>\u00a0ser\u00e1 respons\u00e1vel por consolidar todas as demandas, agrupar itens de mesma natureza para compras conjuntas e elaborar um calend\u00e1rio de contrata\u00e7\u00f5es.<\/p>\n<\/li>\n<li>\n<p class=\"ds-markdown-paragraph\"><strong>Quem aprova?<\/strong>\u00a0A autoridade competente de cada \u00f3rg\u00e3o (secret\u00e1rios, presidentes de autarquias) aprovar\u00e1 as contrata\u00e7\u00f5es previstas.<\/p>\n<\/li>\n<\/ul>\n<h3>Prazos de Transi\u00e7\u00e3o para 2026\/2027<\/h3>\n<p class=\"ds-markdown-paragraph\">Considerando que o decreto foi publicado agora, os prazos para a elabora\u00e7\u00e3o do PCA referente a 2027 foram ajustados:<\/p>\n<ul>\n<li>\n<p class=\"ds-markdown-paragraph\"><strong>At\u00e9 30 de abril de 2026:<\/strong>\u00a0As secretarias e fundos municipais devem elaborar, aprovar e enviar seus planos para a Unidade de Planejamento de Contrata\u00e7\u00f5es.<\/p>\n<\/li>\n<li>\n<p class=\"ds-markdown-paragraph\"><strong>At\u00e9 20 de maio de 2026:<\/strong>\u00a0A UPC consolidar\u00e1 as informa\u00e7\u00f5es e encaminhar\u00e1 o plano unificado para aprova\u00e7\u00e3o final do prefeito.<\/p>\n<\/li>\n<li>\n<p class=\"ds-markdown-paragraph\"><strong>At\u00e9 29 de maio de 2026:<\/strong>\u00a0O Prefeito Cassiano Maia aprovar\u00e1 o PCA, que ser\u00e1 publicado no Portal Nacional de Contrata\u00e7\u00f5es P\u00fablicas (PNCP) e no Portal da Transpar\u00eancia do munic\u00edpio.<\/p>\n<\/li>\n<\/ul>\n<p class=\"ds-markdown-paragraph\">O plano n\u00e3o \u00e9 um documento engessado. O decreto prev\u00ea per\u00edodos para revis\u00f5es e altera\u00e7\u00f5es, como em outubro e dezembro de 2026 para adequa\u00e7\u00e3o \u00e0 proposta or\u00e7ament\u00e1ria e ap\u00f3s a publica\u00e7\u00e3o da Lei Or\u00e7ament\u00e1ria Anual (LOA). Durante a execu\u00e7\u00e3o do ano de 2027, altera\u00e7\u00f5es s\u00f3 poder\u00e3o ocorrer mediante justificativa aprovada pela autoridade competente.<\/p>\n<p class=\"ds-markdown-paragraph\">Para garantir o cumprimento das metas, a UPC emitir\u00e1 relat\u00f3rios de riscos bimestrais (a partir de julho) para identificar itens do plano que correm o risco de n\u00e3o serem contratados, permitindo que a administra\u00e7\u00e3o tome medidas corretivas.<\/p>\n<p class=\"ds-markdown-paragraph\">Um dos pilares do novo decreto \u00e9 a publicidade. O PCA aprovado ser\u00e1 publicado no\u00a0Portal Nacional de Contrata\u00e7\u00f5es P\u00fablicas (PNCP)\u00a0e estar\u00e1 dispon\u00edvel para consulta no\u00a0Portal da Transpar\u00eancia da Prefeitura de Tr\u00eas Lagoas, permitindo que a popula\u00e7\u00e3o e os \u00f3rg\u00e3os de controle acompanhem as prioridades de compras do governo municipal.<\/p>\n<p class=\"ds-markdown-paragraph\">A medida entra em vigor na data de sua publica\u00e7\u00e3o, com a revoga\u00e7\u00e3o do decreto anterior, consolidando um novo marco no planejamento das contrata\u00e7\u00f5es p\u00fablicas em Tr\u00eas Lagoas<\/p>\n","protected":false},"excerpt":{"rendered":"<p>A administra\u00e7\u00e3o p\u00fablica de Tr\u00eas Lagoas deu um passo significativo para a moderniza\u00e7\u00e3o de sua gest\u00e3o. Foi publicado no Di\u00e1rio Oficial da \u00faltima quinta-feira (12) o\u00a0Decreto N\u00ba 1.681, de 11 de mar\u00e7o de 2026, que regulamenta a elabora\u00e7\u00e3o do\u00a0Plano de Contrata\u00e7\u00f5es Anual (PCA)\u00a0no \u00e2mbito do Poder Executivo municipal, incluindo autarquias e funda\u00e7\u00f5es. Assinado pelo prefeito [&hellip;]<\/p>\n","protected":false},"author":5,"featured_media":44393,"comment_status":"open","ping_status":"open","sticky":false,"template":"","format":"standard","meta":{"om_disable_all_campaigns":false,"_monsterinsights_skip_tracking":false,"_monsterinsights_sitenote_active":false,"_monsterinsights_sitenote_note":"","_monsterinsights_sitenote_category":0,"footnotes":""},"categories":[30,266,193,48],"tags":[],"aioseo_notices":[],"_links":{"self":[{"href":"https:\/\/expressaoms.com.br\/index.php\/wp-json\/wp\/v2\/posts\/44392"}],"collection":[{"href":"https:\/\/expressaoms.com.br\/index.php\/wp-json\/wp\/v2\/posts"}],"about":[{"href":"https:\/\/expressaoms.com.br\/index.php\/wp-json\/wp\/v2\/types\/post"}],"author":[{"embeddable":true,"href":"https:\/\/expressaoms.com.br\/index.php\/wp-json\/wp\/v2\/users\/5"}],"replies":[{"embeddable":true,"href":"https:\/\/expressaoms.com.br\/index.php\/wp-json\/wp\/v2\/comments?post=44392"}],"version-history":[{"count":1,"href":"https:\/\/expressaoms.com.br\/index.php\/wp-json\/wp\/v2\/posts\/44392\/revisions"}],"predecessor-version":[{"id":44394,"href":"https:\/\/expressaoms.com.br\/index.php\/wp-json\/wp\/v2\/posts\/44392\/revisions\/44394"}],"wp:featuredmedia":[{"embeddable":true,"href":"https:\/\/expressaoms.com.br\/index.php\/wp-json\/wp\/v2\/media\/44393"}],"wp:attachment":[{"href":"https:\/\/expressaoms.com.br\/index.php\/wp-json\/wp\/v2\/media?parent=44392"}],"wp:term":[{"taxonomy":"category","embeddable":true,"href":"https:\/\/expressaoms.com.br\/index.php\/wp-json\/wp\/v2\/categories?post=44392"},{"taxonomy":"post_tag","embeddable":true,"href":"https:\/\/expressaoms.com.br\/index.php\/wp-json\/wp\/v2\/tags?post=44392"}],"curies":[{"name":"wp","href":"https:\/\/api.w.org\/{rel}","templated":true}]}}