{"id":44398,"date":"2026-03-12T14:35:13","date_gmt":"2026-03-12T18:35:13","guid":{"rendered":"https:\/\/expressaoms.com.br\/?p=44398"},"modified":"2026-03-12T13:36:37","modified_gmt":"2026-03-12T17:36:37","slug":"planejamento-trecho-da-avenida-jary-mercante-recebe-recapeamento","status":"publish","type":"post","link":"https:\/\/expressaoms.com.br\/index.php\/2026\/03\/12\/planejamento-trecho-da-avenida-jary-mercante-recebe-recapeamento\/","title":{"rendered":"PLANEJAMENTO \u2013 Trecho da Avenida Jary Mercante recebe recapeamento"},"content":{"rendered":"<p>Com gest\u00e3o inteligente e organizada, a Prefeitura de Tr\u00eas Lagoas, por meio da Secretaria Municipal de Infraestrutura, Transporte e Tr\u00e2nsito (SEINTRA), realiza constantemente a\u00e7\u00f5es de recapeamento em diversas regi\u00f5es da cidade, evitando o surgimento de buracos e garantindo mais seguran\u00e7a e melhor trafegabilidade para motoristas e pedestres, al\u00e9m de economia aos cofres p\u00fablicos.<\/p>\n<p>Desta vez, a via que recebeu o servi\u00e7o foi a Avenida Jary Mercante, no trecho entre as avenidas Olyntho Mancini e Ros\u00e1rio Congro, totalizando cinco quarteir\u00f5es recapeados com m\u00e3o de obra, materiais e recursos pr\u00f3prios da Administra\u00e7\u00e3o Municipal. Inclusive, toda a sinaliza\u00e7\u00e3o horizontal tamb\u00e9m ser\u00e1 executada pela pr\u00f3pria administra\u00e7\u00e3o, sem necessidade de contrata\u00e7\u00e3o de terceirizadas.<\/p>\n<p>Nos \u00faltimos meses, outros importantes trechos da cidade tamb\u00e9m receberam melhorias semelhantes. Entre eles est\u00e1 o trecho da Avenida Filinto M\u00fcller, entre a Avenida Olyntho Mancini at\u00e9 a Rua Coronel Josino da Cunha Viana, com \u00e1rea aproximada de 8.838 m\u00b2 e extens\u00e3o de cerca de 1.090 metros, garantindo mais durabilidade ao pavimento e melhor mobilidade urbana.\u00a0<a href=\"https:\/\/www.treslagoas.ms.gov.br\/prefeitura-esta-recapeando-trecho-da-avenida-fillinto-muller\/\"><em><strong>VER MAIS SOBRE<\/strong><\/em><\/a><\/p>\n<p>Outro ponto contemplado foi o trecho da Avenida Rafael de Haro entre a Rua Cl\u00f3vis Bevil\u00e1qua e o acesso \u00e0 BR-262, que recebeu recapeamento em aproximadamente 1.569 metros de extens\u00e3o, totalizando 14.905,50 m\u00b2 de \u00e1rea recuperada, obra executada com recursos, maquin\u00e1rio e equipe pr\u00f3prios da Prefeitura, o que proporcionou mais efici\u00eancia e agilidade na conclus\u00e3o dos servi\u00e7os.\u00a0<em><strong><a href=\"https:\/\/www.treslagoas.ms.gov.br\/avenida-rafael-de-haro-recebe-mais-de-15km-de-recapeamento-asfaltico\/\">VER MAIS SOBRE<\/a><\/strong><\/em><\/p>\n<p>No bairro Vila S\u00e3o Jo\u00e3o, cerca de 35 quarteir\u00f5es foram beneficiados, somando aproximadamente 6.578 metros lineares de vias recuperadas, o equivalente a 6,5 quil\u00f4metros, com \u00e1rea estimada de 46.046 m\u00b2, conforme levantamento t\u00e9cnico preliminar.\u00a0<strong><em><a href=\"https:\/\/www.treslagoas.ms.gov.br\/prefeitura-conclui-recapeamento-total-do-bairro-vila-sao-joao\/\">VER MAIS SOBRE<\/a><\/em><\/strong><\/p>\n<p>Tamb\u00e9m foi executado recapeamento em trecho da Rua Elmano Soares, onde os servi\u00e7os abrangeram uma \u00e1rea aproximada de 3.870 m\u00b2, em extens\u00e3o de 430 metros, refor\u00e7ando o compromisso da Administra\u00e7\u00e3o Municipal com a manuten\u00e7\u00e3o e melhoria da malha vi\u00e1ria da cidade.\u00a0<em><strong><a href=\"https:\/\/www.treslagoas.ms.gov.br\/prefeitura-realiza-recapeamento-em-trecho-da-rua-elmano-soares\/\">VER MAIS SOBRE<\/a><\/strong><\/em><\/p>\n","protected":false},"excerpt":{"rendered":"<p>Com gest\u00e3o inteligente e organizada, a Prefeitura de Tr\u00eas Lagoas, por meio da Secretaria Municipal de Infraestrutura, Transporte e Tr\u00e2nsito (SEINTRA), realiza constantemente a\u00e7\u00f5es de recapeamento em diversas regi\u00f5es da cidade, evitando o surgimento de buracos e garantindo mais seguran\u00e7a e melhor trafegabilidade para motoristas e pedestres, al\u00e9m de economia aos cofres p\u00fablicos. Desta vez, [&hellip;]<\/p>\n","protected":false},"author":5,"featured_media":44399,"comment_status":"open","ping_status":"open","sticky":false,"template":"","format":"standard","meta":{"om_disable_all_campaigns":false,"_monsterinsights_skip_tracking":false,"_monsterinsights_sitenote_active":false,"_monsterinsights_sitenote_note":"","_monsterinsights_sitenote_category":0,"footnotes":""},"categories":[30,328,266,193,48],"tags":[],"aioseo_notices":[],"_links":{"self":[{"href":"https:\/\/expressaoms.com.br\/index.php\/wp-json\/wp\/v2\/posts\/44398"}],"collection":[{"href":"https:\/\/expressaoms.com.br\/index.php\/wp-json\/wp\/v2\/posts"}],"about":[{"href":"https:\/\/expressaoms.com.br\/index.php\/wp-json\/wp\/v2\/types\/post"}],"author":[{"embeddable":true,"href":"https:\/\/expressaoms.com.br\/index.php\/wp-json\/wp\/v2\/users\/5"}],"replies":[{"embeddable":true,"href":"https:\/\/expressaoms.com.br\/index.php\/wp-json\/wp\/v2\/comments?post=44398"}],"version-history":[{"count":1,"href":"https:\/\/expressaoms.com.br\/index.php\/wp-json\/wp\/v2\/posts\/44398\/revisions"}],"predecessor-version":[{"id":44400,"href":"https:\/\/expressaoms.com.br\/index.php\/wp-json\/wp\/v2\/posts\/44398\/revisions\/44400"}],"wp:featuredmedia":[{"embeddable":true,"href":"https:\/\/expressaoms.com.br\/index.php\/wp-json\/wp\/v2\/media\/44399"}],"wp:attachment":[{"href":"https:\/\/expressaoms.com.br\/index.php\/wp-json\/wp\/v2\/media?parent=44398"}],"wp:term":[{"taxonomy":"category","embeddable":true,"href":"https:\/\/expressaoms.com.br\/index.php\/wp-json\/wp\/v2\/categories?post=44398"},{"taxonomy":"post_tag","embeddable":true,"href":"https:\/\/expressaoms.com.br\/index.php\/wp-json\/wp\/v2\/tags?post=44398"}],"curies":[{"name":"wp","href":"https:\/\/api.w.org\/{rel}","templated":true}]}}