{"id":44404,"date":"2026-03-12T16:38:45","date_gmt":"2026-03-12T20:38:45","guid":{"rendered":"https:\/\/expressaoms.com.br\/?p=44404"},"modified":"2026-03-12T13:40:19","modified_gmt":"2026-03-12T17:40:19","slug":"via-de-acesso-a-marina-do-balneario-esta-sendo-alargada-e-recebera-pavimentacao","status":"publish","type":"post","link":"https:\/\/expressaoms.com.br\/index.php\/2026\/03\/12\/via-de-acesso-a-marina-do-balneario-esta-sendo-alargada-e-recebera-pavimentacao\/","title":{"rendered":"Via de acesso \u00e0 marina do Balne\u00e1rio est\u00e1 sendo alargada e receber\u00e1 pavimenta\u00e7\u00e3o"},"content":{"rendered":"<p>Sendo um dos principais pontos tur\u00edsticos e de lazer da cidade, o Balne\u00e1rio Municipal \u201cMiguel Jorge Tabox\u201d est\u00e1 recebendo mais uma melhoria importante. A rampa de acesso de barcos ao Rio Sucuri\u00fa est\u00e1 sendo alargada para receber pavimenta\u00e7\u00e3o, por meio de obra executada pela Secretaria Municipal de Infraestrutura, Transporte e Tr\u00e2nsito (SEINTRA).<\/p>\n<p>Conforme o secret\u00e1rio da pasta, Osmar Dias, a via passar\u00e1 a ser 100% pavimentada desde o portal de acesso \u2014 onde est\u00e1 localizada a administra\u00e7\u00e3o do recinto \u2014 at\u00e9 a margem do rio. \u201cAl\u00e9m disso, para possibilitar uma via de m\u00e3o dupla, foi necess\u00e1ria a remo\u00e7\u00e3o de um banheiro localizado nas proximidades e tamb\u00e9m do alambrado, que j\u00e1 seria retirado por estar desalinhado. Ap\u00f3s a conclus\u00e3o da pavimenta\u00e7\u00e3o, a estrutura de cercamento ser\u00e1 reinstalada\u201d, explicou o secret\u00e1rio.<\/p>\n<p>Com a via mais larga e pavimentada, o fluxo de ve\u00edculos se tornar\u00e1 mais seguro, permitindo o tr\u00e1fego simult\u00e2neo de subida e descida. A melhoria tamb\u00e9m contribui para uma organiza\u00e7\u00e3o est\u00e9tica do espa\u00e7o, que recebe turistas e, principalmente, a popula\u00e7\u00e3o local, especialmente nos dias de calor.<\/p>\n<p><strong>USO DA MARINA<\/strong><\/p>\n<p>Devido aos trabalhos de alargamento da via e \u00e0 terraplanagem \u2014 que exigem a movimenta\u00e7\u00e3o de m\u00e1quinas em um espa\u00e7o reduzido \u2014 o acesso \u00e0 marina permanecer\u00e1 temporariamente interditado. O local ser\u00e1 liberado novamente assim que as condi\u00e7\u00f5es de tr\u00e1fego forem restabelecidas.<\/p>\n","protected":false},"excerpt":{"rendered":"<p>Sendo um dos principais pontos tur\u00edsticos e de lazer da cidade, o Balne\u00e1rio Municipal \u201cMiguel Jorge Tabox\u201d est\u00e1 recebendo mais uma melhoria importante. A rampa de acesso de barcos ao Rio Sucuri\u00fa est\u00e1 sendo alargada para receber pavimenta\u00e7\u00e3o, por meio de obra executada pela Secretaria Municipal de Infraestrutura, Transporte e Tr\u00e2nsito (SEINTRA). Conforme o secret\u00e1rio [&hellip;]<\/p>\n","protected":false},"author":5,"featured_media":44405,"comment_status":"open","ping_status":"open","sticky":false,"template":"","format":"standard","meta":{"om_disable_all_campaigns":false,"_monsterinsights_skip_tracking":false,"_monsterinsights_sitenote_active":false,"_monsterinsights_sitenote_note":"","_monsterinsights_sitenote_category":0,"footnotes":""},"categories":[30,328,266,193,48],"tags":[],"aioseo_notices":[],"_links":{"self":[{"href":"https:\/\/expressaoms.com.br\/index.php\/wp-json\/wp\/v2\/posts\/44404"}],"collection":[{"href":"https:\/\/expressaoms.com.br\/index.php\/wp-json\/wp\/v2\/posts"}],"about":[{"href":"https:\/\/expressaoms.com.br\/index.php\/wp-json\/wp\/v2\/types\/post"}],"author":[{"embeddable":true,"href":"https:\/\/expressaoms.com.br\/index.php\/wp-json\/wp\/v2\/users\/5"}],"replies":[{"embeddable":true,"href":"https:\/\/expressaoms.com.br\/index.php\/wp-json\/wp\/v2\/comments?post=44404"}],"version-history":[{"count":1,"href":"https:\/\/expressaoms.com.br\/index.php\/wp-json\/wp\/v2\/posts\/44404\/revisions"}],"predecessor-version":[{"id":44406,"href":"https:\/\/expressaoms.com.br\/index.php\/wp-json\/wp\/v2\/posts\/44404\/revisions\/44406"}],"wp:featuredmedia":[{"embeddable":true,"href":"https:\/\/expressaoms.com.br\/index.php\/wp-json\/wp\/v2\/media\/44405"}],"wp:attachment":[{"href":"https:\/\/expressaoms.com.br\/index.php\/wp-json\/wp\/v2\/media?parent=44404"}],"wp:term":[{"taxonomy":"category","embeddable":true,"href":"https:\/\/expressaoms.com.br\/index.php\/wp-json\/wp\/v2\/categories?post=44404"},{"taxonomy":"post_tag","embeddable":true,"href":"https:\/\/expressaoms.com.br\/index.php\/wp-json\/wp\/v2\/tags?post=44404"}],"curies":[{"name":"wp","href":"https:\/\/api.w.org\/{rel}","templated":true}]}}